{"id":568,"date":"2025-10-12T21:58:35","date_gmt":"2025-10-12T18:58:35","guid":{"rendered":"https:\/\/www.kirsehirses.com\/?p=568"},"modified":"2025-10-12T21:58:35","modified_gmt":"2025-10-12T18:58:35","slug":"bahar-gelincigine","status":"publish","type":"post","link":"https:\/\/www.kirsehirses.com\/index.php\/2025\/10\/12\/bahar-gelincigine\/","title":{"rendered":"BAHAR GEL\u0130NC\u0130\u011e\u0130NE"},"content":{"rendered":"<p>BAHAR GEL\u0130NC\u0130\u011e\u0130NE<\/p>\n<p>K\u0131rlarda gelincikler boyun b\u00fckm\u00fc\u015f y\u00e2r i\u00e7in,<\/p>\n<p>Ben bahar\u0131 terk ettim ba\u015fka BAH\u00c2R i\u00e7in.<\/p>\n<p>Diyorlar ki: \u201cA\u011flamak sade vefak\u00e2r i\u00e7in\u2026\u201d<\/p>\n<p>Sevene y\u00fcz \u00e7eviren bir g\u00fczele ya\u015f niye?<\/p>\n<p>&nbsp;<\/p>\n<p>P\u0131narlar\u0131n ba\u015f\u0131nda \u00e7\u00f6llerce susuz kald\u0131m.<\/p>\n<p>Bitmeyen r\u00fcyalarda yine uykusuz kald\u0131m.<\/p>\n<p>Duygular denizinde b\u00f6yle duygusuz kald\u0131m.<\/p>\n<p>Hep ka\u00e7an hayal i\u00e7in g\u00f6n\u00fclle sava\u015f niye?<\/p>\n<p>&nbsp;<\/p>\n<p>H\u00e2l\u00e2 durgun sularda ak mart\u0131lar oyna\u015f\u0131r.<\/p>\n<p>H\u00e2l\u00e2 \u201cHac\u0131 Leylekler\u201d umut mektubu ta\u015f\u0131r.<\/p>\n<p>H\u00e2l\u00e2 sevgi ku\u015flar\u0131 y\u00e2r yurdunda dola\u015f\u0131r.<\/p>\n<p>Belki o da d\u00f6necek bu a\u011f\u0131t, tela\u015f niye?<\/p>\n<p>&nbsp;<\/p>\n<p>Kur\u015funlanan g\u00f6nl\u00fcmde aydan ayd\u0131n y\u00fcz sakl\u0131.<\/p>\n<p>Fikrimde, hayalimde bir \u00e7ift erik g\u00f6z sakl\u0131\u2026<\/p>\n<p>Sars\u0131lan haf\u0131zamda \u201ctutulmayan s\u00f6z\u201d sakl\u0131.<\/p>\n<p>T\u00fckenmi\u015f bir sevdaya sab\u0131r denen ta\u015f niye?<\/p>\n<p>&nbsp;<\/p>\n<p>Baharda gelincikler boyun b\u00fckm\u00fc\u015f, k\u0131\u015f m\u0131 var?<\/p>\n<p>Yoksa yar\u0131m bir a\u015fka mutlu bir \u00e7\u0131k\u0131\u015f m\u0131 var?<\/p>\n<p>\u201cOlmayacak d\u00f6n\u00fc\u015f\u201de dostlardan alk\u0131\u015f m\u0131 var?<\/p>\n<p>\u00d6l\u00fcme \u00e7eyrek kala \u201cd\u00fc\u011f\u00fcn, denen d\u00fc\u015f\u201d niye?<\/p>\n<p>&nbsp;<\/p>\n<p>\u00c7ERKEZ BOZDA\u011e<\/p>\n","protected":false},"excerpt":{"rendered":"<p>BAHAR GEL\u0130NC\u0130\u011e\u0130NE K\u0131rlarda gelincikler boyun b\u00fckm\u00fc\u015f y\u00e2r i\u00e7in, Ben bahar\u0131 terk ettim ba\u015fka BAH\u00c2R i\u00e7in. Diyorlar ki: \u201cA\u011flamak sade vefak\u00e2r i\u00e7in\u2026\u201d Sevene y\u00fcz \u00e7eviren bir g\u00fczele ya\u015f niye? &nbsp; P\u0131narlar\u0131n ba\u015f\u0131nda \u00e7\u00f6llerce susuz kald\u0131m. Bitmeyen r\u00fcyalarda yine uykusuz kald\u0131m. Duygular denizinde b\u00f6yle duygusuz kald\u0131m. Hep ka\u00e7an hayal i\u00e7in g\u00f6n\u00fclle sava\u015f niye? &nbsp; H\u00e2l\u00e2 durgun sularda [&hellip;]<\/p>\n","protected":false},"author":1,"featured_media":569,"comment_status":"open","ping_status":"open","sticky":false,"template":"","format":"standard","meta":{"footnotes":""},"categories":[8],"tags":[],"class_list":["post-568","post","type-post","status-publish","format-standard","has-post-thumbnail","hentry","category-kirsehir"],"_links":{"self":[{"href":"https:\/\/www.kirsehirses.com\/index.php\/wp-json\/wp\/v2\/posts\/568","targetHints":{"allow":["GET"]}}],"collection":[{"href":"https:\/\/www.kirsehirses.com\/index.php\/wp-json\/wp\/v2\/posts"}],"about":[{"href":"https:\/\/www.kirsehirses.com\/index.php\/wp-json\/wp\/v2\/types\/post"}],"author":[{"embeddable":true,"href":"https:\/\/www.kirsehirses.com\/index.php\/wp-json\/wp\/v2\/users\/1"}],"replies":[{"embeddable":true,"href":"https:\/\/www.kirsehirses.com\/index.php\/wp-json\/wp\/v2\/comments?post=568"}],"version-history":[{"count":1,"href":"https:\/\/www.kirsehirses.com\/index.php\/wp-json\/wp\/v2\/posts\/568\/revisions"}],"predecessor-version":[{"id":570,"href":"https:\/\/www.kirsehirses.com\/index.php\/wp-json\/wp\/v2\/posts\/568\/revisions\/570"}],"wp:featuredmedia":[{"embeddable":true,"href":"https:\/\/www.kirsehirses.com\/index.php\/wp-json\/wp\/v2\/media\/569"}],"wp:attachment":[{"href":"https:\/\/www.kirsehirses.com\/index.php\/wp-json\/wp\/v2\/media?parent=568"}],"wp:term":[{"taxonomy":"category","embeddable":true,"href":"https:\/\/www.kirsehirses.com\/index.php\/wp-json\/wp\/v2\/categories?post=568"},{"taxonomy":"post_tag","embeddable":true,"href":"https:\/\/www.kirsehirses.com\/index.php\/wp-json\/wp\/v2\/tags?post=568"}],"curies":[{"name":"wp","href":"https:\/\/api.w.org\/{rel}","templated":true}]}}