{"id":571,"date":"2025-10-14T02:10:32","date_gmt":"2025-10-13T23:10:32","guid":{"rendered":"https:\/\/www.kirsehirses.com\/?p=571"},"modified":"2025-10-15T17:19:23","modified_gmt":"2025-10-15T14:19:23","slug":"sessiz-bir-kultur-elcisi-hasmet-uzbilek","status":"publish","type":"post","link":"https:\/\/www.kirsehirses.com\/index.php\/2025\/10\/14\/sessiz-bir-kultur-elcisi-hasmet-uzbilek\/","title":{"rendered":"Sessiz Bir K\u00fclt\u00fcr El\u00e7isi: Ha\u015fmet Uzbilek"},"content":{"rendered":"<p style=\"text-align: left;\"><strong>Sessiz Bir K\u00fclt\u00fcr El\u00e7isi: Ha\u015fmet Uzbilek<\/strong><\/p>\n<p><span style=\"font-weight: 400;\">K\u0131r\u015fehir\u2019in sessiz haf\u0131zas\u0131nda, ad\u0131n\u0131 sayg\u0131yla anmam\u0131z gereken bir \u00e7ok isim var, onlardan birisi de Hasan Ha\u015fmet Uzbilek\u2026 Onun hayat\u0131, s\u0131radan bir ya\u015fam \u00f6yk\u00fcs\u00fcnden \u00e7ok daha fazlas\u0131d\u0131r. Emekle, sadakatle, k\u00fclt\u00fcre adanm\u0131\u015f bir \u00f6mr\u00fcn hik\u00e2yesidir.<\/span><\/p>\n<p><span style=\"font-weight: 400;\">K\u0131r\u015fehir\u2019in k\u00f6kl\u00fc ailelerinden Sar\u0131sakalo\u011fullar\u0131 s\u00fclalesinden olan Ha\u015fmet Uzbilek, Kola\u011fas\u0131 \u015eevket \u00c7avu\u015f\u2019un o\u011fludur. 1919 y\u0131l\u0131nda babas\u0131n\u0131n g\u00f6rev yapt\u0131\u011f\u0131 Sivrihisar\u2019da d\u00fcnyaya geldi. Hen\u00fcz 3 ya\u015f\u0131ndayken babas\u0131 yanan k\u00f6m\u00fcrden s\u0131zan gazdan hayat\u0131n\u0131 kaybedince annesiyle birlikte 1922 y\u0131l\u0131nda K\u0131r\u015fehir\u2019e d\u00f6nd\u00fc. Okul \u00e7a\u011f\u0131na gelince Orman M\u00fcd\u00fcr\u00fc olarak g\u00f6rev yapan day\u0131s\u0131 S\u00fcleyman Bey\u2019in yan\u0131na gitti. Manisa, Isparta ve Denizli\u2019de ilk ve ortaokula giderken\u00a0 liseyi yat\u0131l\u0131 olarak okudu.<\/span><\/p>\n<p><span style=\"font-weight: 400;\">1936 y\u0131l\u0131nda Nazilli\u2019de, S\u00fcmerbank Basma Fabrikas\u0131\u2019n\u0131n montaj\u0131nda Ruslarla \u00e7al\u0131\u015ft\u0131. Burada fabrikan\u0131n a\u00e7\u0131l\u0131\u015f\u0131n\u0131 yapan Gazi Mustafa Kemal Atat\u00fcrk\u2019\u00fc yak\u0131ndan g\u00f6rd\u00fc ve konu\u015fmas\u0131n\u0131 dinledi. 1941 y\u0131l\u0131nda Eski\u015fehir U\u00e7ak Ana Tamir At\u00f6lyesinde tornac\u0131 ustaba\u015f\u0131 olarak \u00e7al\u0131\u015ft\u0131.\u00a0<\/span><\/p>\n<p><span style=\"font-weight: 400;\">U\u00e7ak Tamir At\u00f6lyesinde \u00e7al\u0131\u015f\u0131rken Almanlar\u0131n hibe olarak verdikleri u\u00e7aklar\u0131n makineli t\u00fcfek ayarlar\u0131n\u0131 bozdu\u011fu ve deneme at\u0131\u015flar\u0131nda silahlar\u0131n hedefleri vurmad\u0131\u011f\u0131 tespit edildi. Bu konuya \u00e7are arayan fabrika komutan\u0131 s\u0131k\u0131nt\u0131y\u0131 anlat\u0131nca tornada yapt\u0131\u011f\u0131 silah par\u00e7as\u0131 ile ar\u0131zay\u0131 giderdi. Bu ba\u015far\u0131s\u0131ndan dolay\u0131 30 tay\u0131n (ekmek) ile \u00f6d\u00fcllendirildi. K\u0131tl\u0131\u011f\u0131n oldu\u011fu ve ekme\u011fin karne ile da\u011f\u0131t\u0131ld\u0131\u011f\u0131 zor g\u00fcnlerde evine 30 g\u00fcn bedava ekmek g\u00f6t\u00fcrd\u00fc.<\/span><\/p>\n<p><span style=\"font-weight: 400;\">Burada \u00e7al\u0131\u015f\u0131rken ak\u015famlar\u0131 da e\u011fitimine devam etti. 1945 y\u0131l\u0131nda K\u0131r\u015fehir Sanat Okulu\u2019nda \u00f6\u011fretmen olarak g\u00f6reve ba\u015flay\u0131p tesviye at\u00f6lyesinin unutulmaz \u015feflerinden biri olarak say\u0131s\u0131z gencin hayat\u0131na dokundu. 1957 y\u0131l\u0131nda Abdullah Arcan ile birlikte okul b\u00fcnyesinde Onix Ta\u015f \u0130\u015fleme At\u00f6lyesini kurdu. Ancak bir t\u00fcrl\u00fc istedikleri g\u00fczellikte cilalama i\u015fini yapam\u0131yorlard\u0131. Yapt\u0131klar\u0131 i\u015fler Hac\u0131bekta\u015f\u2019ta \u00fcretilen onix \u00fcr\u00fcnleri kadar parlak olmuyordu. Hac\u0131bekta\u015f\u2019ta yap\u0131lan cilal\u0131 parlak \u00fcr\u00fcnler \u00f6yle dikkat \u00e7ekiciydi ki onix ta\u015f\u0131n ad\u0131 bile Hac\u0131bekta\u015f Ta\u015f\u0131 olarak de\u011fi\u015fmi\u015fti. Abdullah hoca ile birlikte Hac\u0131bekta\u015f\u2019ta bu i\u015fin uzman\u0131 olan bir i\u015fyerini ziyarete gittiler. \u0130\u015fyeri sahibi sohbet ederken bir taraftan da ta\u015flar\u0131 cilal\u0131yordu. Ustay\u0131 takip ederek cila kar\u0131\u015f\u0131m\u0131n\u0131 nas\u0131l haz\u0131rlad\u0131\u011f\u0131n\u0131 g\u00f6ren ve hissettirmeden\u00a0 birka\u00e7 k\u00fc\u00e7\u00fck soru ile i\u015fin s\u0131rr\u0131n\u0131 \u00f6\u011frenen Uzbilek, d\u00f6n\u00fc\u015fte daha parlak ve g\u00f6z al\u0131c\u0131 \u00fcr\u00fcnler elde etmeye ba\u015flad\u0131. Hatta onix ile yapt\u0131klar\u0131 bir cami maketi, Hirfanl\u0131 Baraj\u0131\u2019n\u0131n a\u00e7\u0131l\u0131\u015f t\u00f6reni i\u00e7in K\u0131r\u015fehir\u2019e gelen d\u00f6nemin Ba\u015fbakan\u0131 Adnan Menderes\u2019e hediye edildi.<\/span><\/p>\n<p><span style=\"font-weight: 400;\">D\u00fcr\u00fcstl\u00fc\u011f\u00fc ve ahlakl\u0131 \u00e7al\u0131\u015fmay\u0131 kendisine \u015fiar edinen Uzbilek, hayat\u0131nda bu ilkelerden hi\u00e7 taviz vermedi. Eski ad\u0131yla Sanat Okullar\u0131 g\u00fcn\u00fcm\u00fczde de oldu\u011fu gibi \u00fclkemizin her k\u00f6\u015fesinde \u00fcretim yapar, deyim yerindeyse fabrika gibi \u00e7al\u0131\u015f\u0131rd\u0131. \u00dcretimleri kaliteli ve ayn\u0131 zamanda piyasaya g\u00f6re fiyat\u0131 daha uygundu. Yap\u0131lan i\u015flerin bedeli de D\u00f6ner Sermaye arac\u0131l\u0131\u011f\u0131yla tahsil ediliyordu.\u00a0<\/span><\/p>\n<p><span style=\"font-weight: 400;\">Burada Uzbilek\u2019in ya\u015fad\u0131\u011f\u0131 bir olay\u0131 anlatmak istiyorum. 1958 y\u0131l\u0131nda \u015fehrin tan\u0131nm\u0131\u015f ve iktidar partisinin K\u0131r\u015fehir te\u015fkilat\u0131nda etkin bir g\u00f6revde bulunan \u015fah\u0131s Sanat Okulu M\u00fcd\u00fcr\u00fcne giderek sipari\u015f verir. Okul M\u00fcd\u00fcr\u00fc Ha\u015fmet Hocay\u0131 \u00e7a\u011f\u0131r\u0131r beyefendiyi tan\u0131tarak sipari\u015finin en k\u0131sa s\u00fcrede haz\u0131rlanmas\u0131n\u0131 ister. Ama Ha\u015fmet Uzbilek bu talebi kabul etmez. S\u0131rada \u00e7ok sipari\u015f oldu\u011funu onlar\u0131 tamamlad\u0131ktan sonra yani s\u0131ras\u0131 geldi\u011finde \u00fcretilece\u011fini s\u00f6yler. Hatta sipari\u015f sahibinin t\u00fcm \u0131srarlar\u0131na, \u00fcst\u00fc kapal\u0131 tehditlerine ald\u0131r\u0131\u015f etmez. Ama d\u00f6nem sonunda 1959 y\u0131l\u0131nda Uzbilek Kars\u2019a tayin oldu\u011funu \u00f6\u011frenir. Tayinin sebebini bilmektedir ancak hi\u00e7 kimseye bir\u015fey s\u00f6ylemeden Kars\u2019a gitmek i\u00e7in haz\u0131rl\u0131\u011fa ba\u015flar. Konuyu bir ba\u015fkas\u0131ndan \u00f6\u011frenen Milli E\u011fitim Bakanl\u0131\u011f\u0131nda \u00fcst d\u00fczeyde g\u00f6rev yapan bir akrabalar\u0131 Kars tayinini Sivas olarak de\u011fi\u015ftirir. B\u00f6ylece Uzbilek 2 y\u0131l Sivas\u2019ta g\u00f6rev yapar ve 1961 y\u0131l\u0131nda yeniden K\u0131r\u015fehir Sanat Okulu\u2019ndaki g\u00f6revine d\u00f6ner.<\/span><\/p>\n<p><img loading=\"lazy\" decoding=\"async\" class=\"alignnone size-full wp-image-572\" src=\"https:\/\/www.kirsehirses.com\/wp-content\/uploads\/2025\/10\/Ekran-goruntusu-2025-10-12-182125.png\" alt=\"\" width=\"1017\" height=\"462\" srcset=\"https:\/\/www.kirsehirses.com\/wp-content\/uploads\/2025\/10\/Ekran-goruntusu-2025-10-12-182125.png 1017w, https:\/\/www.kirsehirses.com\/wp-content\/uploads\/2025\/10\/Ekran-goruntusu-2025-10-12-182125-300x136.png 300w, https:\/\/www.kirsehirses.com\/wp-content\/uploads\/2025\/10\/Ekran-goruntusu-2025-10-12-182125-768x349.png 768w\" sizes=\"auto, (max-width: 1017px) 100vw, 1017px\" \/><\/p>\n<p><span style=\"font-weight: 400;\">Ancak Ha\u015fmet Uzbilek\u2019in kimli\u011fi yaln\u0131zca bir \u00f6\u011fretmenlikle s\u0131n\u0131rl\u0131 de\u011fildi. O, ayn\u0131 zamanda K\u0131r\u015fehir&#8217;in k\u00fclt\u00fcrel belle\u011fini ta\u015f\u0131yan bir muhaf\u0131zd\u0131. 1961 y\u0131l\u0131nda kurulan K\u0131r\u015fehir Turizm Derne\u011fi\u2019nin ba\u015fkanl\u0131\u011f\u0131n\u0131 yapt\u0131. G\u00f6steri\u015ften uzak, sessiz sedas\u0131z \u00e7al\u0131\u015fan Uzbilek, Ahi Evran soyundan gelen Enver Karde\u015f \u2019ten kendisine intikal eden Ahi Evran Zaviyesi \u2019ne ait sancak, alem, \u015fecerename, m\u00fctteka, teber, Ahi K\u00fclah\u0131 gibi k\u0131ymetli e\u015fyalar\u0131n korunmas\u0131 g\u00f6revini \u00fcstleniyordu.\u00a0 B\u00fcy\u00fck bir kasada saklad\u0131\u011f\u0131 emanetleri her y\u0131l Ahilik Haftas\u0131\u2019nda sergileyip sonra b\u00fcy\u00fck bir titizlikle kilitli \u00e7elik kasada yeniden korumaya al\u0131yordu.<\/span><\/p>\n<p><span style=\"font-weight: 400;\">A\u015f\u0131kpa\u015fa G\u00fczelle\u015ftirme Derne\u011fi ba\u015fta olmak \u00fczere en az 10 derne\u011fin ba\u015fkanl\u0131\u011f\u0131n\u0131 y\u00fcr\u00fcten Ha\u015fmet Uzbilek, \u00f6zellikle k\u00f6yden gelen muhta\u00e7 \u00e7ocuklar\u0131n ihtiyac\u0131n\u0131 gideriyor. A\u015f\u0131k Pa\u015fa T\u00fcrbesi \u00f6n\u00fcnde alan olu\u015fturmak i\u00e7in mezarlar\u0131n sahiplerini bulup mezarl\u0131\u011f\u0131n ba\u015fka k\u00f6\u015fesine ta\u015f\u0131nmas\u0131n\u0131 sa\u011fl\u0131yor. Sahipsiz mezarlar\u0131n kald\u0131r\u0131lmas\u0131 ve t\u00fcrbenin \u00f6n\u00fcne duvar yap\u0131lmas\u0131, a\u011fa\u00e7land\u0131r\u0131lmas\u0131 i\u015flerinde arkada\u015flar\u0131 Mahmut ve \u0130lhan Alta\u015f, Mehmet Ate\u015f, Ali R\u0131za Okatan ve Mustafa Turp\u00e7u ile birlikte bizzat \u00e7al\u0131\u015f\u0131yorlar. Kerpi\u00e7 havlulu bir evin bah\u00e7esinde bulunan \u201cG\u00fcl\u015fehri\u2019nin\u201d bak\u0131ms\u0131z durumdaki kabrinin an\u0131t mezar haline getirilmesini sa\u011fl\u0131yorlar.<\/span><\/p>\n<p><span style=\"font-weight: 400;\">Belediye binas\u0131n\u0131n giri\u015f kat\u0131nda faaliyet g\u00f6steren dernek 12 Eyl\u00fcl 1980 Askeri Darbesi ile kapat\u0131l\u0131nca, maalesef kasan\u0131n kilidi k\u0131r\u0131larak i\u00e7indeki\u00a0 e\u015fyalar hen\u00fcz olu\u015fum a\u015famas\u0131nda bulunan K\u0131r\u015fehir M\u00fczesi\u2019ne verilmek \u00fczere Turizm M\u00fcd\u00fcrl\u00fc\u011f\u00fcne teslim ediliyor. Ama hala g\u00fcn\u00fcm\u00fczde bile kasada bulunan baz\u0131 eski eserlerin kayboldu\u011fu y\u00f6n\u00fcnde iddialar bulunmaktad\u0131r.<\/span><\/p>\n<p><span style=\"font-weight: 400;\">Derne\u011fin Genel Kurulunda d\u00f6nemin Turizm Derne\u011fi Ba\u015fkan\u0131 \u0130smail Karag\u00fcl taraf\u0131ndan okunan 1982-1983 y\u0131l\u0131 Faaliyet Raporunda bu hazin durum \u015f\u00f6yle \u00f6zetleniyor. \u201c\u2026 Bildi\u011finiz gibi Turizm Derne\u011fi 12 Eyl\u00fcl sonras\u0131 kapat\u0131lm\u0131\u015f, faaliyetleri durdurulmu\u015f, bu arada derne\u011fimizin g\u00f6zbebe\u011fi kasas\u0131 ve i\u00e7erisindeki malzemeler, turistik de\u011fere haiz e\u015fyalar zaman\u0131n Valisi taraf\u0131ndan K\u00fclt\u00fcr M\u00fcd\u00fcrl\u00fc\u011f\u00fc\u2019n\u00fcn k\u00f6m\u00fcrl\u00fc\u011f\u00fcne konulmu\u015ftur. Bu eserleri geri almak i\u00e7in M\u00fclki \u0130dareye yapm\u0131\u015f oldu\u011fumuz m\u00fcracaatlar sonu\u00e7suz kalm\u0131\u015f k\u0131ymetli eserlerimiz k\u00f6m\u00fcr deposunda \u00e7\u00fcr\u00fcmeye terkedilmi\u015ftir. Bu eserleri derne\u011fimizin bulundu\u011fu Ahi \u00c7ar\u015f\u0131s\u0131 2. kat\u0131nda sergilemek istiyoruz. \u201d\u00a0\u00a0\u00a0<\/span><\/p>\n<p><span style=\"font-weight: 400;\">Bu eserler daha sonra a\u00e7\u0131lan M\u00fczede sergilenmeye ba\u015flad\u0131. Ama \u00f6zellikle secerenameler, beratlar, vakfiyeler ve Ahi Sanca\u011f\u0131 eliniz de\u011fse ufalanacak\u00a0 durumdayd\u0131. D\u00f6nemin Valisi mesle\u011finin duayeni, k\u00fclt\u00fcr insan\u0131 M. L\u00fctfullah Bilgin, bu belgelerin orijinal halinin ve g\u00fcn\u00fcm\u00fcz diline \u00e7evirisinin kitapla\u015ft\u0131r\u0131lmas\u0131 konusunda beni g\u00f6revlendirdi. \u00c7ok detaya girmeden anlatacak olursam, K\u0131r\u015fehir Ahi Evran \u00dcniversitesi\u2019nden \u015fimdi her biri Profos\u00f6r olan de\u011ferli hocalar\u0131m\u0131z M. Fatih K\u00f6ksal, Orhan Kurto\u011flu, k\u0131sa s\u00fcre \u00f6nce kaybetti\u011fimiz Hasan Karak\u00f6se ve \u00d6zer \u015een\u00f6deyici taraf\u0131ndan g\u00fcn\u00fcm\u00fcz T\u00fcrk\u00e7esine \u00e7evrildi. Bizde Valili\u011fimiz imkanlar\u0131yla orijinal metinleri mikro film haline getirdik. Neticede, Ahilik belgeleri 2008 y\u0131l\u0131nda K\u0131r\u015fehir Valili\u011finin 28. K\u00fclt\u00fcr Hizmeti olarak yay\u0131nland\u0131.\u00a0<\/span><\/p>\n<p><span style=\"font-weight: 400;\">Yine de\u011ferli Valimiz, Ahi Sanca\u011f\u0131n\u0131n ayn\u0131s\u0131n\u0131 Ankara Olgunla\u015fma Enstit\u00fcs\u00fc\u2019ne 2 adet yapt\u0131rd\u0131. Birini sergilenmek \u00fczere K\u0131r\u015fehir M\u00fczesine, di\u011ferini de Esnaf ve Sanatkarlar Odalar\u0131 Birlik Ba\u015fkan\u0131 Bahamettin \u00d6zt\u00fcrk\u2019e hediye etti. Burada Say\u0131n Valimizi sayg\u0131yla yad ediyor, hizmetlerinin unutulmayaca\u011f\u0131n\u0131 ifade etmek istiyorum.\u00a0\u00a0<\/span><\/p>\n<p><span style=\"font-weight: 400;\">Yine burada, yay\u0131nlad\u0131\u011f\u0131 makale ile Ha\u015fmet Uzbilek\u2019ten bizleri haberdar eden Akademisyen H. H\u00fcseyin Bahad\u0131r hocam\u0131z\u0131, Ha\u015fmet Uzbilek\u2019in o\u011flu g\u00f6n\u00fcl insan\u0131, bizlere saatlerce babas\u0131yla ilgili bilgileri aktaran ve belge deste\u011finde bulunan de\u011ferli dostum, abim \u00d6zer Uzbilek\u2019e \u015f\u00fckranlar\u0131m\u0131 sunuyorum.<\/span><\/p>\n<p><span style=\"font-weight: 400;\">Yeniden Ha\u015fmet Uzbilek\u2018e d\u00f6necek olursak; Uzbilek,\u00a0 bu i\u015fleri hi\u00e7bir kar\u015f\u0131l\u0131k beklemeden yapt\u0131. Ahilik Bayram\u0131 organize edilirken cebinden harcad\u0131.<\/span><span style=\"font-weight: 400;\">\u00a0<\/span><span style=\"font-weight: 400;\">Ahilik Bayram\u0131 nedeniyle K\u0131r\u015fehir\u2019e gelen konuklar\u0131 kendisinin ve akrabalar\u0131n\u0131n evinde misafir etti. Bunun yan\u0131 s\u0131ra\u00a0 \u015fehre gelen ara\u015ft\u0131rmac\u0131 ve akademisyenlere rehberlik etti. <\/span><\/p>\n<p><span style=\"font-weight: 400;\">Alman arkeolog Dr. Urban\u2019a, Prof. S\u00fcreyya Faruki\u2019ye, S\u00fcheyl \u00dcnver\u2019e ve daha nice k\u00fclt\u00fcr merakl\u0131s\u0131na \u015fehrin k\u00fclt\u00fcrel miras\u0131n\u0131 aktard\u0131. D\u00f6nemin Valilerinden ve \u00f6nemli bilim insanlar\u0131ndan \u00e7ok say\u0131da takdir ve te\u015fekk\u00fcr belgeleri ald\u0131. 09 \u015eubat 1987 y\u0131l\u0131nda aram\u0131zdan ayr\u0131lan Uzbilek A\u015f\u0131kpa\u015fa mezarl\u0131\u011f\u0131na defnedildi.\u00a0<\/span><\/p>\n<p><span style=\"font-weight: 400;\">Ha\u015fmet Uzbilek, bir soka\u011fa ad\u0131 verilmemi\u015f, bir \u00f6d\u00fclle onurland\u0131r\u0131lmam\u0131\u015f olabilir. Ama o, K\u0131r\u015fehir\u2019in ruhuna ismini yazd\u0131rm\u0131\u015f bir g\u00f6n\u00fcl insan\u0131d\u0131r. Onun gibi (\u00d6zellikle b\u00f6yle hitap etmek istiyorum) k\u00fclt\u00fcr i\u015f\u00e7ileri sayesinde \u015fehirler ge\u00e7mi\u015fini unutmadan gelece\u011fe y\u00fcr\u00fcyebilir.\u00a0\u00a0<\/span><\/p>\n<p><span style=\"font-weight: 400;\">Ve biz, Ha\u015fmet Uzbilek\u2019i hat\u0131rlad\u0131k\u00e7a, asl\u0131nda kendimizi ve de\u011ferlerimizi de hat\u0131rlam\u0131\u015f oluruz.<\/span><\/p>\n","protected":false},"excerpt":{"rendered":"<p>Sessiz Bir K\u00fclt\u00fcr El\u00e7isi: Ha\u015fmet Uzbilek K\u0131r\u015fehir\u2019in sessiz haf\u0131zas\u0131nda, ad\u0131n\u0131 sayg\u0131yla anmam\u0131z gereken bir \u00e7ok isim var, onlardan birisi de Hasan Ha\u015fmet Uzbilek\u2026 Onun hayat\u0131, s\u0131radan bir ya\u015fam \u00f6yk\u00fcs\u00fcnden \u00e7ok daha fazlas\u0131d\u0131r. Emekle, sadakatle, k\u00fclt\u00fcre adanm\u0131\u015f bir \u00f6mr\u00fcn hik\u00e2yesidir. K\u0131r\u015fehir\u2019in k\u00f6kl\u00fc ailelerinden Sar\u0131sakalo\u011fullar\u0131 s\u00fclalesinden olan Ha\u015fmet Uzbilek, Kola\u011fas\u0131 \u015eevket \u00c7avu\u015f\u2019un o\u011fludur. 1919 y\u0131l\u0131nda babas\u0131n\u0131n g\u00f6rev [&hellip;]<\/p>\n","protected":false},"author":1,"featured_media":573,"comment_status":"open","ping_status":"open","sticky":false,"template":"","format":"standard","meta":{"footnotes":""},"categories":[8],"tags":[],"class_list":["post-571","post","type-post","status-publish","format-standard","has-post-thumbnail","hentry","category-kirsehir"],"_links":{"self":[{"href":"https:\/\/www.kirsehirses.com\/index.php\/wp-json\/wp\/v2\/posts\/571","targetHints":{"allow":["GET"]}}],"collection":[{"href":"https:\/\/www.kirsehirses.com\/index.php\/wp-json\/wp\/v2\/posts"}],"about":[{"href":"https:\/\/www.kirsehirses.com\/index.php\/wp-json\/wp\/v2\/types\/post"}],"author":[{"embeddable":true,"href":"https:\/\/www.kirsehirses.com\/index.php\/wp-json\/wp\/v2\/users\/1"}],"replies":[{"embeddable":true,"href":"https:\/\/www.kirsehirses.com\/index.php\/wp-json\/wp\/v2\/comments?post=571"}],"version-history":[{"count":2,"href":"https:\/\/www.kirsehirses.com\/index.php\/wp-json\/wp\/v2\/posts\/571\/revisions"}],"predecessor-version":[{"id":575,"href":"https:\/\/www.kirsehirses.com\/index.php\/wp-json\/wp\/v2\/posts\/571\/revisions\/575"}],"wp:featuredmedia":[{"embeddable":true,"href":"https:\/\/www.kirsehirses.com\/index.php\/wp-json\/wp\/v2\/media\/573"}],"wp:attachment":[{"href":"https:\/\/www.kirsehirses.com\/index.php\/wp-json\/wp\/v2\/media?parent=571"}],"wp:term":[{"taxonomy":"category","embeddable":true,"href":"https:\/\/www.kirsehirses.com\/index.php\/wp-json\/wp\/v2\/categories?post=571"},{"taxonomy":"post_tag","embeddable":true,"href":"https:\/\/www.kirsehirses.com\/index.php\/wp-json\/wp\/v2\/tags?post=571"}],"curies":[{"name":"wp","href":"https:\/\/api.w.org\/{rel}","templated":true}]}}