{"id":576,"date":"2025-10-17T01:18:39","date_gmt":"2025-10-16T22:18:39","guid":{"rendered":"https:\/\/www.kirsehirses.com\/?p=576"},"modified":"2025-10-17T01:18:39","modified_gmt":"2025-10-16T22:18:39","slug":"kirsehirde-pembe-festival-ile-farkindalik-yuruyusu","status":"publish","type":"post","link":"https:\/\/www.kirsehirses.com\/index.php\/2025\/10\/17\/kirsehirde-pembe-festival-ile-farkindalik-yuruyusu\/","title":{"rendered":"K\u0131r\u015fehir\u2019de \u201cPembe Festival\u201d ile Fark\u0131ndal\u0131k Y\u00fcr\u00fcy\u00fc\u015f\u00fc"},"content":{"rendered":"<p data-start=\"0\" data-end=\"59\"><strong data-start=\"0\" data-end=\"57\">K\u0131r\u015fehir\u2019de \u201cPembe Festival\u201d ile Fark\u0131ndal\u0131k Y\u00fcr\u00fcy\u00fc\u015f\u00fc<\/strong><\/p>\n<p data-start=\"0\" data-end=\"59\"><img loading=\"lazy\" decoding=\"async\" class=\"alignnone size-full wp-image-578\" src=\"https:\/\/www.kirsehirses.com\/wp-content\/uploads\/2025\/10\/G3IvMzlXwAEDnRM.jpeg\" alt=\"\" width=\"2048\" height=\"1365\" srcset=\"https:\/\/www.kirsehirses.com\/wp-content\/uploads\/2025\/10\/G3IvMzlXwAEDnRM.jpeg 2048w, https:\/\/www.kirsehirses.com\/wp-content\/uploads\/2025\/10\/G3IvMzlXwAEDnRM-300x200.jpeg 300w, https:\/\/www.kirsehirses.com\/wp-content\/uploads\/2025\/10\/G3IvMzlXwAEDnRM-1024x683.jpeg 1024w, https:\/\/www.kirsehirses.com\/wp-content\/uploads\/2025\/10\/G3IvMzlXwAEDnRM-768x512.jpeg 768w, https:\/\/www.kirsehirses.com\/wp-content\/uploads\/2025\/10\/G3IvMzlXwAEDnRM-1536x1024.jpeg 1536w\" sizes=\"auto, (max-width: 2048px) 100vw, 2048px\" \/><\/p>\n<p data-start=\"61\" data-end=\"428\">K\u0131r\u015fehir Kentpark\u2019ta, 1\u201331 Ekim Meme Kanseri Fark\u0131ndal\u0131k Ay\u0131 etkinlikleri kapsam\u0131nda \u201cPembe Festival\u201d d\u00fczenlendi. Valili\u011fimizin destekleriyle, \u0130l Sa\u011fl\u0131k M\u00fcd\u00fcrl\u00fc\u011f\u00fc ve Meme Sa\u011fl\u0131\u011f\u0131 Derne\u011fi i\u015f birli\u011finde ger\u00e7ekle\u015ftirilen etkinlikte, meme kanseri hakk\u0131nda toplumsal bilin\u00e7 olu\u015fturmak ve erken te\u015fhisin hayati \u00f6nemine dikkat \u00e7ekmek amac\u0131yla fark\u0131ndal\u0131k y\u00fcr\u00fcy\u00fc\u015f\u00fc yap\u0131ld\u0131.<\/p>\n<p data-start=\"430\" data-end=\"551\">\u201cPembe Festival\u201d, sadece bir etkinlik de\u011fil, kad\u0131nlar\u0131n sa\u011fl\u0131\u011f\u0131na adanm\u0131\u015f g\u00fc\u00e7l\u00fc bir dayan\u0131\u015fma \u00e7a\u011fr\u0131s\u0131 niteli\u011fi ta\u015f\u0131yor.<\/p>\n<p data-start=\"553\" data-end=\"715\" data-is-last-node=\"\" data-is-only-node=\"\">K\u0131r\u015fehir Valili\u011fi olarak, ilimizde ya\u015fayan t\u00fcm vatanda\u015flar\u0131m\u0131z\u0131n sa\u011fl\u0131kl\u0131, bilin\u00e7li ve umut dolu bir ya\u015fam s\u00fcrmesi i\u00e7in \u00e7al\u0131\u015fmalar\u0131m\u0131z\u0131 kararl\u0131l\u0131kla s\u00fcrd\u00fcrece\u011fiz.<\/p>\n","protected":false},"excerpt":{"rendered":"<p>K\u0131r\u015fehir\u2019de \u201cPembe Festival\u201d ile Fark\u0131ndal\u0131k Y\u00fcr\u00fcy\u00fc\u015f\u00fc K\u0131r\u015fehir Kentpark\u2019ta, 1\u201331 Ekim Meme Kanseri Fark\u0131ndal\u0131k Ay\u0131 etkinlikleri kapsam\u0131nda \u201cPembe Festival\u201d d\u00fczenlendi. Valili\u011fimizin destekleriyle, \u0130l Sa\u011fl\u0131k M\u00fcd\u00fcrl\u00fc\u011f\u00fc ve Meme Sa\u011fl\u0131\u011f\u0131 Derne\u011fi i\u015f birli\u011finde ger\u00e7ekle\u015ftirilen etkinlikte, meme kanseri hakk\u0131nda toplumsal bilin\u00e7 olu\u015fturmak ve erken te\u015fhisin hayati \u00f6nemine dikkat \u00e7ekmek amac\u0131yla fark\u0131ndal\u0131k y\u00fcr\u00fcy\u00fc\u015f\u00fc yap\u0131ld\u0131. \u201cPembe Festival\u201d, sadece bir etkinlik de\u011fil, [&hellip;]<\/p>\n","protected":false},"author":1,"featured_media":577,"comment_status":"open","ping_status":"open","sticky":false,"template":"","format":"standard","meta":{"footnotes":""},"categories":[8],"tags":[],"class_list":["post-576","post","type-post","status-publish","format-standard","has-post-thumbnail","hentry","category-kirsehir"],"_links":{"self":[{"href":"https:\/\/www.kirsehirses.com\/index.php\/wp-json\/wp\/v2\/posts\/576","targetHints":{"allow":["GET"]}}],"collection":[{"href":"https:\/\/www.kirsehirses.com\/index.php\/wp-json\/wp\/v2\/posts"}],"about":[{"href":"https:\/\/www.kirsehirses.com\/index.php\/wp-json\/wp\/v2\/types\/post"}],"author":[{"embeddable":true,"href":"https:\/\/www.kirsehirses.com\/index.php\/wp-json\/wp\/v2\/users\/1"}],"replies":[{"embeddable":true,"href":"https:\/\/www.kirsehirses.com\/index.php\/wp-json\/wp\/v2\/comments?post=576"}],"version-history":[{"count":1,"href":"https:\/\/www.kirsehirses.com\/index.php\/wp-json\/wp\/v2\/posts\/576\/revisions"}],"predecessor-version":[{"id":579,"href":"https:\/\/www.kirsehirses.com\/index.php\/wp-json\/wp\/v2\/posts\/576\/revisions\/579"}],"wp:featuredmedia":[{"embeddable":true,"href":"https:\/\/www.kirsehirses.com\/index.php\/wp-json\/wp\/v2\/media\/577"}],"wp:attachment":[{"href":"https:\/\/www.kirsehirses.com\/index.php\/wp-json\/wp\/v2\/media?parent=576"}],"wp:term":[{"taxonomy":"category","embeddable":true,"href":"https:\/\/www.kirsehirses.com\/index.php\/wp-json\/wp\/v2\/categories?post=576"},{"taxonomy":"post_tag","embeddable":true,"href":"https:\/\/www.kirsehirses.com\/index.php\/wp-json\/wp\/v2\/tags?post=576"}],"curies":[{"name":"wp","href":"https:\/\/api.w.org\/{rel}","templated":true}]}}