{"id":588,"date":"2025-10-17T01:26:20","date_gmt":"2025-10-16T22:26:20","guid":{"rendered":"https:\/\/www.kirsehirses.com\/?p=588"},"modified":"2025-10-17T01:26:20","modified_gmt":"2025-10-16T22:26:20","slug":"il-koordinasyon-kurulu-2025-yili-4-toplantisi-gerceklestirildi","status":"publish","type":"post","link":"https:\/\/www.kirsehirses.com\/index.php\/2025\/10\/17\/il-koordinasyon-kurulu-2025-yili-4-toplantisi-gerceklestirildi\/","title":{"rendered":"\u0130l Koordinasyon Kurulu 2025 Y\u0131l\u0131 4. Toplant\u0131s\u0131 Ger\u00e7ekle\u015ftirildi"},"content":{"rendered":"<p data-start=\"0\" data-end=\"69\"><strong data-start=\"0\" data-end=\"67\">\u0130l Koordinasyon Kurulu 2025 Y\u0131l\u0131 4. Toplant\u0131s\u0131 Ger\u00e7ekle\u015ftirildi<\/strong><\/p>\n<p data-start=\"0\" data-end=\"69\"><img loading=\"lazy\" decoding=\"async\" class=\"alignnone size-full wp-image-589\" src=\"https:\/\/www.kirsehirses.com\/wp-content\/uploads\/2025\/10\/KVF_9240.jpg\" alt=\"\" width=\"1500\" height=\"1000\" srcset=\"https:\/\/www.kirsehirses.com\/wp-content\/uploads\/2025\/10\/KVF_9240.jpg 1500w, https:\/\/www.kirsehirses.com\/wp-content\/uploads\/2025\/10\/KVF_9240-300x200.jpg 300w, https:\/\/www.kirsehirses.com\/wp-content\/uploads\/2025\/10\/KVF_9240-1024x683.jpg 1024w, https:\/\/www.kirsehirses.com\/wp-content\/uploads\/2025\/10\/KVF_9240-768x512.jpg 768w\" sizes=\"auto, (max-width: 1500px) 100vw, 1500px\" \/><\/p>\n<p data-start=\"71\" data-end=\"269\">K\u0131r\u015fehir\u2019de <strong data-start=\"83\" data-end=\"133\">\u0130l Koordinasyon Kurulu 2025 Y\u0131l\u0131 4. Toplant\u0131s\u0131<\/strong>, Valimiz <strong data-start=\"143\" data-end=\"174\">Say\u0131n Murat Sefa Demiry\u00fcrek<\/strong> ba\u015fkanl\u0131\u011f\u0131nda, yat\u0131r\u0131mc\u0131 kamu kurum ve kurulu\u015f temsilcilerinin kat\u0131l\u0131m\u0131yla ger\u00e7ekle\u015ftirildi.<\/p>\n<p data-start=\"271\" data-end=\"487\"><strong data-start=\"271\" data-end=\"296\">GAMER Toplant\u0131 Salonu<\/strong>\u2019nda d\u00fczenlenen toplant\u0131n\u0131n a\u00e7\u0131l\u0131\u015f konu\u015fmas\u0131n\u0131 yapan Vali Demiry\u00fcrek, kurumlar aras\u0131 i\u015f birli\u011fi ve koordinasyonun \u00f6nemine vurgu yapt\u0131.<br data-start=\"430\" data-end=\"433\" \/>Vali Demiry\u00fcrek konu\u015fmas\u0131nda \u015fu ifadelere yer verdi:<\/p>\n<blockquote data-start=\"488\" data-end=\"1003\">\n<p data-start=\"490\" data-end=\"1003\">\u201cYat\u0131r\u0131mc\u0131 kamu kurum ve kurulu\u015flar\u0131m\u0131z\u0131n ilimiz \u00f6l\u00e7e\u011finde y\u00fcr\u00fctt\u00fc\u011f\u00fc projeler hakk\u0131nda bilgi almak ve kurumlar aras\u0131 koordinasyonu g\u00fc\u00e7lendirmek amac\u0131yla bir araday\u0131z. \u0130l Yat\u0131r\u0131m Takip Sistemi verilerine g\u00f6re 2025 y\u0131l\u0131 Eyl\u00fcl ay\u0131 sonu itibar\u0131yla, ilimizde yat\u0131r\u0131mc\u0131 kurulu\u015flar\u0131n <strong data-start=\"767\" data-end=\"782\">127 projesi<\/strong> programlarda yer almakta olup, bu projelerin toplam tutar\u0131 <strong data-start=\"842\" data-end=\"869\">22 milyar 949 milyon TL<\/strong>\u2019dir. Bug\u00fcne kadar <strong data-start=\"888\" data-end=\"914\">9 milyar 856 milyon TL<\/strong> harcama yap\u0131lm\u0131\u015ft\u0131r. 127 projeden <strong data-start=\"949\" data-end=\"970\">16\u2019s\u0131 tamamlanm\u0131\u015f<\/strong>, <strong data-start=\"972\" data-end=\"1002\">82 proje devam etmektedir.<\/strong>\u201d<\/p>\n<\/blockquote>\n<p data-start=\"1005\" data-end=\"1360\">Vali Demiry\u00fcrek, yat\u0131r\u0131mlar\u0131n hedeflenen s\u00fcrelerde tamamlanmas\u0131 i\u00e7in denetim ve takip \u00e7al\u0131\u015fmalar\u0131n\u0131n titizlikle s\u00fcrd\u00fcr\u00fcld\u00fc\u011f\u00fcn\u00fc belirterek, \u201cT\u00fcm \u00e7al\u0131\u015fmalar\u0131m\u0131z\u0131n merkezinde, K\u0131r\u015fehir\u2019i daha ileriye ta\u015f\u0131mak ve hem\u015fehrilerimize daha kaliteli bir ya\u015fam sunmak amac\u0131 vard\u0131r. Eme\u011fi ge\u00e7en t\u00fcm kurum temsilcilerine ve b\u00f6lge m\u00fcd\u00fcrlerine te\u015fekk\u00fcr ediyorum.\u201d dedi.<\/p>\n<p data-start=\"1362\" data-end=\"1521\" data-is-last-node=\"\" data-is-only-node=\"\">Toplant\u0131da, <strong data-start=\"1374\" data-end=\"1441\">K\u0131r\u015fehir genelinde devam eden kamu yat\u0131r\u0131mlar\u0131n\u0131n g\u00fcncel durumu<\/strong> ele al\u0131n\u0131rken, <strong data-start=\"1457\" data-end=\"1507\">kurumlar aras\u0131 koordinasyon gerektiren konular<\/strong> da g\u00f6r\u00fc\u015f\u00fcld\u00fc.<\/p>\n","protected":false},"excerpt":{"rendered":"<p>\u0130l Koordinasyon Kurulu 2025 Y\u0131l\u0131 4. Toplant\u0131s\u0131 Ger\u00e7ekle\u015ftirildi K\u0131r\u015fehir\u2019de \u0130l Koordinasyon Kurulu 2025 Y\u0131l\u0131 4. Toplant\u0131s\u0131, Valimiz Say\u0131n Murat Sefa Demiry\u00fcrek ba\u015fkanl\u0131\u011f\u0131nda, yat\u0131r\u0131mc\u0131 kamu kurum ve kurulu\u015f temsilcilerinin kat\u0131l\u0131m\u0131yla ger\u00e7ekle\u015ftirildi. GAMER Toplant\u0131 Salonu\u2019nda d\u00fczenlenen toplant\u0131n\u0131n a\u00e7\u0131l\u0131\u015f konu\u015fmas\u0131n\u0131 yapan Vali Demiry\u00fcrek, kurumlar aras\u0131 i\u015f birli\u011fi ve koordinasyonun \u00f6nemine vurgu yapt\u0131.Vali Demiry\u00fcrek konu\u015fmas\u0131nda \u015fu ifadelere yer verdi: [&hellip;]<\/p>\n","protected":false},"author":1,"featured_media":589,"comment_status":"open","ping_status":"open","sticky":false,"template":"","format":"standard","meta":{"footnotes":""},"categories":[8],"tags":[],"class_list":["post-588","post","type-post","status-publish","format-standard","has-post-thumbnail","hentry","category-kirsehir"],"_links":{"self":[{"href":"https:\/\/www.kirsehirses.com\/index.php\/wp-json\/wp\/v2\/posts\/588","targetHints":{"allow":["GET"]}}],"collection":[{"href":"https:\/\/www.kirsehirses.com\/index.php\/wp-json\/wp\/v2\/posts"}],"about":[{"href":"https:\/\/www.kirsehirses.com\/index.php\/wp-json\/wp\/v2\/types\/post"}],"author":[{"embeddable":true,"href":"https:\/\/www.kirsehirses.com\/index.php\/wp-json\/wp\/v2\/users\/1"}],"replies":[{"embeddable":true,"href":"https:\/\/www.kirsehirses.com\/index.php\/wp-json\/wp\/v2\/comments?post=588"}],"version-history":[{"count":1,"href":"https:\/\/www.kirsehirses.com\/index.php\/wp-json\/wp\/v2\/posts\/588\/revisions"}],"predecessor-version":[{"id":590,"href":"https:\/\/www.kirsehirses.com\/index.php\/wp-json\/wp\/v2\/posts\/588\/revisions\/590"}],"wp:featuredmedia":[{"embeddable":true,"href":"https:\/\/www.kirsehirses.com\/index.php\/wp-json\/wp\/v2\/media\/589"}],"wp:attachment":[{"href":"https:\/\/www.kirsehirses.com\/index.php\/wp-json\/wp\/v2\/media?parent=588"}],"wp:term":[{"taxonomy":"category","embeddable":true,"href":"https:\/\/www.kirsehirses.com\/index.php\/wp-json\/wp\/v2\/categories?post=588"},{"taxonomy":"post_tag","embeddable":true,"href":"https:\/\/www.kirsehirses.com\/index.php\/wp-json\/wp\/v2\/tags?post=588"}],"curies":[{"name":"wp","href":"https:\/\/api.w.org\/{rel}","templated":true}]}}