{"id":591,"date":"2025-10-17T01:27:45","date_gmt":"2025-10-16T22:27:45","guid":{"rendered":"https:\/\/www.kirsehirses.com\/?p=591"},"modified":"2025-10-17T01:27:45","modified_gmt":"2025-10-16T22:27:45","slug":"kirsehir-ahi-evran-universitesi-ogrencilerinden-avrupa-ve-balkan-sampiyonluklari","status":"publish","type":"post","link":"https:\/\/www.kirsehirses.com\/index.php\/2025\/10\/17\/kirsehir-ahi-evran-universitesi-ogrencilerinden-avrupa-ve-balkan-sampiyonluklari\/","title":{"rendered":"K\u0131r\u015fehir Ahi Evran \u00dcniversitesi \u00d6\u011frencilerinden Avrupa ve Balkan \u015eampiyonluklar\u0131"},"content":{"rendered":"<p data-start=\"0\" data-end=\"86\"><strong data-start=\"0\" data-end=\"84\">K\u0131r\u015fehir Ahi Evran \u00dcniversitesi \u00d6\u011frencilerinden Avrupa ve Balkan \u015eampiyonluklar\u0131<\/strong><\/p>\n<p data-start=\"0\" data-end=\"86\"><img loading=\"lazy\" decoding=\"async\" class=\"alignnone size-full wp-image-592\" src=\"https:\/\/www.kirsehirses.com\/wp-content\/uploads\/2025\/10\/WhatsApp-Image-2025-10-16-at-13.43.57-3.jpeg\" alt=\"\" width=\"1000\" height=\"666\" srcset=\"https:\/\/www.kirsehirses.com\/wp-content\/uploads\/2025\/10\/WhatsApp-Image-2025-10-16-at-13.43.57-3.jpeg 1000w, https:\/\/www.kirsehirses.com\/wp-content\/uploads\/2025\/10\/WhatsApp-Image-2025-10-16-at-13.43.57-3-300x200.jpeg 300w, https:\/\/www.kirsehirses.com\/wp-content\/uploads\/2025\/10\/WhatsApp-Image-2025-10-16-at-13.43.57-3-768x511.jpeg 768w\" sizes=\"auto, (max-width: 1000px) 100vw, 1000px\" \/><\/p>\n<p data-start=\"88\" data-end=\"237\">Spora ve sporcuya her zaman destek veren <strong data-start=\"129\" data-end=\"164\">K\u0131r\u015fehir Ahi Evran \u00dcniversitesi<\/strong>, \u00f6\u011frencilerinin uluslararas\u0131 ba\u015far\u0131lar\u0131yla gurur duymaya devam ediyor.<\/p>\n<p data-start=\"239\" data-end=\"611\">\u00dcniversitemiz <strong data-start=\"253\" data-end=\"344\">Spor Bilimleri Fak\u00fcltesi Antren\u00f6rl\u00fck E\u011fitimi B\u00f6l\u00fcm\u00fc 1. s\u0131n\u0131f \u00f6\u011frencisi Yonca G\u00fcl Y\u0131lmaz<\/strong>, \u00c7ekya\u2019n\u0131n Ostrava kentinde d\u00fczenlenen <strong data-start=\"384\" data-end=\"460\">Gen\u00e7ler Avrupa Boks \u015eampiyonas\u0131\u2019nda 70 kg kategorisinde Avrupa \u015eampiyonu<\/strong> oldu. Ayn\u0131 \u015fampiyonada <strong data-start=\"484\" data-end=\"540\">Antren\u00f6rl\u00fck B\u00f6l\u00fcm\u00fc 2. s\u0131n\u0131f \u00f6\u011frencisi Sude Nur Aslan<\/strong> da <strong data-start=\"544\" data-end=\"599\">75 kg kategorisinde \u00e7eyrek finale y\u00fckselme ba\u015far\u0131s\u0131<\/strong> g\u00f6sterdi.<\/p>\n<p data-start=\"613\" data-end=\"1020\">Avrupa \u015fampiyonas\u0131ndaki ba\u015far\u0131lar\u0131n yan\u0131 s\u0131ra, <strong data-start=\"660\" data-end=\"687\">Romanya\u2019n\u0131n Cluj Napoca<\/strong> kentinde ger\u00e7ekle\u015ftirilen <strong data-start=\"714\" data-end=\"746\">U20 Balkan G\u00fcre\u015f \u015eampiyonas\u0131<\/strong>\u2019nda da \u00f6\u011frencilerimizden <strong data-start=\"772\" data-end=\"790\">B\u00fc\u015franur \u00d6zmez<\/strong>, <strong data-start=\"792\" data-end=\"838\">kad\u0131nlar 55 kg kategorisinde alt\u0131n madalya<\/strong> kazand\u0131. Milli tak\u0131mda yer alan \u00d6zmez\u2019in \u00fcst\u00fcn performans\u0131n\u0131n yan\u0131 s\u0131ra, T\u00fcrkiye Serbest, Grekoromen ve Kad\u0131nlar Milli Tak\u0131mlar\u0131 da <strong data-start=\"971\" data-end=\"1012\">\u00fc\u00e7 kategoride birden Balkan \u015eampiyonu<\/strong> oldu.<\/p>\n<p data-start=\"1022\" data-end=\"1203\">\u00dcniversitemiz Rekt\u00f6r\u00fc <strong data-start=\"1044\" data-end=\"1083\">Prof. Dr. Mustafa Kas\u0131m Karahocagil<\/strong>, \u00f6\u011frencilerimizin uluslararas\u0131 arenadaki ba\u015far\u0131lar\u0131ndan b\u00fcy\u00fck mutluluk duyduklar\u0131n\u0131 belirterek \u015fu ifadelerde bulundu:<\/p>\n<blockquote data-start=\"1204\" data-end=\"1457\">\n<p data-start=\"1206\" data-end=\"1457\">\u201cK\u0131r\u015fehir Ahi Evran \u00dcniversitesi olarak \u00f6\u011frencilerimizin her zaman yan\u0131nday\u0131z. Onlar\u0131n azmi, disiplini ve ba\u015far\u0131s\u0131 bizler i\u00e7in b\u00fcy\u00fck bir gurur kayna\u011f\u0131. Sporcular\u0131m\u0131z\u0131 tebrik ediyor, \u00e7al\u0131\u015fmalar\u0131nda ve kariyerlerinde ba\u015far\u0131lar\u0131n\u0131n devam\u0131n\u0131 diliyorum.\u201d<\/p>\n<\/blockquote>\n<p data-start=\"1459\" data-end=\"1603\" data-is-last-node=\"\" data-is-only-node=\"\">K\u0131r\u015fehir Ahi Evran \u00dcniversitesi, spora ve gen\u00e7 sporculara verdi\u011fi destekle ulusal ve uluslararas\u0131 ba\u015far\u0131lar\u0131n artarak devam etmesini hedefliyor.<\/p>\n","protected":false},"excerpt":{"rendered":"<p>K\u0131r\u015fehir Ahi Evran \u00dcniversitesi \u00d6\u011frencilerinden Avrupa ve Balkan \u015eampiyonluklar\u0131 Spora ve sporcuya her zaman destek veren K\u0131r\u015fehir Ahi Evran \u00dcniversitesi, \u00f6\u011frencilerinin uluslararas\u0131 ba\u015far\u0131lar\u0131yla gurur duymaya devam ediyor. \u00dcniversitemiz Spor Bilimleri Fak\u00fcltesi Antren\u00f6rl\u00fck E\u011fitimi B\u00f6l\u00fcm\u00fc 1. s\u0131n\u0131f \u00f6\u011frencisi Yonca G\u00fcl Y\u0131lmaz, \u00c7ekya\u2019n\u0131n Ostrava kentinde d\u00fczenlenen Gen\u00e7ler Avrupa Boks \u015eampiyonas\u0131\u2019nda 70 kg kategorisinde Avrupa \u015eampiyonu oldu. Ayn\u0131 [&hellip;]<\/p>\n","protected":false},"author":1,"featured_media":592,"comment_status":"open","ping_status":"open","sticky":false,"template":"","format":"standard","meta":{"footnotes":""},"categories":[8],"tags":[],"class_list":["post-591","post","type-post","status-publish","format-standard","has-post-thumbnail","hentry","category-kirsehir"],"_links":{"self":[{"href":"https:\/\/www.kirsehirses.com\/index.php\/wp-json\/wp\/v2\/posts\/591","targetHints":{"allow":["GET"]}}],"collection":[{"href":"https:\/\/www.kirsehirses.com\/index.php\/wp-json\/wp\/v2\/posts"}],"about":[{"href":"https:\/\/www.kirsehirses.com\/index.php\/wp-json\/wp\/v2\/types\/post"}],"author":[{"embeddable":true,"href":"https:\/\/www.kirsehirses.com\/index.php\/wp-json\/wp\/v2\/users\/1"}],"replies":[{"embeddable":true,"href":"https:\/\/www.kirsehirses.com\/index.php\/wp-json\/wp\/v2\/comments?post=591"}],"version-history":[{"count":1,"href":"https:\/\/www.kirsehirses.com\/index.php\/wp-json\/wp\/v2\/posts\/591\/revisions"}],"predecessor-version":[{"id":593,"href":"https:\/\/www.kirsehirses.com\/index.php\/wp-json\/wp\/v2\/posts\/591\/revisions\/593"}],"wp:featuredmedia":[{"embeddable":true,"href":"https:\/\/www.kirsehirses.com\/index.php\/wp-json\/wp\/v2\/media\/592"}],"wp:attachment":[{"href":"https:\/\/www.kirsehirses.com\/index.php\/wp-json\/wp\/v2\/media?parent=591"}],"wp:term":[{"taxonomy":"category","embeddable":true,"href":"https:\/\/www.kirsehirses.com\/index.php\/wp-json\/wp\/v2\/categories?post=591"},{"taxonomy":"post_tag","embeddable":true,"href":"https:\/\/www.kirsehirses.com\/index.php\/wp-json\/wp\/v2\/tags?post=591"}],"curies":[{"name":"wp","href":"https:\/\/api.w.org\/{rel}","templated":true}]}}