{"id":594,"date":"2025-10-17T01:28:51","date_gmt":"2025-10-16T22:28:51","guid":{"rendered":"https:\/\/www.kirsehirses.com\/?p=594"},"modified":"2025-10-17T01:28:51","modified_gmt":"2025-10-16T22:28:51","slug":"asikpasa-goletine-kirmizi-benekli-alabalik-birakildi","status":"publish","type":"post","link":"https:\/\/www.kirsehirses.com\/index.php\/2025\/10\/17\/asikpasa-goletine-kirmizi-benekli-alabalik-birakildi\/","title":{"rendered":"A\u015f\u0131kpa\u015fa G\u00f6letine K\u0131rm\u0131z\u0131 Benekli Alabal\u0131k B\u0131rak\u0131ld\u0131"},"content":{"rendered":"<p data-start=\"0\" data-end=\"58\"><strong data-start=\"0\" data-end=\"56\">A\u015f\u0131kpa\u015fa G\u00f6letine K\u0131rm\u0131z\u0131 Benekli Alabal\u0131k B\u0131rak\u0131ld\u0131<\/strong><\/p>\n<p data-start=\"0\" data-end=\"58\"><img loading=\"lazy\" decoding=\"async\" class=\"alignnone size-full wp-image-595\" src=\"https:\/\/www.kirsehirses.com\/wp-content\/uploads\/2025\/10\/KVF_9170.jpg\" alt=\"\" width=\"1500\" height=\"1000\" srcset=\"https:\/\/www.kirsehirses.com\/wp-content\/uploads\/2025\/10\/KVF_9170.jpg 1500w, https:\/\/www.kirsehirses.com\/wp-content\/uploads\/2025\/10\/KVF_9170-300x200.jpg 300w, https:\/\/www.kirsehirses.com\/wp-content\/uploads\/2025\/10\/KVF_9170-1024x683.jpg 1024w, https:\/\/www.kirsehirses.com\/wp-content\/uploads\/2025\/10\/KVF_9170-768x512.jpg 768w\" sizes=\"auto, (max-width: 1500px) 100vw, 1500px\" \/><\/p>\n<p data-start=\"60\" data-end=\"209\">K\u0131r\u015fehir Valisi <strong data-start=\"76\" data-end=\"107\">Say\u0131n Murat Sefa Demiry\u00fcrek<\/strong>, A\u015f\u0131kpa\u015fa Tabiat Park\u0131 i\u00e7erisinde yer alan <strong data-start=\"151\" data-end=\"198\">A\u015f\u0131kpa\u015fa G\u00f6leti\u2019ne k\u0131rm\u0131z\u0131 benekli alabal\u0131k<\/strong> b\u0131rakt\u0131.<\/p>\n<p data-start=\"211\" data-end=\"469\">Vali Demiry\u00fcrek, 2024 y\u0131l\u0131 sonunda <strong data-start=\"246\" data-end=\"276\">DS\u0130 ve \u0130l \u00d6zel \u0130daresi\u2019nin<\/strong> katk\u0131lar\u0131yla olu\u015fturulan g\u00f6lette ger\u00e7ekle\u015ftirilen etkinlikte yapt\u0131\u011f\u0131 a\u00e7\u0131klamada, biyo\u00e7e\u015fitlili\u011fi art\u0131rmak ve g\u00f6lete canl\u0131l\u0131k kazand\u0131rmak amac\u0131yla bu \u00e7al\u0131\u015fmay\u0131 hayata ge\u00e7irdiklerini belirtti.<\/p>\n<blockquote data-start=\"470\" data-end=\"884\">\n<p data-start=\"472\" data-end=\"884\">\u201cA\u015f\u0131kpa\u015fa Milli Park\u0131 i\u00e7erisinde 2024 y\u0131l\u0131 sonunda olu\u015fturdu\u011fumuz g\u00f6letteki biyo\u00e7e\u015fitlili\u011fi art\u0131rmak, g\u00f6lete canl\u0131l\u0131k getirmek ve ilerleyen d\u00f6nemde rekreasyonel ama\u00e7l\u0131 olta bal\u0131k\u00e7\u0131l\u0131\u011f\u0131na zemin haz\u0131rlamak \u00fczere <strong data-start=\"682\" data-end=\"722\">3 bin adet k\u0131rm\u0131z\u0131 benekli alabal\u0131\u011f\u0131<\/strong>, Do\u011fa Koruma ve Milli Parklar M\u00fcd\u00fcrl\u00fc\u011f\u00fcm\u00fcz\u00fcn organizasyonuyla yeni yuvalar\u0131na b\u0131rakt\u0131k. Bereketli olsun, K\u0131r\u015fehir\u2019imize bir renk kats\u0131n.\u201d ifadelerini kulland\u0131.<\/p>\n<\/blockquote>\n<p data-start=\"886\" data-end=\"1116\"><strong data-start=\"886\" data-end=\"940\">Do\u011fa Koruma ve Milli Parklar \u0130l M\u00fcd\u00fcr\u00fc Hasan Tezer<\/strong> ise yapt\u0131\u011f\u0131 de\u011ferlendirmede, k\u0131rm\u0131z\u0131 benekli alabal\u0131klar\u0131n \u00fclkemizin \u00e7e\u015fitli b\u00f6lgelerinde ya\u015fad\u0131\u011f\u0131n\u0131 ve <strong data-start=\"1045\" data-end=\"1085\">Bolu\/Abant Bal\u0131k \u00dcretme \u00c7iftli\u011fi\u2019nde<\/strong> yeti\u015ftirildi\u011fini belirterek,<\/p>\n<blockquote data-start=\"1117\" data-end=\"1215\">\n<p data-start=\"1119\" data-end=\"1215\">\u201cBug\u00fcn bal\u0131klar\u0131m\u0131z\u0131 ya\u015fam ko\u015fullar\u0131na uygun s\u0131cakl\u0131ktaki g\u00f6lette suyla bulu\u015fturuyoruz.\u201d dedi.<\/p>\n<\/blockquote>\n<p data-start=\"1217\" data-end=\"1342\" data-is-last-node=\"\" data-is-only-node=\"\">Bu \u00e7al\u0131\u015fma ile K\u0131r\u015fehir\u2019de <strong data-start=\"1244\" data-end=\"1280\">do\u011fal ya\u015fam\u0131n zenginle\u015ftirilmesi<\/strong> ve <strong data-start=\"1284\" data-end=\"1328\">s\u00fcrd\u00fcr\u00fclebilir ekosistemin desteklenmesi<\/strong> hedefleniyor.<\/p>\n","protected":false},"excerpt":{"rendered":"<p>A\u015f\u0131kpa\u015fa G\u00f6letine K\u0131rm\u0131z\u0131 Benekli Alabal\u0131k B\u0131rak\u0131ld\u0131 K\u0131r\u015fehir Valisi Say\u0131n Murat Sefa Demiry\u00fcrek, A\u015f\u0131kpa\u015fa Tabiat Park\u0131 i\u00e7erisinde yer alan A\u015f\u0131kpa\u015fa G\u00f6leti\u2019ne k\u0131rm\u0131z\u0131 benekli alabal\u0131k b\u0131rakt\u0131. Vali Demiry\u00fcrek, 2024 y\u0131l\u0131 sonunda DS\u0130 ve \u0130l \u00d6zel \u0130daresi\u2019nin katk\u0131lar\u0131yla olu\u015fturulan g\u00f6lette ger\u00e7ekle\u015ftirilen etkinlikte yapt\u0131\u011f\u0131 a\u00e7\u0131klamada, biyo\u00e7e\u015fitlili\u011fi art\u0131rmak ve g\u00f6lete canl\u0131l\u0131k kazand\u0131rmak amac\u0131yla bu \u00e7al\u0131\u015fmay\u0131 hayata ge\u00e7irdiklerini belirtti. \u201cA\u015f\u0131kpa\u015fa Milli [&hellip;]<\/p>\n","protected":false},"author":1,"featured_media":595,"comment_status":"open","ping_status":"open","sticky":false,"template":"","format":"standard","meta":{"footnotes":""},"categories":[8],"tags":[],"class_list":["post-594","post","type-post","status-publish","format-standard","has-post-thumbnail","hentry","category-kirsehir"],"_links":{"self":[{"href":"https:\/\/www.kirsehirses.com\/index.php\/wp-json\/wp\/v2\/posts\/594","targetHints":{"allow":["GET"]}}],"collection":[{"href":"https:\/\/www.kirsehirses.com\/index.php\/wp-json\/wp\/v2\/posts"}],"about":[{"href":"https:\/\/www.kirsehirses.com\/index.php\/wp-json\/wp\/v2\/types\/post"}],"author":[{"embeddable":true,"href":"https:\/\/www.kirsehirses.com\/index.php\/wp-json\/wp\/v2\/users\/1"}],"replies":[{"embeddable":true,"href":"https:\/\/www.kirsehirses.com\/index.php\/wp-json\/wp\/v2\/comments?post=594"}],"version-history":[{"count":1,"href":"https:\/\/www.kirsehirses.com\/index.php\/wp-json\/wp\/v2\/posts\/594\/revisions"}],"predecessor-version":[{"id":596,"href":"https:\/\/www.kirsehirses.com\/index.php\/wp-json\/wp\/v2\/posts\/594\/revisions\/596"}],"wp:featuredmedia":[{"embeddable":true,"href":"https:\/\/www.kirsehirses.com\/index.php\/wp-json\/wp\/v2\/media\/595"}],"wp:attachment":[{"href":"https:\/\/www.kirsehirses.com\/index.php\/wp-json\/wp\/v2\/media?parent=594"}],"wp:term":[{"taxonomy":"category","embeddable":true,"href":"https:\/\/www.kirsehirses.com\/index.php\/wp-json\/wp\/v2\/categories?post=594"},{"taxonomy":"post_tag","embeddable":true,"href":"https:\/\/www.kirsehirses.com\/index.php\/wp-json\/wp\/v2\/tags?post=594"}],"curies":[{"name":"wp","href":"https:\/\/api.w.org\/{rel}","templated":true}]}}