{"id":603,"date":"2025-10-19T04:20:26","date_gmt":"2025-10-19T01:20:26","guid":{"rendered":"https:\/\/www.kirsehirses.com\/?p=603"},"modified":"2025-10-19T04:20:26","modified_gmt":"2025-10-19T01:20:26","slug":"kamanin-aci-kaybi-ortacada-gorevli-polis-memuru-engin-kanat-son-yolculuguna-ugurlandi","status":"publish","type":"post","link":"https:\/\/www.kirsehirses.com\/index.php\/2025\/10\/19\/kamanin-aci-kaybi-ortacada-gorevli-polis-memuru-engin-kanat-son-yolculuguna-ugurlandi\/","title":{"rendered":"Kaman&#8217;\u0131n Ac\u0131 Kayb\u0131: Ortaca&#8217;da G\u00f6revli Polis Memuru Engin Kanat Son Yolculu\u011funa U\u011furland\u0131"},"content":{"rendered":"<p><strong>Kaman&#8217;\u0131n Ac\u0131 Kayb\u0131: Ortaca&#8217;da G\u00f6revli Polis Memuru Engin Kanat Son Yolculu\u011funa U\u011furland\u0131<\/strong><\/p>\n<p><img loading=\"lazy\" decoding=\"async\" class=\"alignnone size-full wp-image-605\" src=\"https:\/\/www.kirsehirses.com\/wp-content\/uploads\/2025\/10\/Ekran-goruntusu-2025-10-19-041916.png\" alt=\"\" width=\"750\" height=\"375\" srcset=\"https:\/\/www.kirsehirses.com\/wp-content\/uploads\/2025\/10\/Ekran-goruntusu-2025-10-19-041916.png 750w, https:\/\/www.kirsehirses.com\/wp-content\/uploads\/2025\/10\/Ekran-goruntusu-2025-10-19-041916-300x150.png 300w\" sizes=\"auto, (max-width: 750px) 100vw, 750px\" \/><\/p>\n<p>Mu\u011fla&#8217;n\u0131n Ortaca \u0130l\u00e7e Emniyet M\u00fcd\u00fcrl\u00fc\u011f\u00fc&#8217;nde g\u00f6revli polis memuru Engin Kanat, ge\u00e7irdi\u011fi ani kalp krizi sonucu hayat\u0131n\u0131 kaybetti. Aslen K\u0131r\u015fehir&#8217;in Kaman il\u00e7esinden olan ve 1978 do\u011fumlu Kanat&#8217;\u0131n vefat haberi, meslekta\u015flar\u0131 ve memleketinde b\u00fcy\u00fck \u00fcz\u00fcnt\u00fcye yol a\u00e7t\u0131.<\/p>\n<p>Uzun y\u0131llard\u0131r emniyet te\u015fkilat\u0131nda hizmet veren, g\u00f6rev bilinciyle tan\u0131nan ve camiada sevilen bir isim olan Kanat&#8217;\u0131n beklenmedik \u00f6l\u00fcm\u00fc, hem g\u00f6rev yapt\u0131\u011f\u0131 birimi hem de sevenlerini yasa bo\u011fdu.<\/p>\n<p><b>Cenazesi Memleketi Kaman&#8217;da Topra\u011fa Verilecek<\/b><\/p>\n<p>Merhum polis memuru Engin Kanat i\u00e7in cenaze t\u00f6reni, memleketi K\u0131r\u015fehir&#8217;in Kaman il\u00e7esinde d\u00fczenlenecek. \u00d6\u011fle namaz\u0131n\u0131 m\u00fcteakip Kaman \u00c7ar\u015f\u0131 Camii&#8217;nde k\u0131l\u0131nacak cenaze namaz\u0131n\u0131n ard\u0131ndan, Kanat&#8217;\u0131n naa\u015f\u0131 Kaman Cuma Mahallesi Mezarl\u0131\u011f\u0131&#8217;nda son yolculu\u011funa u\u011furlanacak.<\/p>\n","protected":false},"excerpt":{"rendered":"<p>Kaman&#8217;\u0131n Ac\u0131 Kayb\u0131: Ortaca&#8217;da G\u00f6revli Polis Memuru Engin Kanat Son Yolculu\u011funa U\u011furland\u0131 Mu\u011fla&#8217;n\u0131n Ortaca \u0130l\u00e7e Emniyet M\u00fcd\u00fcrl\u00fc\u011f\u00fc&#8217;nde g\u00f6revli polis memuru Engin Kanat, ge\u00e7irdi\u011fi ani kalp krizi sonucu hayat\u0131n\u0131 kaybetti. Aslen K\u0131r\u015fehir&#8217;in Kaman il\u00e7esinden olan ve 1978 do\u011fumlu Kanat&#8217;\u0131n vefat haberi, meslekta\u015flar\u0131 ve memleketinde b\u00fcy\u00fck \u00fcz\u00fcnt\u00fcye yol a\u00e7t\u0131. Uzun y\u0131llard\u0131r emniyet te\u015fkilat\u0131nda hizmet veren, g\u00f6rev bilinciyle [&hellip;]<\/p>\n","protected":false},"author":1,"featured_media":604,"comment_status":"open","ping_status":"open","sticky":false,"template":"","format":"standard","meta":{"footnotes":""},"categories":[8],"tags":[],"class_list":["post-603","post","type-post","status-publish","format-standard","has-post-thumbnail","hentry","category-kirsehir"],"_links":{"self":[{"href":"https:\/\/www.kirsehirses.com\/index.php\/wp-json\/wp\/v2\/posts\/603","targetHints":{"allow":["GET"]}}],"collection":[{"href":"https:\/\/www.kirsehirses.com\/index.php\/wp-json\/wp\/v2\/posts"}],"about":[{"href":"https:\/\/www.kirsehirses.com\/index.php\/wp-json\/wp\/v2\/types\/post"}],"author":[{"embeddable":true,"href":"https:\/\/www.kirsehirses.com\/index.php\/wp-json\/wp\/v2\/users\/1"}],"replies":[{"embeddable":true,"href":"https:\/\/www.kirsehirses.com\/index.php\/wp-json\/wp\/v2\/comments?post=603"}],"version-history":[{"count":1,"href":"https:\/\/www.kirsehirses.com\/index.php\/wp-json\/wp\/v2\/posts\/603\/revisions"}],"predecessor-version":[{"id":606,"href":"https:\/\/www.kirsehirses.com\/index.php\/wp-json\/wp\/v2\/posts\/603\/revisions\/606"}],"wp:featuredmedia":[{"embeddable":true,"href":"https:\/\/www.kirsehirses.com\/index.php\/wp-json\/wp\/v2\/media\/604"}],"wp:attachment":[{"href":"https:\/\/www.kirsehirses.com\/index.php\/wp-json\/wp\/v2\/media?parent=603"}],"wp:term":[{"taxonomy":"category","embeddable":true,"href":"https:\/\/www.kirsehirses.com\/index.php\/wp-json\/wp\/v2\/categories?post=603"},{"taxonomy":"post_tag","embeddable":true,"href":"https:\/\/www.kirsehirses.com\/index.php\/wp-json\/wp\/v2\/tags?post=603"}],"curies":[{"name":"wp","href":"https:\/\/api.w.org\/{rel}","templated":true}]}}