{"id":607,"date":"2025-10-20T01:56:27","date_gmt":"2025-10-19T22:56:27","guid":{"rendered":"https:\/\/www.kirsehirses.com\/?p=607"},"modified":"2025-10-20T01:56:27","modified_gmt":"2025-10-19T22:56:27","slug":"vali-demiryurek-19-ekim-muhtarlar-gununde-muhtarlarla-bir-araya-geldi","status":"publish","type":"post","link":"https:\/\/www.kirsehirses.com\/index.php\/2025\/10\/20\/vali-demiryurek-19-ekim-muhtarlar-gununde-muhtarlarla-bir-araya-geldi\/","title":{"rendered":"Vali Demiry\u00fcrek, 19 Ekim Muhtarlar G\u00fcn\u00fc\u2019nde Muhtarlarla Bir Araya Geldi"},"content":{"rendered":"<p data-start=\"65\" data-end=\"142\"><strong data-start=\"65\" data-end=\"140\">Vali Demiry\u00fcrek, 19 Ekim Muhtarlar G\u00fcn\u00fc\u2019nde Muhtarlarla Bir Araya Geldi<\/strong><\/p>\n<p data-start=\"65\" data-end=\"142\"><img loading=\"lazy\" decoding=\"async\" class=\"alignnone size-full wp-image-608\" src=\"https:\/\/www.kirsehirses.com\/wp-content\/uploads\/2025\/10\/KVF_0351.jpg\" alt=\"\" width=\"1500\" height=\"1023\" srcset=\"https:\/\/www.kirsehirses.com\/wp-content\/uploads\/2025\/10\/KVF_0351.jpg 1500w, https:\/\/www.kirsehirses.com\/wp-content\/uploads\/2025\/10\/KVF_0351-300x205.jpg 300w, https:\/\/www.kirsehirses.com\/wp-content\/uploads\/2025\/10\/KVF_0351-1024x698.jpg 1024w, https:\/\/www.kirsehirses.com\/wp-content\/uploads\/2025\/10\/KVF_0351-768x524.jpg 768w\" sizes=\"auto, (max-width: 1500px) 100vw, 1500px\" \/><\/p>\n<p data-start=\"144\" data-end=\"490\">K\u0131r\u015fehir Valisi <strong data-start=\"160\" data-end=\"185\">Murat Sefa Demiry\u00fcrek<\/strong>, 19 Ekim <strong data-start=\"195\" data-end=\"213\">Muhtarlar G\u00fcn\u00fc<\/strong> dolay\u0131s\u0131yla muhtarlarla bir araya gelerek g\u00fcnlerini kutlad\u0131. Valilik ziyaretinin ard\u0131ndan <strong data-start=\"304\" data-end=\"344\">\u00d6\u011fretmenevi\u2019nde d\u00fczenlenen programda<\/strong> muhtarlarla sohbet eden Vali Demiry\u00fcrek, muhtarl\u0131k kurumunun yerel y\u00f6netimdeki \u00f6nemine ve toplumla devlet aras\u0131ndaki k\u00f6pr\u00fc rol\u00fcne dikkat \u00e7ekti.<\/p>\n<p data-start=\"492\" data-end=\"810\">Konu\u015fmas\u0131nda, Cumhurba\u015fkan\u0131 <strong data-start=\"520\" data-end=\"617\">Recep Tayyip Erdo\u011fan\u2019\u0131n tensipleriyle 19 Ekim tarihinin Muhtarlar G\u00fcn\u00fc olarak ilan edildi\u011fini<\/strong> hat\u0131rlatan Vali Demiry\u00fcrek, \u201cBu anlaml\u0131 ad\u0131m, muhtarl\u0131k kurumunun demokrasimizdeki yerini ve \u00f6nemini bir kez daha teyit etmi\u015f, yerel y\u00f6netim anlay\u0131\u015f\u0131n\u0131n g\u00fc\u00e7lenmesine katk\u0131 sa\u011flam\u0131\u015ft\u0131r\u201d dedi.<\/p>\n<p data-start=\"812\" data-end=\"1384\">Vali Demiry\u00fcrek, muhtarlar\u0131n g\u00f6revini sadece bir kamu g\u00f6revlisi olarak de\u011fil, ayn\u0131 zamanda <strong data-start=\"903\" data-end=\"954\">halk\u0131n dan\u0131\u015fman\u0131, uzla\u015ft\u0131r\u0131c\u0131s\u0131 ve g\u00f6n\u00fcl insan\u0131<\/strong> olarak yerine getirdi\u011fini vurgulad\u0131. \u201cSizler, k\u00f6ylerimizde ve mahallelerimizde d\u00fczenin, huzurun, ileti\u015fimin ve hizmetin \u00f6nc\u00fcs\u00fc olarak \u00f6nemli g\u00f6revler \u00fcstleniyorsunuz. Vatanda\u015flar\u0131m\u0131z\u0131n taleplerini kamu kurumlar\u0131na ula\u015ft\u0131rmak, devletimizin hizmetlerini en \u00fccra noktalara kadar ta\u015f\u0131mak, ihtiya\u00e7 duyulan her anda halk\u0131m\u0131z\u0131n yan\u0131nda olmak gibi kutsal bir sorumlulu\u011fu b\u00fcy\u00fck bir \u00f6zveriyle yerine getiriyorsunuz\u201d ifadelerini kulland\u0131.<\/p>\n<p data-start=\"1386\" data-end=\"1816\">Vali, ayr\u0131ca muhtarlarla birlikte \u00e7al\u0131\u015fman\u0131n \u00f6nemine de de\u011finerek, \u201cBizler de sizlerle birlikte, vatanda\u015flar\u0131m\u0131z\u0131n beklentilerine en iyi \u015fekilde cevap verebilmek, k\u00f6ylerimizin ve mahallelerimizin sorunlar\u0131na \u00e7\u00f6z\u00fcm \u00fcretmek i\u00e7in i\u015f birli\u011fi ve uyum i\u00e7inde \u00e7al\u0131\u015fmay\u0131 s\u00fcrd\u00fcrece\u011fiz. Her f\u0131rsatta sizlerle bir araya gelerek taleplerinizi dinlemeye, hizmetin kalitesini art\u0131rmaya gayret g\u00f6steriyoruz; g\u00f6stermeye de devam edece\u011fiz\u201d dedi.<\/p>\n<p data-start=\"1818\" data-end=\"2062\">Program\u0131n sonunda Vali Demiry\u00fcrek, g\u00f6revlerini <strong data-start=\"1865\" data-end=\"1932\">fedak\u00e2rl\u0131k ve \u00f6zveriyle s\u00fcrd\u00fcren t\u00fcm muhtarlara te\u015fekk\u00fcr ederek<\/strong>, \u00e7al\u0131\u015fmalar\u0131nda ba\u015far\u0131lar diledi. Etkinlik, muhtarlarla ger\u00e7ekle\u015ftirilen samimi sohbetler ve hat\u0131ra foto\u011fraflar\u0131 ile sona erdi.<\/p>\n<p data-start=\"2064\" data-end=\"2255\">19 Ekim Muhtarlar G\u00fcn\u00fc kapsam\u0131nda ger\u00e7ekle\u015ftirilen bu bulu\u015fma, K\u0131r\u015fehir\u2019de muhtarlar\u0131n \u00f6nemini bir kez daha g\u00f6zler \u00f6n\u00fcne sererken, yerel y\u00f6netimde i\u015f birli\u011fi ve uyum mesaj\u0131n\u0131 da peki\u015ftirdi.<\/p>\n","protected":false},"excerpt":{"rendered":"<p>Vali Demiry\u00fcrek, 19 Ekim Muhtarlar G\u00fcn\u00fc\u2019nde Muhtarlarla Bir Araya Geldi K\u0131r\u015fehir Valisi Murat Sefa Demiry\u00fcrek, 19 Ekim Muhtarlar G\u00fcn\u00fc dolay\u0131s\u0131yla muhtarlarla bir araya gelerek g\u00fcnlerini kutlad\u0131. Valilik ziyaretinin ard\u0131ndan \u00d6\u011fretmenevi\u2019nde d\u00fczenlenen programda muhtarlarla sohbet eden Vali Demiry\u00fcrek, muhtarl\u0131k kurumunun yerel y\u00f6netimdeki \u00f6nemine ve toplumla devlet aras\u0131ndaki k\u00f6pr\u00fc rol\u00fcne dikkat \u00e7ekti. Konu\u015fmas\u0131nda, Cumhurba\u015fkan\u0131 Recep Tayyip Erdo\u011fan\u2019\u0131n [&hellip;]<\/p>\n","protected":false},"author":1,"featured_media":608,"comment_status":"open","ping_status":"open","sticky":false,"template":"","format":"standard","meta":{"footnotes":""},"categories":[8],"tags":[],"class_list":["post-607","post","type-post","status-publish","format-standard","has-post-thumbnail","hentry","category-kirsehir"],"_links":{"self":[{"href":"https:\/\/www.kirsehirses.com\/index.php\/wp-json\/wp\/v2\/posts\/607","targetHints":{"allow":["GET"]}}],"collection":[{"href":"https:\/\/www.kirsehirses.com\/index.php\/wp-json\/wp\/v2\/posts"}],"about":[{"href":"https:\/\/www.kirsehirses.com\/index.php\/wp-json\/wp\/v2\/types\/post"}],"author":[{"embeddable":true,"href":"https:\/\/www.kirsehirses.com\/index.php\/wp-json\/wp\/v2\/users\/1"}],"replies":[{"embeddable":true,"href":"https:\/\/www.kirsehirses.com\/index.php\/wp-json\/wp\/v2\/comments?post=607"}],"version-history":[{"count":1,"href":"https:\/\/www.kirsehirses.com\/index.php\/wp-json\/wp\/v2\/posts\/607\/revisions"}],"predecessor-version":[{"id":609,"href":"https:\/\/www.kirsehirses.com\/index.php\/wp-json\/wp\/v2\/posts\/607\/revisions\/609"}],"wp:featuredmedia":[{"embeddable":true,"href":"https:\/\/www.kirsehirses.com\/index.php\/wp-json\/wp\/v2\/media\/608"}],"wp:attachment":[{"href":"https:\/\/www.kirsehirses.com\/index.php\/wp-json\/wp\/v2\/media?parent=607"}],"wp:term":[{"taxonomy":"category","embeddable":true,"href":"https:\/\/www.kirsehirses.com\/index.php\/wp-json\/wp\/v2\/categories?post=607"},{"taxonomy":"post_tag","embeddable":true,"href":"https:\/\/www.kirsehirses.com\/index.php\/wp-json\/wp\/v2\/tags?post=607"}],"curies":[{"name":"wp","href":"https:\/\/api.w.org\/{rel}","templated":true}]}}