{"id":620,"date":"2025-10-21T03:46:35","date_gmt":"2025-10-21T00:46:35","guid":{"rendered":"https:\/\/www.kirsehirses.com\/?p=620"},"modified":"2025-10-21T03:46:35","modified_gmt":"2025-10-21T00:46:35","slug":"petlas-2026da-2500-kisinin-istihdam-edilecegi-ikinci-fabrikasini-kuracak","status":"publish","type":"post","link":"https:\/\/www.kirsehirses.com\/index.php\/2025\/10\/21\/petlas-2026da-2500-kisinin-istihdam-edilecegi-ikinci-fabrikasini-kuracak\/","title":{"rendered":"PETLAS, 2026&#8217;DA 2500 K\u0130\u015e\u0130N\u0130N \u0130ST\u0130HDAM ED\u0130LECE\u011e\u0130 \u0130K\u0130NC\u0130 FABR\u0130KASINI KURACAK"},"content":{"rendered":"<p><strong>PETLAS, 2026&#8217;DA 2500 K\u0130\u015e\u0130N\u0130N \u0130ST\u0130HDAM ED\u0130LECE\u011e\u0130 \u0130K\u0130NC\u0130 FABR\u0130KASINI KURACAK<\/strong><\/p>\n<p><img loading=\"lazy\" decoding=\"async\" class=\"alignnone size-full wp-image-621\" src=\"https:\/\/www.kirsehirses.com\/wp-content\/uploads\/2025\/10\/WhatsApp-Gorsel-2025-10-20-saat-17.26.44_5446b4ad.jpg\" alt=\"\" width=\"1170\" height=\"522\" srcset=\"https:\/\/www.kirsehirses.com\/wp-content\/uploads\/2025\/10\/WhatsApp-Gorsel-2025-10-20-saat-17.26.44_5446b4ad.jpg 1170w, https:\/\/www.kirsehirses.com\/wp-content\/uploads\/2025\/10\/WhatsApp-Gorsel-2025-10-20-saat-17.26.44_5446b4ad-300x134.jpg 300w, https:\/\/www.kirsehirses.com\/wp-content\/uploads\/2025\/10\/WhatsApp-Gorsel-2025-10-20-saat-17.26.44_5446b4ad-1024x457.jpg 1024w, https:\/\/www.kirsehirses.com\/wp-content\/uploads\/2025\/10\/WhatsApp-Gorsel-2025-10-20-saat-17.26.44_5446b4ad-768x343.jpg 768w\" sizes=\"auto, (max-width: 1170px) 100vw, 1170px\" \/><\/p>\n<p>Petlas, K\u0131r\u015fehir\u2019de yeni fabrika yat\u0131r\u0131m\u0131 yapacak. 2026\u2019da ba\u015flamas\u0131 planlanan yeni tesis y\u0131lda 10 milyon adet lastik \u00fcretecek ve 2 bin 500 ki\u015fiye istihdam sa\u011flanacak.<\/p>\n<p>K\u0131r\u015fehir Haber24\u2019\u00fcn haberine g\u00f6re; Ge\u00e7ti\u011fimiz y\u0131l 27 milyar TL\u2019lik ciroya ula\u015fan Petlas bunun yakla\u015f\u0131k 11 milyar TL\u2019sini ihracattan sa\u011flad\u0131. Son \u00fc\u00e7 y\u0131ld\u0131r T\u00fcrkiye\u2019de binek grubu lastik yenileme pazar\u0131nda en \u00e7ok tercih edilen marka olan Petlas Almanya, Romanya, Hollanda, M\u0131s\u0131r, Fas ve Amerika gibi \u00fclkelere ihracat yap\u0131yor.<\/p>\n<p>2025\u2019te daha \u00f6nce Asya ve Afrika\u2019da hi\u00e7 sat\u0131\u015f yapmad\u0131\u011f\u0131 Mo\u011folistan, Myanmar, Gabon, Zambia, Botswana gibi \u00fclkelere giri\u015f yapmay\u0131 planlayan Petlas, K\u0131r\u015fehir\u2019deki 2. fabrikas\u0131n\u0131 da 2026 y\u0131l\u0131nda kurmay\u0131 planl\u0131yor. 2030\u2019da faaliyete ge\u00e7mesi planlanan fabrikan\u0131n 830 milyon dolara mal olmas\u0131 ve y\u0131lda 10 milyon adet lastik \u00fcretim kapasitesine sahip olmas\u0131 \u00f6ng\u00f6r\u00fcl\u00fcyor.<\/p>\n","protected":false},"excerpt":{"rendered":"<p>PETLAS, 2026&#8217;DA 2500 K\u0130\u015e\u0130N\u0130N \u0130ST\u0130HDAM ED\u0130LECE\u011e\u0130 \u0130K\u0130NC\u0130 FABR\u0130KASINI KURACAK Petlas, K\u0131r\u015fehir\u2019de yeni fabrika yat\u0131r\u0131m\u0131 yapacak. 2026\u2019da ba\u015flamas\u0131 planlanan yeni tesis y\u0131lda 10 milyon adet lastik \u00fcretecek ve 2 bin 500 ki\u015fiye istihdam sa\u011flanacak. K\u0131r\u015fehir Haber24\u2019\u00fcn haberine g\u00f6re; Ge\u00e7ti\u011fimiz y\u0131l 27 milyar TL\u2019lik ciroya ula\u015fan Petlas bunun yakla\u015f\u0131k 11 milyar TL\u2019sini ihracattan sa\u011flad\u0131. Son \u00fc\u00e7 y\u0131ld\u0131r [&hellip;]<\/p>\n","protected":false},"author":1,"featured_media":621,"comment_status":"open","ping_status":"open","sticky":false,"template":"","format":"standard","meta":{"footnotes":""},"categories":[8],"tags":[],"class_list":["post-620","post","type-post","status-publish","format-standard","has-post-thumbnail","hentry","category-kirsehir"],"_links":{"self":[{"href":"https:\/\/www.kirsehirses.com\/index.php\/wp-json\/wp\/v2\/posts\/620","targetHints":{"allow":["GET"]}}],"collection":[{"href":"https:\/\/www.kirsehirses.com\/index.php\/wp-json\/wp\/v2\/posts"}],"about":[{"href":"https:\/\/www.kirsehirses.com\/index.php\/wp-json\/wp\/v2\/types\/post"}],"author":[{"embeddable":true,"href":"https:\/\/www.kirsehirses.com\/index.php\/wp-json\/wp\/v2\/users\/1"}],"replies":[{"embeddable":true,"href":"https:\/\/www.kirsehirses.com\/index.php\/wp-json\/wp\/v2\/comments?post=620"}],"version-history":[{"count":1,"href":"https:\/\/www.kirsehirses.com\/index.php\/wp-json\/wp\/v2\/posts\/620\/revisions"}],"predecessor-version":[{"id":622,"href":"https:\/\/www.kirsehirses.com\/index.php\/wp-json\/wp\/v2\/posts\/620\/revisions\/622"}],"wp:featuredmedia":[{"embeddable":true,"href":"https:\/\/www.kirsehirses.com\/index.php\/wp-json\/wp\/v2\/media\/621"}],"wp:attachment":[{"href":"https:\/\/www.kirsehirses.com\/index.php\/wp-json\/wp\/v2\/media?parent=620"}],"wp:term":[{"taxonomy":"category","embeddable":true,"href":"https:\/\/www.kirsehirses.com\/index.php\/wp-json\/wp\/v2\/categories?post=620"},{"taxonomy":"post_tag","embeddable":true,"href":"https:\/\/www.kirsehirses.com\/index.php\/wp-json\/wp\/v2\/tags?post=620"}],"curies":[{"name":"wp","href":"https:\/\/api.w.org\/{rel}","templated":true}]}}