{"id":623,"date":"2025-10-21T03:52:24","date_gmt":"2025-10-21T00:52:24","guid":{"rendered":"https:\/\/www.kirsehirses.com\/?p=623"},"modified":"2025-10-21T03:52:24","modified_gmt":"2025-10-21T00:52:24","slug":"kirsehirde-kacak-tutun-operasyonu-ve-aranan-sahislar-uygulamasi-suclulara-gecit-verilmedi","status":"publish","type":"post","link":"https:\/\/www.kirsehirses.com\/index.php\/2025\/10\/21\/kirsehirde-kacak-tutun-operasyonu-ve-aranan-sahislar-uygulamasi-suclulara-gecit-verilmedi\/","title":{"rendered":"K\u0131r\u015fehir\u2019de Ka\u00e7ak T\u00fct\u00fcn Operasyonu ve Aranan \u015eah\u0131slar Uygulamas\u0131: Su\u00e7lulara Ge\u00e7it Verilmedi"},"content":{"rendered":"<h2 data-start=\"153\" data-end=\"251\"><strong data-start=\"156\" data-end=\"251\">K\u0131r\u015fehir\u2019de Ka\u00e7ak T\u00fct\u00fcn Operasyonu ve Aranan \u015eah\u0131slar Uygulamas\u0131: Su\u00e7lulara Ge\u00e7it Verilmedi<\/strong><\/h2>\n<p><img loading=\"lazy\" decoding=\"async\" class=\"alignnone size-full wp-image-625\" src=\"https:\/\/www.kirsehirses.com\/wp-content\/uploads\/2025\/10\/G3uYRXPW0AAiiKY.jpeg\" alt=\"\" width=\"1200\" height=\"1600\" srcset=\"https:\/\/www.kirsehirses.com\/wp-content\/uploads\/2025\/10\/G3uYRXPW0AAiiKY.jpeg 1200w, https:\/\/www.kirsehirses.com\/wp-content\/uploads\/2025\/10\/G3uYRXPW0AAiiKY-225x300.jpeg 225w, https:\/\/www.kirsehirses.com\/wp-content\/uploads\/2025\/10\/G3uYRXPW0AAiiKY-768x1024.jpeg 768w, https:\/\/www.kirsehirses.com\/wp-content\/uploads\/2025\/10\/G3uYRXPW0AAiiKY-1152x1536.jpeg 1152w\" sizes=\"auto, (max-width: 1200px) 100vw, 1200px\" \/><\/p>\n<p data-start=\"253\" data-end=\"395\">K\u0131r\u015fehir\u2019de emniyet ve jandarma ekipleri, ka\u00e7ak\u00e7\u0131l\u0131kla m\u00fccadele ve aranan \u015fah\u0131slar\u0131n yakalanmas\u0131na y\u00f6nelik ba\u015far\u0131l\u0131 operasyonlara imza att\u0131.<\/p>\n<p data-start=\"397\" data-end=\"911\">K\u0131r\u015fehir \u0130l Emniyet M\u00fcd\u00fcrl\u00fc\u011f\u00fc Ka\u00e7ak\u00e7\u0131l\u0131k ve Organize Su\u00e7larla M\u00fccadele (KOM) \u015eube M\u00fcd\u00fcrl\u00fc\u011f\u00fc ekiplerince y\u00fcr\u00fct\u00fclen \u00e7al\u0131\u015fmalar kapsam\u0131nda, il giri\u015f uygulama noktas\u0131nda durdurulan bir kamyonda yap\u0131lan aramada <strong data-start=\"603\" data-end=\"666\">250 \u00e7uval i\u00e7erisinde toplam 5 ton (5.000 kg) k\u0131y\u0131lm\u0131\u015f t\u00fct\u00fcn<\/strong> ele ge\u00e7irildi.<br data-start=\"681\" data-end=\"684\" \/>Piyasa de\u011ferinin yakla\u015f\u0131k <strong data-start=\"710\" data-end=\"725\">5 milyon TL<\/strong> oldu\u011fu belirlenen t\u00fct\u00fcnlere el konulurken, ara\u00e7 s\u00fcr\u00fcc\u00fcs\u00fc <strong data-start=\"783\" data-end=\"791\">O.D.<\/strong> g\u00f6zalt\u0131na al\u0131nd\u0131. Olayla ilgili olarak <strong data-start=\"831\" data-end=\"875\">5607 Say\u0131l\u0131 Ka\u00e7ak\u00e7\u0131l\u0131kla M\u00fccadele Kanunu<\/strong> kapsam\u0131nda adli i\u015flem ba\u015flat\u0131ld\u0131.<\/p>\n<p data-start=\"913\" data-end=\"1376\">\u00d6te yandan <strong data-start=\"924\" data-end=\"960\">K\u0131r\u015fehir \u0130l Jandarma Komutanl\u0131\u011f\u0131<\/strong> taraf\u0131ndan <strong data-start=\"972\" data-end=\"991\">18-19 Ekim 2025<\/strong> tarihlerinde ger\u00e7ekle\u015ftirilen <strong data-start=\"1022\" data-end=\"1052\">Aranan \u015eah\u0131slar Uygulamas\u0131<\/strong> kapsam\u0131nda il genelinde g\u00fcvenlik denetimleri yap\u0131ld\u0131.<br data-start=\"1106\" data-end=\"1109\" \/>Denetimlerde <strong data-start=\"1122\" data-end=\"1137\">4.355 \u015fah\u0131s<\/strong> ve <strong data-start=\"1141\" data-end=\"1153\">960 ara\u00e7<\/strong> sorguland\u0131;<br data-start=\"1165\" data-end=\"1168\" \/>\ud83d\udd39 Aralar\u0131nda <strong data-start=\"1182\" data-end=\"1238\">mala zarar verme, h\u0131rs\u0131zl\u0131k ve kad\u0131na kar\u015f\u0131 yaralama<\/strong> su\u00e7lar\u0131ndan aranan <strong data-start=\"1258\" data-end=\"1268\">5 ki\u015fi<\/strong> yakaland\u0131.<br data-start=\"1279\" data-end=\"1282\" \/>\ud83d\udd38 <strong data-start=\"1285\" data-end=\"1303\">1 adet tabanca<\/strong> ele ge\u00e7irildi.<br data-start=\"1318\" data-end=\"1321\" \/>\ud83d\udd38 <strong data-start=\"1324\" data-end=\"1363\">4 \u015fahsa 18.944 TL idari para cezas\u0131<\/strong> uyguland\u0131.<\/p>\n<p data-start=\"1378\" data-end=\"1553\">K\u0131r\u015fehir \u0130l Emniyet M\u00fcd\u00fcrl\u00fc\u011f\u00fc ve \u0130l Jandarma Komutanl\u0131\u011f\u0131, <strong data-start=\"1436\" data-end=\"1541\">\u201cK\u0131r\u015fehir genelinde huzur ve g\u00fcven ortam\u0131n\u0131n korunmas\u0131 amac\u0131yla denetimlerin kararl\u0131l\u0131kla s\u00fcrece\u011fini\u201d<\/strong> a\u00e7\u0131klad\u0131.<\/p>\n","protected":false},"excerpt":{"rendered":"<p>K\u0131r\u015fehir\u2019de Ka\u00e7ak T\u00fct\u00fcn Operasyonu ve Aranan \u015eah\u0131slar Uygulamas\u0131: Su\u00e7lulara Ge\u00e7it Verilmedi K\u0131r\u015fehir\u2019de emniyet ve jandarma ekipleri, ka\u00e7ak\u00e7\u0131l\u0131kla m\u00fccadele ve aranan \u015fah\u0131slar\u0131n yakalanmas\u0131na y\u00f6nelik ba\u015far\u0131l\u0131 operasyonlara imza att\u0131. K\u0131r\u015fehir \u0130l Emniyet M\u00fcd\u00fcrl\u00fc\u011f\u00fc Ka\u00e7ak\u00e7\u0131l\u0131k ve Organize Su\u00e7larla M\u00fccadele (KOM) \u015eube M\u00fcd\u00fcrl\u00fc\u011f\u00fc ekiplerince y\u00fcr\u00fct\u00fclen \u00e7al\u0131\u015fmalar kapsam\u0131nda, il giri\u015f uygulama noktas\u0131nda durdurulan bir kamyonda yap\u0131lan aramada 250 \u00e7uval i\u00e7erisinde [&hellip;]<\/p>\n","protected":false},"author":1,"featured_media":624,"comment_status":"open","ping_status":"open","sticky":false,"template":"","format":"standard","meta":{"footnotes":""},"categories":[8],"tags":[],"class_list":["post-623","post","type-post","status-publish","format-standard","has-post-thumbnail","hentry","category-kirsehir"],"_links":{"self":[{"href":"https:\/\/www.kirsehirses.com\/index.php\/wp-json\/wp\/v2\/posts\/623","targetHints":{"allow":["GET"]}}],"collection":[{"href":"https:\/\/www.kirsehirses.com\/index.php\/wp-json\/wp\/v2\/posts"}],"about":[{"href":"https:\/\/www.kirsehirses.com\/index.php\/wp-json\/wp\/v2\/types\/post"}],"author":[{"embeddable":true,"href":"https:\/\/www.kirsehirses.com\/index.php\/wp-json\/wp\/v2\/users\/1"}],"replies":[{"embeddable":true,"href":"https:\/\/www.kirsehirses.com\/index.php\/wp-json\/wp\/v2\/comments?post=623"}],"version-history":[{"count":1,"href":"https:\/\/www.kirsehirses.com\/index.php\/wp-json\/wp\/v2\/posts\/623\/revisions"}],"predecessor-version":[{"id":626,"href":"https:\/\/www.kirsehirses.com\/index.php\/wp-json\/wp\/v2\/posts\/623\/revisions\/626"}],"wp:featuredmedia":[{"embeddable":true,"href":"https:\/\/www.kirsehirses.com\/index.php\/wp-json\/wp\/v2\/media\/624"}],"wp:attachment":[{"href":"https:\/\/www.kirsehirses.com\/index.php\/wp-json\/wp\/v2\/media?parent=623"}],"wp:term":[{"taxonomy":"category","embeddable":true,"href":"https:\/\/www.kirsehirses.com\/index.php\/wp-json\/wp\/v2\/categories?post=623"},{"taxonomy":"post_tag","embeddable":true,"href":"https:\/\/www.kirsehirses.com\/index.php\/wp-json\/wp\/v2\/tags?post=623"}],"curies":[{"name":"wp","href":"https:\/\/api.w.org\/{rel}","templated":true}]}}