{"id":627,"date":"2025-10-21T03:58:49","date_gmt":"2025-10-21T00:58:49","guid":{"rendered":"https:\/\/www.kirsehirses.com\/?p=627"},"modified":"2025-10-21T04:08:27","modified_gmt":"2025-10-21T01:08:27","slug":"sonbahar-sanatin-ve-sessizligin-mevsimi","status":"publish","type":"post","link":"https:\/\/www.kirsehirses.com\/index.php\/2025\/10\/21\/sonbahar-sanatin-ve-sessizligin-mevsimi\/","title":{"rendered":"Sonbahar: Sanat\u0131n ve Sessizli\u011fin Mevsimi"},"content":{"rendered":"<h3><b>Sonbahar: Sanat\u0131n ve Sessizli\u011fin Mevsimi<\/b><\/h3>\n<p><span style=\"font-weight: 400;\">Do\u011fa, insan ve zaman\u2026 Hepsi sonbaharda bulu\u015fur.<\/span><\/p>\n<p><span style=\"font-weight: 400;\">Kaman\u2019\u0131n Japon Bah\u00e7esi\u2019nden Mucur\u2019un Seyfe G\u00f6l\u00fc\u2019ne kadar her yerde, bir yandan renklerin sessiz g\u00fczelli\u011fi, \u00f6te yandan iklim de\u011fi\u015fikli\u011finin ac\u0131 izleri kendini hissettiriyor.<\/span><\/p>\n<p>\u201cNe g\u00fczel \u015fey hat\u0131rlamak seni,<br \/>\nBir mavi \u0131\u015f\u0131k gibi uzak ve h\u00fcz\u00fcnl\u00fc\u2026\u201d<\/p>\n<p>diyor \u015fair. Belki de sonbahar\u0131n en g\u00fczel tan\u0131m\u0131 bu dizelerde gizli: uzak, h\u00fcz\u00fcnl\u00fc ama bir o kadar da zarif. G\u00fcne\u015fin yak\u0131c\u0131 y\u00fcz\u00fcn\u00fc geride b\u0131rak\u0131p i\u00e7imizi serinleten bir dinginlik getirir sonbahar. G\u00f6k art\u0131k masmavi de\u011fil, biraz bulutlu; a\u011fa\u00e7lar yemye\u015fil de\u011fil, sar\u0131n\u0131n, k\u0131z\u0131l\u0131n, kahverenginin birbirine kar\u0131\u015ft\u0131\u011f\u0131 bir tablo gibidir.<\/p>\n<p><span style=\"font-weight: 400;\">Sonbahar, do\u011fan\u0131n bize yazd\u0131\u011f\u0131 en g\u00fczel mektuptur asl\u0131nda. Her yaprak, yava\u015f\u00e7a s\u00fcz\u00fcl\u00fcrken topra\u011fa, \u201cyeniden do\u011fmak i\u00e7in \u00f6lmek gerek\u201d der gibi usulca d\u00fc\u015fer. Di\u011fer mevsimler tela\u015fl\u0131d\u0131r; yaz s\u0131cakt\u0131r, k\u0131\u015f serttir, ilkbahar acelecidir. Ama sonbahar\u2026 O durur, d\u00fc\u015f\u00fcn\u00fcr, bekler.<\/span><\/p>\n<p><span style=\"font-weight: 400;\">Bu y\u00fczden \u201cSonbahar sanatt\u0131r, di\u011ferleri mevsim\u201d der \u015fair. \u00c7\u00fcnk\u00fc bu mevsim, do\u011fan\u0131n sanatla nefes ald\u0131\u011f\u0131, insan\u0131n kendini en \u00e7ok dinledi\u011fi zamand\u0131r.<\/span><\/p>\n<p><span style=\"font-weight: 400;\">K\u0131r\u015fehir\u2019de sonbahar, adeta do\u011fan\u0131n kendi elinden \u00e7\u0131km\u0131\u015f bir tablo gibidir. Japon Bah\u00e7esi\u2019nde sararan yapraklar\u0131n suya d\u00fc\u015f\u00fc\u015f\u00fc, g\u00f6letteki yans\u0131malarla birle\u015fir; Kent Park\u2019ta y\u00fcr\u00fcyenlerin ayaklar\u0131 alt\u0131nda h\u0131\u015f\u0131rdayan yapraklar\u0131n sesi Unesco m\u00fczik \u015fehrinin fon m\u00fczi\u011fi olur.<\/span><\/p>\n<p><span style=\"font-weight: 400;\">Sabahlar\u0131 ince bir sis kaplar K\u0131r\u015fehir\u2019in caddelerini; g\u00fcn do\u011farken Ahi Evran K\u00fclliyesi\u2019nin ta\u015flar\u0131 aras\u0131nda g\u00fcne\u015fin alt\u0131n rengi s\u00fcz\u00fcl\u00fcr.<\/span><\/p>\n<p><span style=\"font-weight: 400;\">Kaleh\u00f6y\u00fck\u2019ten bakt\u0131\u011f\u0131n\u0131zda, \u015fehrin \u00e7evresini saran bozk\u0131r bile sonbaharda bir ba\u015fka g\u00fczelli\u011fe b\u00fcr\u00fcn\u00fcr.<\/span><\/p>\n<p><span style=\"font-weight: 400;\">Ne \u00e7ok renge, ne \u00e7ok duygunun izine rastlan\u0131r o anda\u2026<\/span><\/p>\n<p><span style=\"font-weight: 400;\">Sonbahar, K\u0131r\u015fehir\u2019de bir huzurun ad\u0131 gibidir. Kentin insan\u0131 da bu mevsimde biraz daha dinginle\u015fir, biraz daha i\u00e7ine d\u00f6ner. Belki de bu y\u00fczden Ahilik diyar\u0131nda, do\u011fa bile \u00f6l\u00e7\u00fcl\u00fc bir tevazu i\u00e7inde renk de\u011fi\u015ftirir.<\/span><\/p>\n<p><span style=\"font-weight: 400;\">Ve elbette K\u0131r\u015fehir denince, g\u00f6nl\u00fcn saz\u0131 susmaz.<\/span><\/p>\n<p><span style=\"font-weight: 400;\">Bu topraklarda esen r\u00fczg\u00e2r bile bir t\u00fcrk\u00fc ta\u015f\u0131r.<\/span><\/p>\n<p><span style=\"font-weight: 400;\">Ne\u015fet Erta\u015f\u2019\u0131n sesi h\u00e2l\u00e2 bozk\u0131r\u0131n \u00fczerinden yank\u0131lan\u0131r; sanki her yaprak d\u00fc\u015ferken onun saz\u0131n\u0131n teli titrer.<\/span><\/p>\n<p><span style=\"font-weight: 400;\">O, bu topra\u011f\u0131n hem sesi hem vicdan\u0131d\u0131r. G\u00f6nl\u00fcnden d\u00f6k\u00fclen t\u00fcrk\u00fcler, sonbahar\u0131n h\u00fczn\u00fcyle ayn\u0131 tondan konu\u015fur.<\/span><\/p>\n<p><span style=\"font-weight: 400;\">Bir \u015fair m\u0131sralar\u0131nda \u015f\u00f6yle der:<\/span><br \/>\n<span style=\"font-weight: 400;\">&#8220;Yaz\u0131n ya\u011fmur, k\u0131\u015f\u0131n kar,<\/span><br \/>\n<span style=\"font-weight: 400;\">Bahar gelir ba\u011flar dar,<\/span><br \/>\n<span style=\"font-weight: 400;\">G\u00fcz gelince g\u00f6nl\u00fcm dar,<\/span><br \/>\n<span style=\"font-weight: 400;\">G\u00fcz\u00fcm sensin K\u0131r\u015fehir.&#8221;<\/span><\/p>\n<p><span style=\"font-weight: 400;\">Bu d\u00f6rtl\u00fckteki \u201cg\u00fcz\u201d, sadece bir mevsim de\u011fildir; bir vefa, bir \u00f6zlem, bir s\u00fck\u00fbnet h\u00e2lidir.<\/span><\/p>\n<p><span style=\"font-weight: 400;\">Ne\u015fet Erta\u015f i\u00e7in sonbahar, do\u011fan\u0131n sessizli\u011finde insan\u0131n i\u00e7 sesini duymakt\u0131r.<\/span><\/p>\n<p><span style=\"font-weight: 400;\">Onun saz\u0131ndan y\u00fckselen na\u011fmeler, Japon Bah\u00e7esi\u2019ndeki yaprak h\u0131\u015f\u0131rt\u0131s\u0131na, Kent Park\u2019taki r\u00fczg\u00e2r\u0131n u\u011fultusuna kar\u0131\u015f\u0131r.<\/span><\/p>\n<p><span style=\"font-weight: 400;\">K\u0131r\u015fehir\u2019in her soka\u011f\u0131nda onun sesiyle bir hat\u0131ra ya\u015far; her sonbahar geldi\u011finde, \u015fehir biraz daha Ne\u015fet kokar.<\/span><br \/>\n<img loading=\"lazy\" decoding=\"async\" class=\"alignnone size-full wp-image-628\" src=\"https:\/\/www.kirsehirses.com\/wp-content\/uploads\/2025\/10\/Ekran-goruntusu-2025-10-21-035613.png\" alt=\"\" width=\"1195\" height=\"671\" srcset=\"https:\/\/www.kirsehirses.com\/wp-content\/uploads\/2025\/10\/Ekran-goruntusu-2025-10-21-035613.png 1195w, https:\/\/www.kirsehirses.com\/wp-content\/uploads\/2025\/10\/Ekran-goruntusu-2025-10-21-035613-300x168.png 300w, https:\/\/www.kirsehirses.com\/wp-content\/uploads\/2025\/10\/Ekran-goruntusu-2025-10-21-035613-1024x575.png 1024w, https:\/\/www.kirsehirses.com\/wp-content\/uploads\/2025\/10\/Ekran-goruntusu-2025-10-21-035613-768x431.png 768w\" sizes=\"auto, (max-width: 1195px) 100vw, 1195px\" \/><br \/>\n<span style=\"font-weight: 400;\">Ne yaz\u0131k ki, bu g\u00fczelli\u011fi ya\u015famak art\u0131k eskisi kadar uzun s\u00fcrm\u00fcyor.<\/span><\/p>\n<p><span style=\"font-weight: 400;\">\u0130klim de\u011fi\u015fikli\u011fi, do\u011fan\u0131n y\u00fczy\u0131llard\u0131r s\u00fcrd\u00fcrd\u00fc\u011f\u00fc ritmi bozdu. Eskiden eyl\u00fcl serinli\u011fiyle ba\u015flayan o tatl\u0131 ge\u00e7i\u015f, \u015fimdi ya birden bast\u0131ran so\u011fukla ya da uzay\u0131p giden yaz s\u0131ca\u011f\u0131yla yer de\u011fi\u015ftiriyor.<\/span><\/p>\n<p><span style=\"font-weight: 400;\">Bir zamanlar \u201cara mevsim\u201d dedi\u011fimiz ilkbahar ve sonbahar, art\u0131k neredeyse g\u00f6r\u00fcnmez hale geldi.<\/span><\/p>\n<p><span style=\"font-weight: 400;\">K\u0131r\u015fehir de bu de\u011fi\u015fimden pay\u0131n\u0131 al\u0131yor.<\/span><\/p>\n<p><span style=\"font-weight: 400;\">Bir zamanlar \u00e7evresine bereket sa\u00e7an, binlerce ku\u015f t\u00fcr\u00fcne ev sahipli\u011fi yapan Seyfe G\u00f6l\u00fc Ku\u015f Cenneti, art\u0131k ad\u0131n\u0131n hakk\u0131n\u0131 veremiyor.<\/span><\/p>\n<p><span style=\"font-weight: 400;\">Y\u0131llar \u00f6nce g\u00f6\u00e7men ku\u015flar\u0131n g\u00f6ky\u00fcz\u00fcn\u00fc doldurdu\u011fu o geni\u015f sulak alanlar, bug\u00fcn \u00e7atlam\u0131\u015f topraklarla kapl\u0131. G\u00f6\u00e7men ku\u015flar, art\u0131k u\u011framadan ge\u00e7iyor bu diyarlardan.<\/span><\/p>\n<p><span style=\"font-weight: 400;\">Kurakl\u0131k K\u0131r\u015fehir\u2019in en b\u00fcy\u00fck ger\u00e7e\u011fi haline geldi.<\/span><\/p>\n<p><span style=\"font-weight: 400;\">Ya\u011f\u0131\u015flar\u0131n azl\u0131\u011f\u0131 sadece g\u00f6lleri de\u011fil, \u00e7ift\u00e7inin eme\u011fini, \u00fcreticinin umudunu da etkiliyor.<\/span><\/p>\n<p><span style=\"font-weight: 400;\">Bu y\u0131l ilkbaharda zamans\u0131z gelen so\u011fuklar ve zirai don a\u011fa\u00e7lar\u0131 vurdu. Elma, kay\u0131s\u0131, kiraz ve ceviz a\u011fa\u00e7lar\u0131n\u0131n \u00e7o\u011fu meyve vermedi. Baz\u0131 k\u00f6ylerde neredeyse hi\u00e7 hasat yap\u0131lamad\u0131.<\/span><\/p>\n<p><span style=\"font-weight: 400;\">\u00dcretici, \u201cdaha \u00f6nce b\u00f6yle bir don g\u00f6rmemi\u015ftik\u201d derken; do\u011fa, kendi dengesini sessizce kaybediyordu.<\/span><\/p>\n<p><span style=\"font-weight: 400;\">Toprak da konu\u015fuyor asl\u0131nda.<\/span><\/p>\n<p><span style=\"font-weight: 400;\">Normalde eyl\u00fcl ay\u0131nda yap\u0131lan hububat ekimi, bu y\u0131l ekim ay\u0131n\u0131n sonuna yakla\u015fmam\u0131za ra\u011fmen ancak yeni yeni ba\u015flat\u0131labiliyor. Tarlalar ya\u011fmur bekliyor, tohumun ye\u015ferebilmesi i\u00e7in g\u00f6ky\u00fcz\u00fcne umutla bak\u0131l\u0131yor.<\/span><\/p>\n<p><span style=\"font-weight: 400;\">Art\u0131k sonbahar\u0131n yapraklar\u0131 sadece topra\u011fa de\u011fil, bize de bir \u015fey anlat\u0131yor:<\/span><\/p>\n<p><span style=\"font-weight: 400;\">Dengeyi kaybettik.<\/span><\/p>\n<p><span style=\"font-weight: 400;\">Do\u011fan\u0131n sabr\u0131n\u0131 zorlad\u0131k, mevsimlerin s\u0131ras\u0131n\u0131 \u015fa\u015f\u0131rtt\u0131k, topra\u011f\u0131n dilini unuttuk.<\/span><\/p>\n<p><span style=\"font-weight: 400;\">Ama h\u00e2l\u00e2 ge\u00e7 de\u011fil.<\/span><\/p>\n<p><span style=\"font-weight: 400;\">Do\u011fan\u0131n bize sundu\u011fu her d\u00f6ng\u00fc, bir uyar\u0131dan \u00e7ok bir \u00e7a\u011fr\u0131d\u0131r asl\u0131nda.<\/span><\/p>\n<p><span style=\"font-weight: 400;\">K\u0131r\u015fehir\u2019in sonbahar\u0131n\u0131 izlerken, Japon Bah\u00e7esi\u2019nde d\u00fc\u015fen bir yaprak bize \u015funu f\u0131s\u0131ldar:<\/span><\/p>\n<p><span style=\"font-weight: 400;\">\u201cBeni korursan, yeniden do\u011far\u0131m.\u201d<\/span><\/p>\n<p><span style=\"font-weight: 400;\">Ne\u015fet Erta\u015f\u2019\u0131n sesi de sanki uzaktan ayn\u0131 \u015feyi s\u00f6yler:<\/span><\/p>\n<p><span style=\"font-weight: 400;\">\u201c\u0130nsano\u011flu, d\u00fcnyaya hoyrat davranma; saz\u0131n teli koparsa, t\u00fcrk\u00fc de susar.\u201d<\/span><\/p>\n<p><span style=\"font-weight: 400;\">Bu y\u00fczden sonbahar\u0131 yaln\u0131zca bir mevsim olarak de\u011fil, bir uyar\u0131 olarak da g\u00f6rmek gerekiyor.<\/span><\/p>\n<p><span style=\"font-weight: 400;\">Her d\u00f6k\u00fclen yaprakta, her kuruyan dalda bize anlat\u0131lan bir hik\u00e2ye var.<\/span><\/p>\n<p><span style=\"font-weight: 400;\">Do\u011fan\u0131n sessiz dilini anlamak, gelece\u011fe en g\u00fczel miras\u0131 b\u0131rakman\u0131n ilk ad\u0131m\u0131d\u0131r.<\/span><\/p>\n<p><span style=\"font-weight: 400;\">Sonbahar h\u00e2l\u00e2 g\u00fczel.<\/span><\/p>\n<p><span style=\"font-weight: 400;\">\u00d6zellikle K\u0131r\u015fehir\u2019de, do\u011fan\u0131n renkleriyle insan\u0131n i\u00e7 d\u00fcnyas\u0131n\u0131n bulu\u015ftu\u011fu o \u00f6zel anlarda\u2026<\/span><\/p>\n<p><span style=\"font-weight: 400;\">Ama o g\u00fczelli\u011fi korumak bizim elimizde.<\/span><\/p>\n<p><span style=\"font-weight: 400;\">Yoksa \u015fairin dizeleri bir g\u00fcn \u015f\u00f6yle de\u011fi\u015febilir:<\/span><br \/>\n<span style=\"font-weight: 400;\">\u201cNe g\u00fczel \u015fey hat\u0131rlamak seni\u2026<\/span><br \/>\n<span style=\"font-weight: 400;\">Ama sen art\u0131k hi\u00e7 gelmiyorsun.\u201d<\/span><\/p>\n","protected":false},"excerpt":{"rendered":"<p>Sonbahar: Sanat\u0131n ve Sessizli\u011fin Mevsimi Do\u011fa, insan ve zaman\u2026 Hepsi sonbaharda bulu\u015fur. Kaman\u2019\u0131n Japon Bah\u00e7esi\u2019nden Mucur\u2019un Seyfe G\u00f6l\u00fc\u2019ne kadar her yerde, bir yandan renklerin sessiz g\u00fczelli\u011fi, \u00f6te yandan iklim de\u011fi\u015fikli\u011finin ac\u0131 izleri kendini hissettiriyor. \u201cNe g\u00fczel \u015fey hat\u0131rlamak seni, Bir mavi \u0131\u015f\u0131k gibi uzak ve h\u00fcz\u00fcnl\u00fc\u2026\u201d diyor \u015fair. Belki de sonbahar\u0131n en g\u00fczel tan\u0131m\u0131 bu [&hellip;]<\/p>\n","protected":false},"author":1,"featured_media":629,"comment_status":"open","ping_status":"open","sticky":false,"template":"","format":"standard","meta":{"footnotes":""},"categories":[8],"tags":[],"class_list":["post-627","post","type-post","status-publish","format-standard","has-post-thumbnail","hentry","category-kirsehir"],"_links":{"self":[{"href":"https:\/\/www.kirsehirses.com\/index.php\/wp-json\/wp\/v2\/posts\/627","targetHints":{"allow":["GET"]}}],"collection":[{"href":"https:\/\/www.kirsehirses.com\/index.php\/wp-json\/wp\/v2\/posts"}],"about":[{"href":"https:\/\/www.kirsehirses.com\/index.php\/wp-json\/wp\/v2\/types\/post"}],"author":[{"embeddable":true,"href":"https:\/\/www.kirsehirses.com\/index.php\/wp-json\/wp\/v2\/users\/1"}],"replies":[{"embeddable":true,"href":"https:\/\/www.kirsehirses.com\/index.php\/wp-json\/wp\/v2\/comments?post=627"}],"version-history":[{"count":3,"href":"https:\/\/www.kirsehirses.com\/index.php\/wp-json\/wp\/v2\/posts\/627\/revisions"}],"predecessor-version":[{"id":632,"href":"https:\/\/www.kirsehirses.com\/index.php\/wp-json\/wp\/v2\/posts\/627\/revisions\/632"}],"wp:featuredmedia":[{"embeddable":true,"href":"https:\/\/www.kirsehirses.com\/index.php\/wp-json\/wp\/v2\/media\/629"}],"wp:attachment":[{"href":"https:\/\/www.kirsehirses.com\/index.php\/wp-json\/wp\/v2\/media?parent=627"}],"wp:term":[{"taxonomy":"category","embeddable":true,"href":"https:\/\/www.kirsehirses.com\/index.php\/wp-json\/wp\/v2\/categories?post=627"},{"taxonomy":"post_tag","embeddable":true,"href":"https:\/\/www.kirsehirses.com\/index.php\/wp-json\/wp\/v2\/tags?post=627"}],"curies":[{"name":"wp","href":"https:\/\/api.w.org\/{rel}","templated":true}]}}