{"id":638,"date":"2025-10-25T06:38:02","date_gmt":"2025-10-25T03:38:02","guid":{"rendered":"https:\/\/www.kirsehirses.com\/?p=638"},"modified":"2025-10-25T06:38:02","modified_gmt":"2025-10-25T03:38:02","slug":"yetisen-yildizlarspordan-deplasmanda-net-galibiyet-3-0","status":"publish","type":"post","link":"https:\/\/www.kirsehirses.com\/index.php\/2025\/10\/25\/yetisen-yildizlarspordan-deplasmanda-net-galibiyet-3-0\/","title":{"rendered":"Yeti\u015fen Y\u0131ld\u0131zlarspor\u2019dan Deplasmanda Net Galibiyet: 3-0"},"content":{"rendered":"<p><strong>Yeti\u015fen Y\u0131ld\u0131zlarspor\u2019dan Deplasmanda Net Galibiyet: 3-0<\/strong><\/p>\n<p><img loading=\"lazy\" decoding=\"async\" class=\"alignnone size-full wp-image-639\" src=\"https:\/\/www.kirsehirses.com\/wp-content\/uploads\/2025\/10\/WhatsApp-Gorsel-2025-10-22-saat-21.33.28_5789bab0.jpg\" alt=\"\" width=\"1079\" height=\"1080\" srcset=\"https:\/\/www.kirsehirses.com\/wp-content\/uploads\/2025\/10\/WhatsApp-Gorsel-2025-10-22-saat-21.33.28_5789bab0.jpg 1079w, https:\/\/www.kirsehirses.com\/wp-content\/uploads\/2025\/10\/WhatsApp-Gorsel-2025-10-22-saat-21.33.28_5789bab0-300x300.jpg 300w, https:\/\/www.kirsehirses.com\/wp-content\/uploads\/2025\/10\/WhatsApp-Gorsel-2025-10-22-saat-21.33.28_5789bab0-1024x1024.jpg 1024w, https:\/\/www.kirsehirses.com\/wp-content\/uploads\/2025\/10\/WhatsApp-Gorsel-2025-10-22-saat-21.33.28_5789bab0-150x150.jpg 150w, https:\/\/www.kirsehirses.com\/wp-content\/uploads\/2025\/10\/WhatsApp-Gorsel-2025-10-22-saat-21.33.28_5789bab0-768x769.jpg 768w\" sizes=\"auto, (max-width: 1079px) 100vw, 1079px\" \/><\/p>\n<p>B\u00f6lgesel Amat\u00f6r Lig (BAL) 4. Grup&#8217;ta m\u00fccadele eden K\u0131r\u015fehir Yeti\u015fen Y\u0131ld\u0131zlarspor, deplasmanda Merzifonspor\u2019u 3-0 ma\u011flup etti.<\/p>\n<p>Amasya Merzifon \u0130l\u00e7e Stadyumu\u2019nda oynanan kar\u015f\u0131la\u015fman\u0131n ilk yar\u0131s\u0131 gols\u00fcz e\u015fitlikle tamamland\u0131. \u0130kinci yar\u0131ya h\u0131zl\u0131 ba\u015flayan K\u0131r\u015fehir ekibi, Teknik Direkt\u00f6r Ekrem Y\u0131lmaz\u2019\u0131n yapt\u0131\u011f\u0131 de\u011fi\u015fikliklerle oyunun kontrol\u00fcn\u00fc ele ge\u00e7irdi.<\/p>\n<p>69. ve 85. dakikalarda Ali Y\u0131lmaz \u00dclker, 78. dakikada ise Mert Kurt\u2019un golleriyle skoru belirleyen Yeti\u015fen Y\u0131ld\u0131zlarspor, ligdeki ilk galibiyetini ald\u0131.<\/p>\n<p>Banka kredisiyle lige kat\u0131lan ve \u00e7o\u011funlu\u011fu \u00fcniversite \u00f6\u011frencilerinden olu\u015fan K\u0131r\u015fehir temsilcisi, maddi imk\u00e2ns\u0131zl\u0131klara ra\u011fmen ligde m\u00fccadelesini s\u00fcrd\u00fcr\u00fcyor.<\/p>\n","protected":false},"excerpt":{"rendered":"<p>Yeti\u015fen Y\u0131ld\u0131zlarspor\u2019dan Deplasmanda Net Galibiyet: 3-0 B\u00f6lgesel Amat\u00f6r Lig (BAL) 4. Grup&#8217;ta m\u00fccadele eden K\u0131r\u015fehir Yeti\u015fen Y\u0131ld\u0131zlarspor, deplasmanda Merzifonspor\u2019u 3-0 ma\u011flup etti. Amasya Merzifon \u0130l\u00e7e Stadyumu\u2019nda oynanan kar\u015f\u0131la\u015fman\u0131n ilk yar\u0131s\u0131 gols\u00fcz e\u015fitlikle tamamland\u0131. \u0130kinci yar\u0131ya h\u0131zl\u0131 ba\u015flayan K\u0131r\u015fehir ekibi, Teknik Direkt\u00f6r Ekrem Y\u0131lmaz\u2019\u0131n yapt\u0131\u011f\u0131 de\u011fi\u015fikliklerle oyunun kontrol\u00fcn\u00fc ele ge\u00e7irdi. 69. ve 85. dakikalarda Ali Y\u0131lmaz [&hellip;]<\/p>\n","protected":false},"author":1,"featured_media":639,"comment_status":"open","ping_status":"open","sticky":false,"template":"","format":"standard","meta":{"footnotes":""},"categories":[4],"tags":[],"class_list":["post-638","post","type-post","status-publish","format-standard","has-post-thumbnail","hentry","category-spor"],"_links":{"self":[{"href":"https:\/\/www.kirsehirses.com\/index.php\/wp-json\/wp\/v2\/posts\/638","targetHints":{"allow":["GET"]}}],"collection":[{"href":"https:\/\/www.kirsehirses.com\/index.php\/wp-json\/wp\/v2\/posts"}],"about":[{"href":"https:\/\/www.kirsehirses.com\/index.php\/wp-json\/wp\/v2\/types\/post"}],"author":[{"embeddable":true,"href":"https:\/\/www.kirsehirses.com\/index.php\/wp-json\/wp\/v2\/users\/1"}],"replies":[{"embeddable":true,"href":"https:\/\/www.kirsehirses.com\/index.php\/wp-json\/wp\/v2\/comments?post=638"}],"version-history":[{"count":1,"href":"https:\/\/www.kirsehirses.com\/index.php\/wp-json\/wp\/v2\/posts\/638\/revisions"}],"predecessor-version":[{"id":640,"href":"https:\/\/www.kirsehirses.com\/index.php\/wp-json\/wp\/v2\/posts\/638\/revisions\/640"}],"wp:featuredmedia":[{"embeddable":true,"href":"https:\/\/www.kirsehirses.com\/index.php\/wp-json\/wp\/v2\/media\/639"}],"wp:attachment":[{"href":"https:\/\/www.kirsehirses.com\/index.php\/wp-json\/wp\/v2\/media?parent=638"}],"wp:term":[{"taxonomy":"category","embeddable":true,"href":"https:\/\/www.kirsehirses.com\/index.php\/wp-json\/wp\/v2\/categories?post=638"},{"taxonomy":"post_tag","embeddable":true,"href":"https:\/\/www.kirsehirses.com\/index.php\/wp-json\/wp\/v2\/tags?post=638"}],"curies":[{"name":"wp","href":"https:\/\/api.w.org\/{rel}","templated":true}]}}