{"id":641,"date":"2025-10-25T06:39:13","date_gmt":"2025-10-25T03:39:13","guid":{"rendered":"https:\/\/www.kirsehirses.com\/?p=641"},"modified":"2025-10-25T06:39:13","modified_gmt":"2025-10-25T03:39:13","slug":"kirsehir-fk-kilis-deplasmaninda-galibiyet-pesinde","status":"publish","type":"post","link":"https:\/\/www.kirsehirses.com\/index.php\/2025\/10\/25\/kirsehir-fk-kilis-deplasmaninda-galibiyet-pesinde\/","title":{"rendered":"K\u0131r\u015fehir FK, Kilis Deplasman\u0131nda Galibiyet Pe\u015finde"},"content":{"rendered":"<p><strong>K\u0131r\u015fehir FK, Kilis Deplasman\u0131nda Galibiyet Pe\u015finde<\/strong><\/p>\n<p><img loading=\"lazy\" decoding=\"async\" class=\"alignnone size-full wp-image-642\" src=\"https:\/\/www.kirsehirses.com\/wp-content\/uploads\/2025\/10\/WhatsApp-Gorsel-2025-10-23-saat-16.35.03_1d3b0591.jpg\" alt=\"\" width=\"1600\" height=\"1066\" srcset=\"https:\/\/www.kirsehirses.com\/wp-content\/uploads\/2025\/10\/WhatsApp-Gorsel-2025-10-23-saat-16.35.03_1d3b0591.jpg 1600w, https:\/\/www.kirsehirses.com\/wp-content\/uploads\/2025\/10\/WhatsApp-Gorsel-2025-10-23-saat-16.35.03_1d3b0591-300x200.jpg 300w, https:\/\/www.kirsehirses.com\/wp-content\/uploads\/2025\/10\/WhatsApp-Gorsel-2025-10-23-saat-16.35.03_1d3b0591-1024x682.jpg 1024w, https:\/\/www.kirsehirses.com\/wp-content\/uploads\/2025\/10\/WhatsApp-Gorsel-2025-10-23-saat-16.35.03_1d3b0591-768x512.jpg 768w, https:\/\/www.kirsehirses.com\/wp-content\/uploads\/2025\/10\/WhatsApp-Gorsel-2025-10-23-saat-16.35.03_1d3b0591-1536x1023.jpg 1536w\" sizes=\"auto, (max-width: 1600px) 100vw, 1600px\" \/><\/p>\n<p>Nesine.com 3. Lig 2. Grup\u2019ta m\u00fccadele eden Ejdero\u011flu K\u0131r\u015fehir FK, ligin 8. haftas\u0131nda 26 Ekim Pazar g\u00fcn\u00fc saat 14.00\u2019te Kilis ile 7 Aral\u0131k Stadyumu&#8217;nda kar\u015f\u0131 kar\u015f\u0131ya gelecek.<\/p>\n<p>Haz\u0131rl\u0131klar\u0131n\u0131 G\u00fcneykent Tesisleri\u2019nde s\u00fcrd\u00fcren K\u0131r\u015fehir FK, cuma g\u00fcn\u00fc taktik ve duran top \u00e7al\u0131\u015fmalar\u0131 yapt\u0131ktan sonra cumartesi sabah\u0131 Kilis\u2019e hareket edecek. Sakat Yusuf Ak\u0131n kadroda yer almazken, forvet Hasan T\u00fcrky\u0131lmaz\u2019\u0131n durumu belirsiz.<\/p>\n<p>\u00d6te yandan Kilis ekibinde teknik direkt\u00f6r de\u011fi\u015fikli\u011fi ya\u015fand\u0131; Ferhat Timo\u00e7in&#8217;in yerine Sava\u015f Akp\u0131nar g\u00f6reve\u00a0getirildi.<\/p>\n","protected":false},"excerpt":{"rendered":"<p>K\u0131r\u015fehir FK, Kilis Deplasman\u0131nda Galibiyet Pe\u015finde Nesine.com 3. Lig 2. Grup\u2019ta m\u00fccadele eden Ejdero\u011flu K\u0131r\u015fehir FK, ligin 8. haftas\u0131nda 26 Ekim Pazar g\u00fcn\u00fc saat 14.00\u2019te Kilis ile 7 Aral\u0131k Stadyumu&#8217;nda kar\u015f\u0131 kar\u015f\u0131ya gelecek. Haz\u0131rl\u0131klar\u0131n\u0131 G\u00fcneykent Tesisleri\u2019nde s\u00fcrd\u00fcren K\u0131r\u015fehir FK, cuma g\u00fcn\u00fc taktik ve duran top \u00e7al\u0131\u015fmalar\u0131 yapt\u0131ktan sonra cumartesi sabah\u0131 Kilis\u2019e hareket edecek. Sakat Yusuf [&hellip;]<\/p>\n","protected":false},"author":1,"featured_media":642,"comment_status":"open","ping_status":"open","sticky":false,"template":"","format":"standard","meta":{"footnotes":""},"categories":[4],"tags":[],"class_list":["post-641","post","type-post","status-publish","format-standard","has-post-thumbnail","hentry","category-spor"],"_links":{"self":[{"href":"https:\/\/www.kirsehirses.com\/index.php\/wp-json\/wp\/v2\/posts\/641","targetHints":{"allow":["GET"]}}],"collection":[{"href":"https:\/\/www.kirsehirses.com\/index.php\/wp-json\/wp\/v2\/posts"}],"about":[{"href":"https:\/\/www.kirsehirses.com\/index.php\/wp-json\/wp\/v2\/types\/post"}],"author":[{"embeddable":true,"href":"https:\/\/www.kirsehirses.com\/index.php\/wp-json\/wp\/v2\/users\/1"}],"replies":[{"embeddable":true,"href":"https:\/\/www.kirsehirses.com\/index.php\/wp-json\/wp\/v2\/comments?post=641"}],"version-history":[{"count":1,"href":"https:\/\/www.kirsehirses.com\/index.php\/wp-json\/wp\/v2\/posts\/641\/revisions"}],"predecessor-version":[{"id":643,"href":"https:\/\/www.kirsehirses.com\/index.php\/wp-json\/wp\/v2\/posts\/641\/revisions\/643"}],"wp:featuredmedia":[{"embeddable":true,"href":"https:\/\/www.kirsehirses.com\/index.php\/wp-json\/wp\/v2\/media\/642"}],"wp:attachment":[{"href":"https:\/\/www.kirsehirses.com\/index.php\/wp-json\/wp\/v2\/media?parent=641"}],"wp:term":[{"taxonomy":"category","embeddable":true,"href":"https:\/\/www.kirsehirses.com\/index.php\/wp-json\/wp\/v2\/categories?post=641"},{"taxonomy":"post_tag","embeddable":true,"href":"https:\/\/www.kirsehirses.com\/index.php\/wp-json\/wp\/v2\/tags?post=641"}],"curies":[{"name":"wp","href":"https:\/\/api.w.org\/{rel}","templated":true}]}}