{"id":656,"date":"2025-10-28T05:22:46","date_gmt":"2025-10-28T02:22:46","guid":{"rendered":"https:\/\/www.kirsehirses.com\/?p=656"},"modified":"2025-10-28T18:04:19","modified_gmt":"2025-10-28T15:04:19","slug":"cumhuriyet-bir-milletin-yeniden-dogusu","status":"publish","type":"post","link":"https:\/\/www.kirsehirses.com\/index.php\/2025\/10\/28\/cumhuriyet-bir-milletin-yeniden-dogusu\/","title":{"rendered":"Cumhuriyet:  Bir Milletin  Yeniden Do\u011fu\u015fu"},"content":{"rendered":"<p><span style=\"font-weight: 400;\"><strong>Cumhuriyet: Bir Milletin Yeniden Do\u011fu\u015fu<\/strong><\/span><\/p>\n<p><span style=\"font-weight: 400;\">102 y\u0131l \u00f6nce, Anadolu\u2019nun ba\u011fr\u0131ndan do\u011fan bir ayd\u0131nl\u0131k, yaln\u0131zca bir rejim de\u011fi\u015fikli\u011finden ibaret de\u011fildi. O g\u00fcn, 29 Ekim 1923\u2019te, bir millet kaderini yeniden yazd\u0131; esaret zincirlerini k\u0131rd\u0131, yorgun ama onurlu halk\u0131yla yepyeni bir devlete hayat verdi: T\u00fcrkiye Cumhuriyeti\u2026Ancak bu b\u00fcy\u00fck zaferin ard\u0131nda, tarihin tozlu sayfalar\u0131na g\u00f6m\u00fclm\u00fc\u015f b\u00fcy\u00fck fedakarl\u0131klar, m\u00fccadeleler ve bir halk\u0131n k\u00fcllerinden do\u011fu\u015f hikayesi vard\u0131.<\/span><\/p>\n<p><span style=\"font-weight: 400;\">Cumhuriyet\u2019in do\u011fu\u015funu anlamak i\u00e7in \u00f6nce Osmanl\u0131\u2019n\u0131n son d\u00f6nemine bakmak gerekir. Y\u00fczy\u0131llar boyunca 3 k\u0131taya hakim olan Osmanl\u0131 Devleti, 19. y\u00fczy\u0131l boyunca siyasi, askeri ve ekonomik alanda a\u011f\u0131r darbeler alm\u0131\u015ft\u0131. Ortado\u011fu\u2019daki petrol kokusunu alan \u0130ngilizlerin \u00f6nderli\u011findeki vah\u015fi Avrupa, i\u00e7imizdeki i\u015fbirlik\u00e7iler ile el ele vererek T\u00fcrk devletini y\u0131kmak i\u00e7in her yolu deniyorlard\u0131. Bir taraftan milliyet\u00e7ilik ak\u0131mlar\u0131n\u0131 kullanarak tebay\u0131, bir taraftan da i\u00e7 kar\u0131\u015f\u0131kl\u0131k ve h\u00fcrriyet slogan\u0131 ile halk\u0131 ayakland\u0131r\u0131yordu. H\u00fcrriyet diye diye devletin y\u0131k\u0131lmas\u0131n\u0131 33 y\u0131l geciktiren Abd\u00fclhamit Han tahtan indirilirken, Ortado\u011fu\u2019da \u0130srail devletini kurmak ve petrole hakim olmak i\u00e7in Araplar ayakland\u0131r\u0131l\u0131yor hudutlar\u0131 adeta cetvelle \u00e7izilen yeni devlet\u00e7ikler olu\u015fturuluyordu. Memlekete sahip \u00e7\u0131kma, vatan\u0131 kurtarma ad\u0131na yola \u00e7\u0131kanlar \u00fclkeyi Almanlar\u0131n yan\u0131nda Birinci Cihan Harbine sokuyorlard\u0131.<\/span><\/p>\n<p><span style=\"font-weight: 400;\">Halk\u0131 \u00fcmitsizlik ve \u00e7aresizlik i\u00e7inde olan Osmanl\u0131 Devleti, I. D\u00fcnya Sava\u015f\u0131\u2019n\u0131n ard\u0131ndan fiilen sona ermi\u015fti. Yabanc\u0131 g\u00fc\u00e7ler Anadolu\u2019yu i\u015fgal etmi\u015f, \u0130stanbul\u2019daki h\u00fck\u00fcmet otoritesini yitirmi\u015fti. Halk, y\u0131llard\u0131r s\u00fcren sava\u015flarla yoksulla\u015fm\u0131\u015f, umutlar\u0131n\u0131 yitirmi\u015fti.\u00a0<\/span><\/p>\n<p><span style=\"font-weight: 400;\">\u0130\u015fte bu d\u00f6nemde milletin ba\u011f\u0131ms\u0131zl\u0131k iradesini temsil eden Mustafa Kemal Pa\u015fa ve silah arkada\u015flar\u0131, 1919\u2019da Samsun\u2019a \u00e7\u0131karak Kurtulu\u015f Sava\u015f\u0131\u2019n\u0131 ba\u015flatt\u0131. 1920\u2019de kurulan B\u00fcy\u00fck Millet Meclis\u2019inin y\u00f6netiminde B\u00fcy\u00fck Taarruz\u2019un zaferle sonu\u00e7lanmas\u0131n\u0131n ard\u0131ndan 1923\u2019te Lozan Antla\u015fmas\u0131 imzaland\u0131 ve T\u00fcrk milletinin ba\u011f\u0131ms\u0131zl\u0131\u011f\u0131 t\u00fcm d\u00fcnyaya kabul ettirildi. 29 Ekim 1923\u2019te ise \u201cEgemenlik, kay\u0131ts\u0131z \u015farts\u0131z milletindir\u201d ilkesiyle Cumhuriyet ilan edildi. Mustafa Kemal Pa\u015fa\u2019n\u0131n liderli\u011finde halk\u0131n y\u00f6netime do\u011frudan kat\u0131l\u0131m\u0131n\u0131 esas alan bu sistem, halk\u0131n kendi gelece\u011fini tayin etmesinin \u00f6n\u00fcn\u00fc a\u00e7t\u0131.<\/span><\/p>\n<p><span style=\"font-weight: 400;\">Cumhuriyetin ilk y\u0131llar\u0131nda T\u00fcrkiye, sava\u015flarla harap olmu\u015f, altyap\u0131s\u0131 olmayan, e\u011fitimsizlikle bo\u011fu\u015fan bir \u00fclkeydi. N\u00fcfusun \u00e7o\u011fu k\u0131rsalda ya\u015f\u0131yor, kad\u0131nlar toplumsal ya\u015fam\u0131n d\u0131\u015f\u0131nda kal\u0131yordu. Sanayi neredeyse yoktu, ula\u015f\u0131m imkans\u0131z denecek kadar zay\u0131ft\u0131. Ancak gen\u00e7 Cumhuriyet bu tabloyu de\u011fi\u015ftirmekte kararl\u0131yd\u0131.<\/span><\/p>\n<p><span style=\"font-weight: 400;\">E\u011fitim Seferberli\u011fi ba\u015flat\u0131ld\u0131, modern e\u011fitim sistemi kuruldu. K\u0131z \u00e7ocuklar\u0131n\u0131n okula gitmesi te\u015fvik edildi. Tar\u0131mda modernle\u015fme ad\u0131mlar\u0131 at\u0131ld\u0131. S\u00fcmerbank, Etibank, T\u00fcrkiye \u0130\u015f Bankas\u0131 gibi kurumlar kurularak ekonomik ba\u011f\u0131ms\u0131zl\u0131k hedeflendi.<\/span><\/p>\n<p><span style=\"font-weight: 400;\">Aradan ge\u00e7en 100 y\u0131l\u0131 a\u015fk\u0131n s\u00fcrede T\u00fcrkiye, \u00e7ok partili hayata ge\u00e7ti, sanayi ve teknoloji alan\u0131nda b\u00fcy\u00fck ad\u0131mlar att\u0131. Savunma sanayisinde yerlilik oran\u0131 artt\u0131, ASELSAN, TUSA\u015e, ROKETSAN gibi kurumlar d\u00fcnya \u00e7ap\u0131nda projelere imza att\u0131. Bug\u00fcn kendi insans\u0131z hava ara\u00e7lar\u0131n\u0131, sava\u015f gemilerini, sava\u015f u\u00e7aklar\u0131n\u0131, sava\u015f helikopterlerini, bug\u00fcn kahraman ordumuza t\u00f6renle teslim edilecek olan Altay tanklar\u0131n\u0131, hatta uydusunu \u00fcreten bir T\u00fcrkiye var.<\/span><\/p>\n<p><span style=\"font-weight: 400;\">E\u011fitimde milyonlarca \u00f6\u011frenci \u00fcniversiteye ula\u015fabiliyor. Sa\u011fl\u0131kta yap\u0131lan yat\u0131r\u0131mlarla \u015fehir hastaneleri ve altyap\u0131 reformlar\u0131 hayata ge\u00e7irildi. Ekonomik zorluklara ra\u011fmen T\u00fcrkiye, d\u00fcnyan\u0131n en b\u00fcy\u00fck 20 ekonomisi aras\u0131nda yer almay\u0131 s\u00fcrd\u00fcr\u00fcyor.\u00a0<\/span><\/p>\n<p><img loading=\"lazy\" decoding=\"async\" class=\"alignnone size-full wp-image-657\" src=\"https:\/\/www.kirsehirses.com\/wp-content\/uploads\/2025\/10\/Ekran-goruntusu-2025-10-28-051609.png\" alt=\"\" width=\"1170\" height=\"647\" srcset=\"https:\/\/www.kirsehirses.com\/wp-content\/uploads\/2025\/10\/Ekran-goruntusu-2025-10-28-051609.png 1170w, https:\/\/www.kirsehirses.com\/wp-content\/uploads\/2025\/10\/Ekran-goruntusu-2025-10-28-051609-300x166.png 300w, https:\/\/www.kirsehirses.com\/wp-content\/uploads\/2025\/10\/Ekran-goruntusu-2025-10-28-051609-1024x566.png 1024w, https:\/\/www.kirsehirses.com\/wp-content\/uploads\/2025\/10\/Ekran-goruntusu-2025-10-28-051609-768x425.png 768w\" sizes=\"auto, (max-width: 1170px) 100vw, 1170px\" \/><\/p>\n<p><span style=\"font-weight: 400;\"><strong>1923 ile 2023 Y\u0131l\u0131 aras\u0131nda T\u00fcrkiye\u2019nin yolculu\u011funu k\u0131saca kar\u015f\u0131la\u015ft\u0131racak olursak \u00f6n\u00fcm\u00fcze \u015f\u00f6yle bir tablo \u00e7\u0131k\u0131yor.<\/strong><\/span><\/p>\n<p><span style=\"font-weight: 400;\">1923 y\u0131l\u0131\u2026<\/span><\/p>\n<p><span style=\"font-weight: 400;\">Sava\u015flardan yorgun, n\u00fcfusu azalm\u0131\u015f, \u00fcretim g\u00fcc\u00fcn\u00fc yitirmi\u015f bir \u00fclke. Neredeyse her alanda yoklukla m\u00fccadele eden ama i\u00e7inde b\u00fcy\u00fck bir umut ta\u015f\u0131yan bir millet.<\/span><\/p>\n<p><span style=\"font-weight: 400;\">Mustafa Kemal Atat\u00fcrk ve silah arkada\u015flar\u0131 o g\u00fcn yaln\u0131zca bir devlet de\u011fil, yepyeni bir medeniyet anlay\u0131\u015f\u0131 kuruyorlard\u0131: Cumhuriyet.<\/span><\/p>\n<p><span style=\"font-weight: 400;\">O g\u00fcn\u00fcn T\u00fcrkiye\u2019sinde ki\u015fi ba\u015f\u0131na d\u00fc\u015fen mill\u00ee gelir yaln\u0131zca 45 dolar civar\u0131ndayd\u0131.<\/span><\/p>\n<p><span style=\"font-weight: 400;\">\u00dclke genelinde yakla\u015f\u0131k 13 milyon insan ya\u015f\u0131yor, okur-yazarl\u0131k oran\u0131 %10\u2019u bile bulmuyordu.<\/span><\/p>\n<p><span style=\"font-weight: 400;\">Toplam 5 bin okul, 12 bin \u00f6\u011fretmen ve 350 bin \u00f6\u011frenciyle e\u011fitimi aya\u011fa kald\u0131rmaya \u00e7al\u0131\u015fan bir T\u00fcrkiye vard\u0131.<\/span><\/p>\n<p><span style=\"font-weight: 400;\">T\u00fcm \u00fclkede 1000 kadar doktor, yaln\u0131zca 8 bin ko\u011fu\u015f \u015feklinde d\u00fczenlenmi\u015f hastane yata\u011f\u0131, tamam\u0131 kamuya ait 300 kadar motorlu ara\u00e7 bulunuyordu.<\/span><\/p>\n<p><span style=\"font-weight: 400;\">\u0130hracat gelirimiz ise c\u00fcz\u2019i miktar\u0131 hal\u0131, geriye kalan\u0131n tamam\u0131 tar\u0131m \u00fcr\u00fcn\u00fcne dayal\u0131 60 milyon dolar\u0131 ge\u00e7miyordu.<\/span><\/p>\n<p><span style=\"font-weight: 400;\">K\u0131sacas\u0131, gen\u00e7 Cumhuriyet\u2019in \u00f6n\u00fcnde devasa bir kalk\u0131nma m\u00fccadelesi vard\u0131.<\/span><\/p>\n<p><span style=\"font-weight: 400;\"><strong>100 y\u0131l sonra, 2023\u2019te tablo bamba\u015fka.<\/strong><\/span><\/p>\n<p><span style=\"font-weight: 400;\">T\u00fcrkiye art\u0131k 85 milyon n\u00fcfusuyla b\u00f6lgesinde g\u00fc\u00e7l\u00fc bir ekonomiye sahip.<\/span><\/p>\n<p><span style=\"font-weight: 400;\">Ki\u015fi ba\u015f\u0131na d\u00fc\u015fen gelir 2023 rakamlar\u0131yla 11 bin dolar\u0131n \u00fczerine \u00e7\u0131kt\u0131, ihracat\u0131m\u0131z 255 milyar dolara ula\u015ft\u0131.<\/span><\/p>\n<p><span style=\"font-weight: 400;\">27 milyon ara\u00e7, 1,2 milyon \u00f6\u011fretmen, 19 milyon \u00f6\u011frenci, 250 bin hastane yata\u011f\u0131, 1 milyon sa\u011fl\u0131k \u00e7al\u0131\u015fan\u0131 art\u0131k bu \u00fclkenin ger\u00e7ekleri.<\/span><\/p>\n<p><span style=\"font-weight: 400;\">Okur-yazarl\u0131k oran\u0131 %97\u2019yi ge\u00e7ti, 38 olan ortalama ya\u015fam s\u00fcresi 78 y\u0131la ula\u015ft\u0131.<\/span><\/p>\n<p><span style=\"font-weight: 400;\">Tar\u0131ma dayal\u0131 bir ekonomiden, sanayi ve teknolojiye dayal\u0131 bir yap\u0131ya ge\u00e7i\u015fin gururu ya\u015fan\u0131yor.<\/span><\/p>\n<p><span style=\"font-weight: 400;\">Cumhuriyet, yaln\u0131zca bir y\u00f6netim bi\u00e7imi de\u011fil; cehaletten bilgiye, yokluktan \u00fcretime, esaretten \u00f6zg\u00fcrl\u00fc\u011fe uzanan b\u00fcy\u00fck bir d\u00f6n\u00fc\u015f\u00fcm\u00fcn ad\u0131 oldu.<\/span><\/p>\n<p><span style=\"font-weight: 400;\">Bir as\u0131rda, her rakam\u0131n ard\u0131nda bir emek, bir al\u0131n teri, bir inan\u00e7 hik\u00e2yesi var.<\/span><\/p>\n<p><span style=\"font-weight: 400;\">Cumhuriyet\u2019in her yeni y\u0131l\u0131, ge\u00e7mi\u015fin fedak\u00e2rl\u0131klar\u0131n\u0131 ve gelece\u011fin sorumluluklar\u0131n\u0131 hat\u0131rlamak i\u00e7in e\u015fsiz bir f\u0131rsat.<\/span><\/p>\n<p><span style=\"font-weight: 400;\">Bug\u00fcn ula\u015ft\u0131\u011f\u0131m\u0131z her ba\u015far\u0131, 1923\u2019te Mustafa Kemal Pa\u015fa ve arkada\u015flar\u0131 taraf\u0131ndan at\u0131lan o cesur ad\u0131m\u0131n meyvesidir.\u00a0<\/span><\/p>\n<p><span style=\"font-weight: 400;\">Ama, devlet adam\u0131 vizyonuyla T\u00fcrkiye\u2019ye \u00e7a\u011f atlatan ve \u00e7evresine &#8220;T\u00fcrkiye h\u00e2l\u00e2 kalk\u0131namam\u0131\u015fsa, bunun en b\u00fcy\u00fck sebebi bat\u0131n\u0131n i\u00e7imizden \u00e7ok kolay adam sat\u0131n alabilmesidir.&#8221; tespitinde bulunan Turgut \u00d6zal\u2019\u0131n hakk\u0131n\u0131 teslim etmek gerek.\u00a0<\/span><\/p>\n<p><span style=\"font-weight: 400;\">Di\u011fer taraftan Abd\u00fclhamid Han misali devletin aleyhine olan dahili ve harici\u00a0 her giri\u015fime meydan okuyan Cumhurba\u015fkan\u0131 Recep Tayyip Erdo\u011fan\u2019\u0131n da m\u00fccadelesini unutmayal\u0131m. Erdo\u011fan\u2019\u0131n m\u00fccadelesini M\u00fctefekkir-Yazar Alev Alatl\u0131 \u015f\u00f6yle \u00f6zetliyor. <strong>ERDO\u011eAN DER\u0130N OSMANLI\u2019DIR!<\/strong>\u00a0\u201cSavrulan T\u00fcrkiye\u2019yi toparlayarak D\u00fcnya\u2019y\u0131 barbar ABD ve Bat\u0131\u2019n\u0131n azg\u0131n hegemonyas\u0131ndan kurtard\u0131.\u201d<\/span><\/p>\n<p><span style=\"font-weight: 400;\">Maalesef g\u00fcn\u00fcm\u00fczde ba\u015fta Ortado\u011fu b\u00f6lgesi ba\u015fta olmak \u00fczere co\u011frafyam\u0131zda 100 y\u0131l \u00f6nceki senaryolar sahnelenmektedir. B\u00fcy\u00fck \u0130srail hedefiyle kad\u0131n, \u00e7ocuk demeden katleden ABD deste\u011findeki siyonist devlet. Hamas\u2019\u0131n teslim edemedi\u011fi 15 esirin cenazesini bahane ederek ate\u015fkesi bozan, etraf\u0131ndaki t\u00fcm \u00fclkelere sald\u0131ran \u0130srail. \u201cBir gecede Gazze\u2019ye 153 ton bomba att\u0131k\u201d diye \u00f6v\u00fcnen \u0130srail ba\u015fbakan\u0131\u2026<\/span><\/p>\n<p><span style=\"font-weight: 400;\">\u00d6te yandan resmi kay\u0131tlara g\u00f6re hayat\u0131n\u0131 kaybeden 69 bin Filistinlinin katlini seyreden d\u00fcnya ve ABD\u2019ye uydu olmu\u015f Arap \u00fclkeleri\u2026<\/span><\/p>\n<p><span style=\"font-weight: 400;\">T\u00fcrkiye\u2019nin bitirmek i\u00e7in\u00a0 3 Trilyon dolar harcad\u0131\u011f\u0131 40 y\u0131ll\u0131k b\u00f6l\u00fcc\u00fc ter\u00f6r \u00f6rg\u00fct\u00fc\u2026<\/span><\/p>\n<p><span style=\"font-weight: 400;\">CIA\u2019n\u0131n g\u00fcd\u00fcm\u00fcnde \u00fclkemizde darbe giri\u015fimine cesaret eden FET\u00d6\u2026<\/span><\/p>\n<p><span style=\"font-weight: 400;\">\u00d6zg\u00fcrl\u00fck, insan haklar\u0131, \u00e7evre bilinci s\u00f6ylemleriyle \u00fclkenin yarar\u0131na olan her i\u015fe kar\u015f\u0131 \u00e7\u0131kan, Erdo\u011fan gitsin de \u00fclkeye ne olursa olsun d\u00fc\u015f\u00fcncesinde bir siyaset anlay\u0131\u015f\u0131\u2026<\/span><\/p>\n<p><span style=\"font-weight: 400;\">Atat\u00fcrk, d\u0131\u015f T\u00fcrklerle ilgili bir konu\u015fmas\u0131nda; \u201cBug\u00fcn Sovyetler Birli\u011fi, dostumuzdur; kom\u015fumuzdur, m\u00fcttefikimizdir. Bu dostlu\u011fa ihtiyac\u0131m\u0131z vard\u0131r. Fakat yar\u0131n ne olaca\u011f\u0131n\u0131 kimse bu g\u00fcnden kestiremez. T\u0131pk\u0131 Osmanl\u0131 gibi, t\u0131pk\u0131 Avusturya-Macaristan gibi par\u00e7alanabilir, ufalabilir. Bug\u00fcn elinde s\u0131ms\u0131k\u0131 tuttu\u011fu milletler avu\u00e7lar\u0131ndan ka\u00e7abilirler. D\u00fcnya yeni bir dengeye ula\u015fabilir. \u0130\u015fte o zaman T\u00fcrkiye ne yapaca\u011f\u0131n\u0131 bilmelidir\u2026 Bizim bu dostumuzun idaresinde dili bir, inanc\u0131 bir \u00f6z\u00fc bir karde\u015flerimiz vard\u0131r. Onlara sahip \u00e7\u0131kmaya haz\u0131r olmal\u0131y\u0131z. Haz\u0131r olmak yaln\u0131z o g\u00fcn\u00fc susup beklemek de\u011fildir. Haz\u0131rlanmak laz\u0131md\u0131r. Milletler buna nas\u0131l haz\u0131rlan\u0131r. Manevi k\u00f6pr\u00fcleri sa\u011flam tutarak. Dil bir k\u00f6pr\u00fcd\u00fcr\u2026 \u0130nan\u00e7 bir k\u00f6pr\u00fcd\u00fcr\u2026 Tarih bir k\u00f6pr\u00fcd\u00fcr\u2026 K\u00f6klerimize inmeli ve olaylar\u0131n b\u00f6ld\u00fc\u011f\u00fc tarihimizin i\u00e7inde b\u00fct\u00fcnle\u015fmeliyiz. Onlar\u0131n (D\u0131\u015f T\u00fcrklerin) bize yakla\u015fmas\u0131n\u0131 beklemeyiz. Bizim onlara yakla\u015fmam\u0131z gerekli\u2026\u201d<\/span><\/p>\n<p><span style=\"font-weight: 400;\">Atat\u00fcrk\u2019\u00fc ve Atat\u00fcrk\u00e7\u00fcl\u00fc\u011f\u00fc kimseye d\u00fc\u015f\u00fcrmeyenler Gazi\u2019nin bu tespitini hep g\u00f6z ard\u0131 etmi\u015fler. 1990\u2019l\u0131 y\u0131llarda tam da Atat\u00fcrk\u2019\u00fcn s\u00f6yledi\u011fi geli\u015fme ya\u015fanm\u0131\u015f. Yap\u0131lan haz\u0131rl\u0131k var m\u0131? Maalesef yok. Son y\u0131llarda T\u00fcrkiye, T\u00fcrk Devletleri Te\u015fkilat\u0131n\u0131 kurarak bu birlikteli\u011fi olu\u015fturmaya ba\u015flad\u0131. Sonu hay\u0131rl\u0131 olacakt\u0131r.<\/span><\/p>\n<p><span style=\"font-weight: 400;\">Ve in\u015fallah devam eden bu b\u00fcy\u00fck y\u00fcr\u00fcy\u00fc\u015f, yeni y\u00fczy\u0131lda da devam edecektir d\u00fc\u015f\u00fcncesindeyim.<\/span><\/p>\n<p><span style=\"font-weight: 400;\">Her ne olursa olsun, Cumhuriyet\u2019in bu noktaya gelmesi sadece bir liderin de\u011fil, milletin ortak azminin ve fedak\u00e2rl\u0131\u011f\u0131n\u0131n eseridir. Sakarya\u2019da, Dumlup\u0131nar\u2019da, \u00c7anakkale\u2019de, K\u0131br\u0131s\u2019ta, hainlere kar\u015f\u0131 \u00fclkemizin her k\u00f6\u015fesinde topra\u011fa d\u00fc\u015fen her \u015fehidin, her gazinin, isimsiz kahraman\u0131n hakk\u0131 vard\u0131r. Onlar\u0131n yazd\u0131\u011f\u0131 destan, yaln\u0131zca ge\u00e7mi\u015fimizin de\u011fil, gelece\u011fimiz de pusulas\u0131d\u0131r.<\/span><\/p>\n<p><span style=\"font-weight: 400;\">Cumhuriyet sadece bir y\u00f6netim bi\u00e7imi de\u011fil, bir milletin var olu\u015funun ve kendi iradesiyle yol y\u00fcr\u00fcme kararl\u0131l\u0131\u011f\u0131n\u0131n ad\u0131d\u0131r. Bug\u00fcn bizlere d\u00fc\u015fen g\u00f6rev; bu miras\u0131 korumak, daha da ileri ta\u015f\u0131mak ve \u00e7ocuklar\u0131m\u0131za ayd\u0131nl\u0131k bir gelecek b\u0131rakmakt\u0131r.<\/span><\/p>\n<p><span style=\"font-weight: 400;\">Gazi Mustafa Kemal Atat\u00fcrk\u2019\u00fcn dedi\u011fi gibi: <strong>\u201cCumhuriyet, y\u00fcksek ahlaki de\u011fer ve niteliklere dayanan bir idaredir.\u201d<\/strong>\u00a0Bu idareye sahip \u00e7\u0131kmak, hepimizin tarihi sorumlulu\u011fudur.<\/span><\/p>\n<p><span style=\"font-weight: 400;\">Nice 102 y\u0131llara, sonsuza dek ya\u015fas\u0131n T\u00fcrkiye Cumhuriyeti!<\/span><\/p>\n","protected":false},"excerpt":{"rendered":"<p>Cumhuriyet: Bir Milletin Yeniden Do\u011fu\u015fu 102 y\u0131l \u00f6nce, Anadolu\u2019nun ba\u011fr\u0131ndan do\u011fan bir ayd\u0131nl\u0131k, yaln\u0131zca bir rejim de\u011fi\u015fikli\u011finden ibaret de\u011fildi. O g\u00fcn, 29 Ekim 1923\u2019te, bir millet kaderini yeniden yazd\u0131; esaret zincirlerini k\u0131rd\u0131, yorgun ama onurlu halk\u0131yla yepyeni bir devlete hayat verdi: T\u00fcrkiye Cumhuriyeti\u2026Ancak bu b\u00fcy\u00fck zaferin ard\u0131nda, tarihin tozlu sayfalar\u0131na g\u00f6m\u00fclm\u00fc\u015f b\u00fcy\u00fck fedakarl\u0131klar, m\u00fccadeleler ve [&hellip;]<\/p>\n","protected":false},"author":1,"featured_media":658,"comment_status":"open","ping_status":"open","sticky":false,"template":"","format":"standard","meta":{"footnotes":""},"categories":[8],"tags":[],"class_list":["post-656","post","type-post","status-publish","format-standard","has-post-thumbnail","hentry","category-kirsehir"],"_links":{"self":[{"href":"https:\/\/www.kirsehirses.com\/index.php\/wp-json\/wp\/v2\/posts\/656","targetHints":{"allow":["GET"]}}],"collection":[{"href":"https:\/\/www.kirsehirses.com\/index.php\/wp-json\/wp\/v2\/posts"}],"about":[{"href":"https:\/\/www.kirsehirses.com\/index.php\/wp-json\/wp\/v2\/types\/post"}],"author":[{"embeddable":true,"href":"https:\/\/www.kirsehirses.com\/index.php\/wp-json\/wp\/v2\/users\/1"}],"replies":[{"embeddable":true,"href":"https:\/\/www.kirsehirses.com\/index.php\/wp-json\/wp\/v2\/comments?post=656"}],"version-history":[{"count":3,"href":"https:\/\/www.kirsehirses.com\/index.php\/wp-json\/wp\/v2\/posts\/656\/revisions"}],"predecessor-version":[{"id":661,"href":"https:\/\/www.kirsehirses.com\/index.php\/wp-json\/wp\/v2\/posts\/656\/revisions\/661"}],"wp:featuredmedia":[{"embeddable":true,"href":"https:\/\/www.kirsehirses.com\/index.php\/wp-json\/wp\/v2\/media\/658"}],"wp:attachment":[{"href":"https:\/\/www.kirsehirses.com\/index.php\/wp-json\/wp\/v2\/media?parent=656"}],"wp:term":[{"taxonomy":"category","embeddable":true,"href":"https:\/\/www.kirsehirses.com\/index.php\/wp-json\/wp\/v2\/categories?post=656"},{"taxonomy":"post_tag","embeddable":true,"href":"https:\/\/www.kirsehirses.com\/index.php\/wp-json\/wp\/v2\/tags?post=656"}],"curies":[{"name":"wp","href":"https:\/\/api.w.org\/{rel}","templated":true}]}}