{"id":666,"date":"2025-10-31T03:36:12","date_gmt":"2025-10-31T00:36:12","guid":{"rendered":"https:\/\/www.kirsehirses.com\/?p=666"},"modified":"2025-10-31T03:36:12","modified_gmt":"2025-10-31T00:36:12","slug":"sampiyon-kizlar-rektor-karahocagili-ziyaret-etti","status":"publish","type":"post","link":"https:\/\/www.kirsehirses.com\/index.php\/2025\/10\/31\/sampiyon-kizlar-rektor-karahocagili-ziyaret-etti\/","title":{"rendered":"\u015eampiyon K\u0131zlar Rekt\u00f6r Karahocagil\u2019i Ziyaret Etti"},"content":{"rendered":"<h3 data-start=\"0\" data-end=\"55\">\u015eampiyon K\u0131zlar Rekt\u00f6r Karahocagil\u2019i Ziyaret Etti<\/h3>\n<p><img loading=\"lazy\" decoding=\"async\" class=\"alignnone size-full wp-image-667\" src=\"https:\/\/www.kirsehirses.com\/wp-content\/uploads\/2025\/10\/DSC_5383.jpg\" alt=\"\" width=\"1000\" height=\"667\" srcset=\"https:\/\/www.kirsehirses.com\/wp-content\/uploads\/2025\/10\/DSC_5383.jpg 1000w, https:\/\/www.kirsehirses.com\/wp-content\/uploads\/2025\/10\/DSC_5383-300x200.jpg 300w, https:\/\/www.kirsehirses.com\/wp-content\/uploads\/2025\/10\/DSC_5383-768x512.jpg 768w\" sizes=\"auto, (max-width: 1000px) 100vw, 1000px\" \/><\/p>\n<p data-start=\"57\" data-end=\"283\">Gen\u00e7ler Avrupa Boks \u015eampiyonas\u0131 ve U20 Balkan G\u00fcre\u015f \u015eampiyonas\u0131\u2019nda \u00fclkemizi ve K\u0131r\u015fehir Ahi Evran \u00dcniversitesini ba\u015far\u0131yla temsil ederek madalya kazanan \u00f6\u011frenciler, Rekt\u00f6r Prof. Dr. Mustafa Kas\u0131m Karahocagil\u2019i ziyaret etti.<\/p>\n<p data-start=\"285\" data-end=\"421\">27 Ekim 2025 tarihinde rekt\u00f6rl\u00fck makam\u0131nda ger\u00e7ekle\u015fen ziyarette Spor Bilimleri Fak\u00fcltesi Dekan\u0131 Prof. Dr. \u0130rfan Marangoz da yer ald\u0131.<\/p>\n<p data-start=\"423\" data-end=\"795\">Ziyarette \u00f6\u011frencilerle bir araya gelen Rekt\u00f6r Karahocagil, sporcular\u0131n elde ettikleri ba\u015far\u0131lar\u0131n \u00fcniversite i\u00e7in b\u00fcy\u00fck bir gurur kayna\u011f\u0131 oldu\u011funu belirtti. T\u00fcrk bayra\u011f\u0131n\u0131n uluslararas\u0131 arenada dalgaland\u0131r\u0131lmas\u0131n\u0131n kendileri i\u00e7in onur verici oldu\u011funu ifade eden Karahocagil, \u00f6\u011frencilerin sportif ba\u015far\u0131lar\u0131n\u0131 akademik geli\u015fimleriyle desteklemeleri gerekti\u011fini vurgulad\u0131.<\/p>\n<p data-start=\"797\" data-end=\"1082\">Rekt\u00f6r Karahocagil, Gen\u00e7ler Avrupa Boks \u015eampiyonas\u0131\u2019nda Avrupa \u015eampiyonu olan Yonca G\u00fcl Y\u0131lmaz\u2019\u0131, U20 Balkan G\u00fcre\u015f \u015eampiyonas\u0131\u2019nda alt\u0131n madalya kazanan B\u00fc\u015franur \u00d6zmez\u2019i ve Gen\u00e7ler D\u00fcnya Kupas\u0131\u2019nda alt\u0131n madalya elde eden Sude Nur Aslan\u2019\u0131 tebrik ederek ba\u015far\u0131lar\u0131n\u0131n devam\u0131n\u0131 diledi.<\/p>\n<p data-start=\"1084\" data-end=\"1221\" data-is-last-node=\"\" data-is-only-node=\"\">Ziyaretin sonunda Rekt\u00f6r Karahocagil, Spor Bilimleri Fak\u00fcltesi Dekan\u0131 Prof. Dr. \u0130rfan Marangoz ve \u00f6\u011frencilerle hat\u0131ra foto\u011fraf\u0131 \u00e7ektirdi.<\/p>\n","protected":false},"excerpt":{"rendered":"<p>\u015eampiyon K\u0131zlar Rekt\u00f6r Karahocagil\u2019i Ziyaret Etti Gen\u00e7ler Avrupa Boks \u015eampiyonas\u0131 ve U20 Balkan G\u00fcre\u015f \u015eampiyonas\u0131\u2019nda \u00fclkemizi ve K\u0131r\u015fehir Ahi Evran \u00dcniversitesini ba\u015far\u0131yla temsil ederek madalya kazanan \u00f6\u011frenciler, Rekt\u00f6r Prof. Dr. Mustafa Kas\u0131m Karahocagil\u2019i ziyaret etti. 27 Ekim 2025 tarihinde rekt\u00f6rl\u00fck makam\u0131nda ger\u00e7ekle\u015fen ziyarette Spor Bilimleri Fak\u00fcltesi Dekan\u0131 Prof. Dr. \u0130rfan Marangoz da yer ald\u0131. Ziyarette [&hellip;]<\/p>\n","protected":false},"author":1,"featured_media":667,"comment_status":"open","ping_status":"open","sticky":false,"template":"","format":"standard","meta":{"footnotes":""},"categories":[10,8,4],"tags":[],"class_list":["post-666","post","type-post","status-publish","format-standard","has-post-thumbnail","hentry","category-egitim","category-kirsehir","category-spor"],"_links":{"self":[{"href":"https:\/\/www.kirsehirses.com\/index.php\/wp-json\/wp\/v2\/posts\/666","targetHints":{"allow":["GET"]}}],"collection":[{"href":"https:\/\/www.kirsehirses.com\/index.php\/wp-json\/wp\/v2\/posts"}],"about":[{"href":"https:\/\/www.kirsehirses.com\/index.php\/wp-json\/wp\/v2\/types\/post"}],"author":[{"embeddable":true,"href":"https:\/\/www.kirsehirses.com\/index.php\/wp-json\/wp\/v2\/users\/1"}],"replies":[{"embeddable":true,"href":"https:\/\/www.kirsehirses.com\/index.php\/wp-json\/wp\/v2\/comments?post=666"}],"version-history":[{"count":1,"href":"https:\/\/www.kirsehirses.com\/index.php\/wp-json\/wp\/v2\/posts\/666\/revisions"}],"predecessor-version":[{"id":668,"href":"https:\/\/www.kirsehirses.com\/index.php\/wp-json\/wp\/v2\/posts\/666\/revisions\/668"}],"wp:featuredmedia":[{"embeddable":true,"href":"https:\/\/www.kirsehirses.com\/index.php\/wp-json\/wp\/v2\/media\/667"}],"wp:attachment":[{"href":"https:\/\/www.kirsehirses.com\/index.php\/wp-json\/wp\/v2\/media?parent=666"}],"wp:term":[{"taxonomy":"category","embeddable":true,"href":"https:\/\/www.kirsehirses.com\/index.php\/wp-json\/wp\/v2\/categories?post=666"},{"taxonomy":"post_tag","embeddable":true,"href":"https:\/\/www.kirsehirses.com\/index.php\/wp-json\/wp\/v2\/tags?post=666"}],"curies":[{"name":"wp","href":"https:\/\/api.w.org\/{rel}","templated":true}]}}