{"id":669,"date":"2025-10-31T03:42:13","date_gmt":"2025-10-31T00:42:13","guid":{"rendered":"https:\/\/www.kirsehirses.com\/?p=669"},"modified":"2025-10-31T03:42:13","modified_gmt":"2025-10-31T00:42:13","slug":"kirsehir-valisi-murat-sefa-demiryurekin-29-ekim-cumhuriyet-bayrami-mesaji","status":"publish","type":"post","link":"https:\/\/www.kirsehirses.com\/index.php\/2025\/10\/31\/kirsehir-valisi-murat-sefa-demiryurekin-29-ekim-cumhuriyet-bayrami-mesaji\/","title":{"rendered":"K\u0131r\u015fehir Valisi Murat Sefa Demiry\u00fcrek\u2019in 29 Ekim Cumhuriyet Bayram\u0131 Mesaj\u0131"},"content":{"rendered":"<p><strong>K\u0131r\u015fehir Valisi Murat Sefa Demiry\u00fcrek\u2019in 29 Ekim Cumhuriyet Bayram\u0131 Mesaj\u0131<\/strong><\/p>\n<p><img loading=\"lazy\" decoding=\"async\" class=\"alignnone size-full wp-image-670\" src=\"https:\/\/www.kirsehirses.com\/wp-content\/uploads\/2025\/10\/valimsefademiryurek_850x450.jpg\" alt=\"\" width=\"850\" height=\"450\" srcset=\"https:\/\/www.kirsehirses.com\/wp-content\/uploads\/2025\/10\/valimsefademiryurek_850x450.jpg 850w, https:\/\/www.kirsehirses.com\/wp-content\/uploads\/2025\/10\/valimsefademiryurek_850x450-300x159.jpg 300w, https:\/\/www.kirsehirses.com\/wp-content\/uploads\/2025\/10\/valimsefademiryurek_850x450-768x407.jpg 768w\" sizes=\"auto, (max-width: 850px) 100vw, 850px\" \/><\/p>\n<p data-start=\"82\" data-end=\"273\">Cumhuriyetin 102. y\u0131l\u0131 kutlamalar\u0131 kapsam\u0131nda bir mesaj yay\u0131mlayan K\u0131r\u015fehir Valisi Murat Sefa Demiry\u00fcrek, Cumhuriyetin kurulu\u015funun millet\u00e7e b\u00fcy\u00fck bir onur ve sevin\u00e7le kutland\u0131\u011f\u0131n\u0131 belirtti.<\/p>\n<p data-start=\"275\" data-end=\"539\">Vali Demiry\u00fcrek mesaj\u0131nda, tarihin hi\u00e7bir d\u00f6neminde ba\u011f\u0131ms\u0131zl\u0131\u011f\u0131ndan \u00f6d\u00fcn vermeyen T\u00fcrk milletinin, \u0130stiklal M\u00fccadelesi\u2019nde g\u00f6sterdi\u011fi kararl\u0131l\u0131k ve birlik ruhuyla t\u00fcm zorluklar\u0131 a\u015farak, egemenli\u011fin millete ait oldu\u011fu T\u00fcrkiye Cumhuriyeti\u2019ni kurdu\u011funu ifade etti.<\/p>\n<p data-start=\"541\" data-end=\"946\">Cumhuriyetin kazand\u0131rd\u0131\u011f\u0131 de\u011ferler ve kurumlarla g\u00fc\u00e7lenen devletin, tam ba\u011f\u0131ms\u0131zl\u0131k anlay\u0131\u015f\u0131na uygun bi\u00e7imde e\u011fitim, bilim, sa\u011fl\u0131k, sanayi, ula\u015f\u0131m, k\u00fclt\u00fcr ve teknoloji gibi bir\u00e7ok alanda \u00f6nemli ilerlemeler kaydetti\u011fini vurgulayan Demiry\u00fcrek, Cumhuriyetin ikinci y\u00fczy\u0131l\u0131na girerken T\u00fcrkiye\u2019nin kalk\u0131nma, adalet, e\u011fitim, bilim, k\u00fclt\u00fcr ve teknoloji gibi alanlarda daha g\u00fc\u00e7l\u00fc hedeflere y\u00f6neldi\u011fini belirtti.<\/p>\n<p data-start=\"948\" data-end=\"1327\">Vali Demiry\u00fcrek, \u201cCumhuriyetimizin temel de\u011ferlerini \u00e7a\u011f\u0131n imk\u00e2nlar\u0131yla bulu\u015fturan bir yenilenme ve ilerleme s\u00fcreci i\u00e7erisindeyiz. Toplumun t\u00fcm kesimlerinin ortak \u00e7abas\u0131, dayan\u0131\u015fmas\u0131 ve \u00fcretkenli\u011fiyle T\u00fcrkiye Cumhuriyeti\u2019nin daha g\u00fc\u00e7l\u00fc bir gelece\u011fe ilerleyece\u011fine inanc\u0131m\u0131z tamd\u0131r. Cumhuriyetimizi ya\u015fatmak ve geli\u015ftirmek, hepimizin ortak sorumlulu\u011fudur,\u201d ifadelerini kulland\u0131.<\/p>\n<p data-start=\"1329\" data-end=\"1558\" data-is-last-node=\"\" data-is-only-node=\"\">Demiry\u00fcrek mesaj\u0131n\u0131n sonunda, Cumhuriyetin Kurucusu Gazi Mustafa Kemal Atat\u00fcrk ba\u015fta olmak \u00fczere, \u0130stiklal M\u00fccadelesi\u2019nin t\u00fcm kahramanlar\u0131n\u0131, vatan u\u011fruna canlar\u0131n\u0131 feda eden \u015fehitleri ve gazileri rahmet, minnet ve sayg\u0131yla and\u0131.<\/p>\n","protected":false},"excerpt":{"rendered":"<p>K\u0131r\u015fehir Valisi Murat Sefa Demiry\u00fcrek\u2019in 29 Ekim Cumhuriyet Bayram\u0131 Mesaj\u0131 Cumhuriyetin 102. y\u0131l\u0131 kutlamalar\u0131 kapsam\u0131nda bir mesaj yay\u0131mlayan K\u0131r\u015fehir Valisi Murat Sefa Demiry\u00fcrek, Cumhuriyetin kurulu\u015funun millet\u00e7e b\u00fcy\u00fck bir onur ve sevin\u00e7le kutland\u0131\u011f\u0131n\u0131 belirtti. Vali Demiry\u00fcrek mesaj\u0131nda, tarihin hi\u00e7bir d\u00f6neminde ba\u011f\u0131ms\u0131zl\u0131\u011f\u0131ndan \u00f6d\u00fcn vermeyen T\u00fcrk milletinin, \u0130stiklal M\u00fccadelesi\u2019nde g\u00f6sterdi\u011fi kararl\u0131l\u0131k ve birlik ruhuyla t\u00fcm zorluklar\u0131 a\u015farak, egemenli\u011fin [&hellip;]<\/p>\n","protected":false},"author":1,"featured_media":670,"comment_status":"open","ping_status":"open","sticky":false,"template":"","format":"standard","meta":{"footnotes":""},"categories":[8],"tags":[],"class_list":["post-669","post","type-post","status-publish","format-standard","has-post-thumbnail","hentry","category-kirsehir"],"_links":{"self":[{"href":"https:\/\/www.kirsehirses.com\/index.php\/wp-json\/wp\/v2\/posts\/669","targetHints":{"allow":["GET"]}}],"collection":[{"href":"https:\/\/www.kirsehirses.com\/index.php\/wp-json\/wp\/v2\/posts"}],"about":[{"href":"https:\/\/www.kirsehirses.com\/index.php\/wp-json\/wp\/v2\/types\/post"}],"author":[{"embeddable":true,"href":"https:\/\/www.kirsehirses.com\/index.php\/wp-json\/wp\/v2\/users\/1"}],"replies":[{"embeddable":true,"href":"https:\/\/www.kirsehirses.com\/index.php\/wp-json\/wp\/v2\/comments?post=669"}],"version-history":[{"count":1,"href":"https:\/\/www.kirsehirses.com\/index.php\/wp-json\/wp\/v2\/posts\/669\/revisions"}],"predecessor-version":[{"id":671,"href":"https:\/\/www.kirsehirses.com\/index.php\/wp-json\/wp\/v2\/posts\/669\/revisions\/671"}],"wp:featuredmedia":[{"embeddable":true,"href":"https:\/\/www.kirsehirses.com\/index.php\/wp-json\/wp\/v2\/media\/670"}],"wp:attachment":[{"href":"https:\/\/www.kirsehirses.com\/index.php\/wp-json\/wp\/v2\/media?parent=669"}],"wp:term":[{"taxonomy":"category","embeddable":true,"href":"https:\/\/www.kirsehirses.com\/index.php\/wp-json\/wp\/v2\/categories?post=669"},{"taxonomy":"post_tag","embeddable":true,"href":"https:\/\/www.kirsehirses.com\/index.php\/wp-json\/wp\/v2\/tags?post=669"}],"curies":[{"name":"wp","href":"https:\/\/api.w.org\/{rel}","templated":true}]}}