{"id":672,"date":"2025-10-31T03:45:41","date_gmt":"2025-10-31T00:45:41","guid":{"rendered":"https:\/\/www.kirsehirses.com\/?p=672"},"modified":"2025-10-31T03:45:41","modified_gmt":"2025-10-31T00:45:41","slug":"kirsehirde-29-ekim-cumhuriyet-bayrami-coskusu","status":"publish","type":"post","link":"https:\/\/www.kirsehirses.com\/index.php\/2025\/10\/31\/kirsehirde-29-ekim-cumhuriyet-bayrami-coskusu\/","title":{"rendered":"K\u0131r\u015fehir\u2019de 29 Ekim Cumhuriyet Bayram\u0131 Co\u015fkusu"},"content":{"rendered":"<h3 data-start=\"0\" data-end=\"52\">K\u0131r\u015fehir\u2019de 29 Ekim Cumhuriyet Bayram\u0131 Co\u015fkusu<\/h3>\n<p><img loading=\"lazy\" decoding=\"async\" class=\"alignnone size-full wp-image-673\" src=\"https:\/\/www.kirsehirses.com\/wp-content\/uploads\/2025\/10\/4.jpg\" alt=\"\" width=\"1500\" height=\"981\" srcset=\"https:\/\/www.kirsehirses.com\/wp-content\/uploads\/2025\/10\/4.jpg 1500w, https:\/\/www.kirsehirses.com\/wp-content\/uploads\/2025\/10\/4-300x196.jpg 300w, https:\/\/www.kirsehirses.com\/wp-content\/uploads\/2025\/10\/4-1024x670.jpg 1024w, https:\/\/www.kirsehirses.com\/wp-content\/uploads\/2025\/10\/4-768x502.jpg 768w\" sizes=\"auto, (max-width: 1500px) 100vw, 1500px\" \/><\/p>\n<p data-start=\"54\" data-end=\"132\">Cumhuriyetin 102. y\u0131l\u0131, K\u0131r\u015fehir\u2019de d\u00fczenlenen t\u00f6renlerle co\u015fkuyla kutland\u0131.<\/p>\n<p data-start=\"134\" data-end=\"386\">Kutlamalar, 28 Ekim Sal\u0131 g\u00fcn\u00fc saat 13.00\u2019te Cacabey Meydan\u0131\u2019nda Atat\u00fcrk An\u0131t\u0131\u2019na \u00e7elenk sunulmas\u0131yla ba\u015flad\u0131. Etkinlikler, 29 Ekim \u00c7ar\u015famba g\u00fcn\u00fc saat 10.00\u2019da Valilik makam\u0131nda K\u0131r\u015fehir Valisi Murat Sefa Demiry\u00fcrek\u2019in tebrikleri kabul\u00fcyle devam etti.<\/p>\n<p data-start=\"388\" data-end=\"734\">Saat 10.30\u2019da Cacabey Meydan\u0131\u2019nda ba\u015flayan t\u00f6rende, K\u0131r\u015fehir Valisi Murat Sefa Demiry\u00fcrek, Belediye Ba\u015fkan\u0131 Selahattin Ekicio\u011flu ve Garnizon Komutan\u0131 Piyade Komando Albay Erdo\u011fan Dur, halk\u0131 ve t\u00f6rene kat\u0131lanlar\u0131 selamlad\u0131. Sayg\u0131 Duru\u015fu ve \u0130stiklal Mar\u015f\u0131\u2019n\u0131n okunmas\u0131n\u0131n ard\u0131ndan Vali Demiry\u00fcrek g\u00fcn\u00fcn anlam ve \u00f6nemine ili\u015fkin bir konu\u015fma yapt\u0131.<\/p>\n<p data-start=\"736\" data-end=\"1106\">Vali Demiry\u00fcrek konu\u015fmas\u0131nda, Cumhuriyetin ilan\u0131n\u0131n T\u00fcrk tarihinin en \u00f6nemli d\u00f6n\u00fcm noktalar\u0131ndan biri oldu\u011funu belirterek, K\u0131r\u015fehir halk\u0131n\u0131n ve t\u00fcm milletin Cumhuriyet Bayram\u0131\u2019n\u0131 kutlad\u0131. Demiry\u00fcrek, T\u00fcrk milletinin tarih boyunca ba\u011f\u0131ms\u0131zl\u0131ktan \u00f6d\u00fcn vermedi\u011fini, \u0130stiklal M\u00fccadelesi\u2019nde sergilenen birlik ve kararl\u0131l\u0131kla Cumhuriyetin temellerinin at\u0131ld\u0131\u011f\u0131n\u0131 vurgulad\u0131.<\/p>\n<p data-start=\"1108\" data-end=\"1552\">Cumhuriyetin, ecdad\u0131n en de\u011ferli miras\u0131 oldu\u011funu ifade eden Demiry\u00fcrek, \u201cEgemenlik kay\u0131ts\u0131z \u015farts\u0131z milletindir\u201d ilkesinin T\u00fcrkiye Cumhuriyeti\u2019nin temelini olu\u015fturdu\u011funu s\u00f6yledi. Cumhuriyetin ikinci y\u00fczy\u0131l\u0131nda T\u00fcrkiye\u2019nin her zamankinden daha g\u00fc\u00e7l\u00fc ve kararl\u0131 bir \u015fekilde yoluna devam etti\u011fini belirten Demiry\u00fcrek, \u201cT\u00fcrkiye Y\u00fczy\u0131l\u0131\u201d vizyonunun, Cumhuriyetin kurucu ruhunu \u00e7a\u011f\u0131n imk\u00e2nlar\u0131yla bulu\u015fturan bir at\u0131l\u0131m d\u00f6nemi oldu\u011funu dile getirdi.<\/p>\n<p data-start=\"1554\" data-end=\"1767\">Konu\u015fmalar\u0131n ard\u0131ndan Cumhurba\u015fkan\u0131 Recep Tayyip Erdo\u011fan\u2019\u0131n 29 Ekim Cumhuriyet Bayram\u0131 mesaj\u0131 okundu. Program, Mehtaran B\u00f6l\u00fc\u011f\u00fc konseri, \u015fiir dinletisi, halk oyunlar\u0131 g\u00f6sterisi ve spor etkinlikleriyle devam etti.<\/p>\n<p data-start=\"1769\" data-end=\"1876\" data-is-last-node=\"\" data-is-only-node=\"\">T\u00f6ren, tekvando ve jandarma ekiplerinin g\u00f6sterilerinin ard\u0131ndan ger\u00e7ekle\u015ftirilen ge\u00e7it t\u00f6reniyle sona erdi.<\/p>\n","protected":false},"excerpt":{"rendered":"<p>K\u0131r\u015fehir\u2019de 29 Ekim Cumhuriyet Bayram\u0131 Co\u015fkusu Cumhuriyetin 102. y\u0131l\u0131, K\u0131r\u015fehir\u2019de d\u00fczenlenen t\u00f6renlerle co\u015fkuyla kutland\u0131. Kutlamalar, 28 Ekim Sal\u0131 g\u00fcn\u00fc saat 13.00\u2019te Cacabey Meydan\u0131\u2019nda Atat\u00fcrk An\u0131t\u0131\u2019na \u00e7elenk sunulmas\u0131yla ba\u015flad\u0131. Etkinlikler, 29 Ekim \u00c7ar\u015famba g\u00fcn\u00fc saat 10.00\u2019da Valilik makam\u0131nda K\u0131r\u015fehir Valisi Murat Sefa Demiry\u00fcrek\u2019in tebrikleri kabul\u00fcyle devam etti. Saat 10.30\u2019da Cacabey Meydan\u0131\u2019nda ba\u015flayan t\u00f6rende, K\u0131r\u015fehir Valisi Murat [&hellip;]<\/p>\n","protected":false},"author":1,"featured_media":674,"comment_status":"open","ping_status":"open","sticky":false,"template":"","format":"standard","meta":{"footnotes":""},"categories":[8],"tags":[],"class_list":["post-672","post","type-post","status-publish","format-standard","has-post-thumbnail","hentry","category-kirsehir"],"_links":{"self":[{"href":"https:\/\/www.kirsehirses.com\/index.php\/wp-json\/wp\/v2\/posts\/672","targetHints":{"allow":["GET"]}}],"collection":[{"href":"https:\/\/www.kirsehirses.com\/index.php\/wp-json\/wp\/v2\/posts"}],"about":[{"href":"https:\/\/www.kirsehirses.com\/index.php\/wp-json\/wp\/v2\/types\/post"}],"author":[{"embeddable":true,"href":"https:\/\/www.kirsehirses.com\/index.php\/wp-json\/wp\/v2\/users\/1"}],"replies":[{"embeddable":true,"href":"https:\/\/www.kirsehirses.com\/index.php\/wp-json\/wp\/v2\/comments?post=672"}],"version-history":[{"count":1,"href":"https:\/\/www.kirsehirses.com\/index.php\/wp-json\/wp\/v2\/posts\/672\/revisions"}],"predecessor-version":[{"id":675,"href":"https:\/\/www.kirsehirses.com\/index.php\/wp-json\/wp\/v2\/posts\/672\/revisions\/675"}],"wp:featuredmedia":[{"embeddable":true,"href":"https:\/\/www.kirsehirses.com\/index.php\/wp-json\/wp\/v2\/media\/674"}],"wp:attachment":[{"href":"https:\/\/www.kirsehirses.com\/index.php\/wp-json\/wp\/v2\/media?parent=672"}],"wp:term":[{"taxonomy":"category","embeddable":true,"href":"https:\/\/www.kirsehirses.com\/index.php\/wp-json\/wp\/v2\/categories?post=672"},{"taxonomy":"post_tag","embeddable":true,"href":"https:\/\/www.kirsehirses.com\/index.php\/wp-json\/wp\/v2\/tags?post=672"}],"curies":[{"name":"wp","href":"https:\/\/api.w.org\/{rel}","templated":true}]}}