{"id":676,"date":"2025-10-31T03:47:33","date_gmt":"2025-10-31T00:47:33","guid":{"rendered":"https:\/\/www.kirsehirses.com\/?p=676"},"modified":"2025-10-31T03:47:33","modified_gmt":"2025-10-31T00:47:33","slug":"kirsehirde-fener-alayi-ve-cumhuriyet-resepsiyonu-duzenlendi","status":"publish","type":"post","link":"https:\/\/www.kirsehirses.com\/index.php\/2025\/10\/31\/kirsehirde-fener-alayi-ve-cumhuriyet-resepsiyonu-duzenlendi\/","title":{"rendered":"K\u0131r\u015fehir\u2019de Fener Alay\u0131 ve Cumhuriyet Resepsiyonu D\u00fczenlendi"},"content":{"rendered":"<h3 data-start=\"0\" data-end=\"66\">K\u0131r\u015fehir\u2019de Fener Alay\u0131 ve Cumhuriyet Resepsiyonu D\u00fczenlendi<\/h3>\n<p><img loading=\"lazy\" decoding=\"async\" class=\"alignnone size-full wp-image-677\" src=\"https:\/\/www.kirsehirses.com\/wp-content\/uploads\/2025\/10\/KVF_5713.jpg\" alt=\"\" width=\"1500\" height=\"1000\" srcset=\"https:\/\/www.kirsehirses.com\/wp-content\/uploads\/2025\/10\/KVF_5713.jpg 1500w, https:\/\/www.kirsehirses.com\/wp-content\/uploads\/2025\/10\/KVF_5713-300x200.jpg 300w, https:\/\/www.kirsehirses.com\/wp-content\/uploads\/2025\/10\/KVF_5713-1024x683.jpg 1024w, https:\/\/www.kirsehirses.com\/wp-content\/uploads\/2025\/10\/KVF_5713-768x512.jpg 768w\" sizes=\"auto, (max-width: 1500px) 100vw, 1500px\" \/><\/p>\n<p data-start=\"68\" data-end=\"242\">Cumhuriyetin 102. y\u0131l\u0131 kutlamalar\u0131 kapsam\u0131nda K\u0131r\u015fehir\u2019de Fener Alay\u0131 d\u00fczenlendi. Valilik \u00f6n\u00fcnden ba\u015flayan y\u00fcr\u00fcy\u00fc\u015f, Cacabey Meydan\u0131\u2019na kadar co\u015fkulu bir \u015fekilde devam etti.<\/p>\n<p data-start=\"244\" data-end=\"372\">Fener Alay\u0131\u2019n\u0131n ard\u0131ndan K\u0131r\u015fehir Valisi Murat Sefa Demiry\u00fcrek ve e\u015fi ev sahipli\u011finde Cumhuriyet Resepsiyonu ger\u00e7ekle\u015ftirildi.<\/p>\n<p data-start=\"374\" data-end=\"853\">Resepsiyonda konu\u015fan Vali Demiry\u00fcrek, Cumhuriyetin T\u00fcrk milletinin \u00f6zg\u00fcrl\u00fck, ba\u011f\u0131ms\u0131zl\u0131k ve onur i\u00e7inde ya\u015fama iradesinin en g\u00fc\u00e7l\u00fc ifadesi oldu\u011funu belirtti. Gazi Mustafa Kemal Atat\u00fcrk\u2019\u00fcn \u00f6nderli\u011finde verilen Kurtulu\u015f Sava\u015f\u0131\u2019n\u0131n milletin azmi ve kararl\u0131l\u0131\u011f\u0131yla kazan\u0131ld\u0131\u011f\u0131n\u0131 vurgulayan Demiry\u00fcrek, Cumhuriyetin yaln\u0131zca bir y\u00f6netim bi\u00e7imi de\u011fil; hukukun \u00fcst\u00fcnl\u00fc\u011f\u00fc, e\u015fit yurtta\u015fl\u0131k, bilimin rehberli\u011fi ve toplumsal ilerleme \u00fczerine kurulu bir ya\u015fam anlay\u0131\u015f\u0131 oldu\u011funu ifade etti.<\/p>\n<p data-start=\"855\" data-end=\"1141\">Demiry\u00fcrek, \u201cCumhuriyet, kad\u0131nlar\u0131n, gen\u00e7lerin ve t\u00fcm vatanda\u015flar\u0131n e\u011fitim, \u00fcretim ve d\u00fc\u015f\u00fcnce \u00f6zg\u00fcrl\u00fc\u011f\u00fcyle g\u00fc\u00e7 kazand\u0131\u011f\u0131 bir d\u00fczenin ad\u0131d\u0131r. Bug\u00fcn 102 y\u0131l \u00f6nce at\u0131lan o b\u00fcy\u00fck ad\u0131m\u0131n miras\u0131 \u00fczerinde y\u00fckseliyor, Cumhuriyetimizi daha ileriye ta\u015f\u0131mak i\u00e7in hep birlikte \u00e7al\u0131\u015f\u0131yoruz,\u201d dedi.<\/p>\n<p data-start=\"1143\" data-end=\"1509\">Konu\u015fmas\u0131nda \u201cT\u00fcrkiye Y\u00fczy\u0131l\u0131\u201d vizyonuna da de\u011finen Demiry\u00fcrek, bu yakla\u015f\u0131m\u0131n Cumhuriyetin ikinci y\u00fczy\u0131l\u0131nda toplumsal, ekonomik ve kurumsal geli\u015fim politikalar\u0131na y\u00f6n veren stratejik bir \u00e7er\u00e7eve sundu\u011funu belirtti. \u201cT\u00fcrkiye Y\u00fczy\u0131l\u0131, ge\u00e7mi\u015fin birikiminden g\u00fc\u00e7 alan; bilime, \u00fcretime, yenili\u011fe ve insan odakl\u0131 kalk\u0131nmaya dayanan bir vizyondur,\u201d ifadelerini kulland\u0131.<\/p>\n<p data-start=\"1511\" data-end=\"1797\" data-is-last-node=\"\" data-is-only-node=\"\">Resepsiyon, K\u0131r\u015fehir protokol\u00fc \u00fcyeleri ve e\u015fleri, \u015fehit aileleri, gaziler, emniyet ve jandarma personeli, huzurevi sakinleri, engelli bireyler, muhtarlar, sivil toplum kurulu\u015fu temsilcileri, i\u015f insanlar\u0131, AFAD g\u00f6n\u00fcll\u00fcleri, hay\u0131rseverler ve sporcu gen\u00e7lerin kat\u0131l\u0131m\u0131yla ger\u00e7ekle\u015ftirildi.<\/p>\n","protected":false},"excerpt":{"rendered":"<p>K\u0131r\u015fehir\u2019de Fener Alay\u0131 ve Cumhuriyet Resepsiyonu D\u00fczenlendi Cumhuriyetin 102. y\u0131l\u0131 kutlamalar\u0131 kapsam\u0131nda K\u0131r\u015fehir\u2019de Fener Alay\u0131 d\u00fczenlendi. Valilik \u00f6n\u00fcnden ba\u015flayan y\u00fcr\u00fcy\u00fc\u015f, Cacabey Meydan\u0131\u2019na kadar co\u015fkulu bir \u015fekilde devam etti. Fener Alay\u0131\u2019n\u0131n ard\u0131ndan K\u0131r\u015fehir Valisi Murat Sefa Demiry\u00fcrek ve e\u015fi ev sahipli\u011finde Cumhuriyet Resepsiyonu ger\u00e7ekle\u015ftirildi. Resepsiyonda konu\u015fan Vali Demiry\u00fcrek, Cumhuriyetin T\u00fcrk milletinin \u00f6zg\u00fcrl\u00fck, ba\u011f\u0131ms\u0131zl\u0131k ve onur i\u00e7inde [&hellip;]<\/p>\n","protected":false},"author":1,"featured_media":678,"comment_status":"open","ping_status":"open","sticky":false,"template":"","format":"standard","meta":{"footnotes":""},"categories":[8],"tags":[],"class_list":["post-676","post","type-post","status-publish","format-standard","has-post-thumbnail","hentry","category-kirsehir"],"_links":{"self":[{"href":"https:\/\/www.kirsehirses.com\/index.php\/wp-json\/wp\/v2\/posts\/676","targetHints":{"allow":["GET"]}}],"collection":[{"href":"https:\/\/www.kirsehirses.com\/index.php\/wp-json\/wp\/v2\/posts"}],"about":[{"href":"https:\/\/www.kirsehirses.com\/index.php\/wp-json\/wp\/v2\/types\/post"}],"author":[{"embeddable":true,"href":"https:\/\/www.kirsehirses.com\/index.php\/wp-json\/wp\/v2\/users\/1"}],"replies":[{"embeddable":true,"href":"https:\/\/www.kirsehirses.com\/index.php\/wp-json\/wp\/v2\/comments?post=676"}],"version-history":[{"count":1,"href":"https:\/\/www.kirsehirses.com\/index.php\/wp-json\/wp\/v2\/posts\/676\/revisions"}],"predecessor-version":[{"id":679,"href":"https:\/\/www.kirsehirses.com\/index.php\/wp-json\/wp\/v2\/posts\/676\/revisions\/679"}],"wp:featuredmedia":[{"embeddable":true,"href":"https:\/\/www.kirsehirses.com\/index.php\/wp-json\/wp\/v2\/media\/678"}],"wp:attachment":[{"href":"https:\/\/www.kirsehirses.com\/index.php\/wp-json\/wp\/v2\/media?parent=676"}],"wp:term":[{"taxonomy":"category","embeddable":true,"href":"https:\/\/www.kirsehirses.com\/index.php\/wp-json\/wp\/v2\/categories?post=676"},{"taxonomy":"post_tag","embeddable":true,"href":"https:\/\/www.kirsehirses.com\/index.php\/wp-json\/wp\/v2\/tags?post=676"}],"curies":[{"name":"wp","href":"https:\/\/api.w.org\/{rel}","templated":true}]}}