{"id":680,"date":"2025-10-31T03:49:42","date_gmt":"2025-10-31T00:49:42","guid":{"rendered":"https:\/\/www.kirsehirses.com\/?p=680"},"modified":"2025-10-31T03:49:42","modified_gmt":"2025-10-31T00:49:42","slug":"kirsehir-ahi-evran-universitesinde-cumhuriyet-bayrami-etkinlikleri-cumhuriyete-giden-yol-ve-kutlamalar-konusuldu","status":"publish","type":"post","link":"https:\/\/www.kirsehirses.com\/index.php\/2025\/10\/31\/kirsehir-ahi-evran-universitesinde-cumhuriyet-bayrami-etkinlikleri-cumhuriyete-giden-yol-ve-kutlamalar-konusuldu\/","title":{"rendered":"K\u0131r\u015fehir Ahi Evran \u00dcniversitesinde Cumhuriyet Bayram\u0131 Etkinlikleri: \u201cCumhuriyete Giden Yol ve Kutlamalar\u201d Konu\u015fuldu"},"content":{"rendered":"<h3 data-start=\"0\" data-end=\"121\">K\u0131r\u015fehir Ahi Evran \u00dcniversitesinde Cumhuriyet Bayram\u0131 Etkinlikleri: \u201cCumhuriyete Giden Yol ve Kutlamalar\u201d Konu\u015fuldu<\/h3>\n<p><img loading=\"lazy\" decoding=\"async\" class=\"alignnone size-full wp-image-681\" src=\"https:\/\/www.kirsehirses.com\/wp-content\/uploads\/2025\/10\/4-1.jpg\" alt=\"\" width=\"1000\" height=\"667\" srcset=\"https:\/\/www.kirsehirses.com\/wp-content\/uploads\/2025\/10\/4-1.jpg 1000w, https:\/\/www.kirsehirses.com\/wp-content\/uploads\/2025\/10\/4-1-300x200.jpg 300w, https:\/\/www.kirsehirses.com\/wp-content\/uploads\/2025\/10\/4-1-768x512.jpg 768w\" sizes=\"auto, (max-width: 1000px) 100vw, 1000px\" \/><\/p>\n<p data-start=\"123\" data-end=\"714\">K\u0131r\u015fehir Valili\u011fi ve K\u0131r\u015fehir Ahi Evran \u00dcniversitesi i\u015f birli\u011fiyle \u201cCumhuriyetin \u00dclkemizdeki Geli\u015fim S\u00fcreci ve Cumhuriyet Bayram\u0131 Kutlamalar\u0131\u201d konulu bir konferans d\u00fczenlendi. 30 Ekim 2025 tarihinde Ahi Evran Kongre ve K\u00fclt\u00fcr Merkezi Ne\u015fet Erta\u015f Salonu\u2019nda ger\u00e7ekle\u015ftirilen programa, Fen Edebiyat Fak\u00fcltesi \u00f6\u011fretim \u00fcyesi Prof. Dr. Beng\u00fcl Bolat konu\u015fmac\u0131 olarak kat\u0131ld\u0131. Etkinli\u011fe K\u0131r\u015fehir Ahi Evran \u00dcniversitesi Rekt\u00f6r\u00fc Prof. Dr. Mustafa Kas\u0131m Karahocagil, Vali Yard\u0131mc\u0131s\u0131 \u0130smail \u00c7etinkaya, Rekt\u00f6r Yard\u0131mc\u0131s\u0131 Prof. Dr. Musa \u00d6zata, akademik ve idari personel ile \u00f6\u011frenciler kat\u0131l\u0131m sa\u011flad\u0131.<\/p>\n<p data-start=\"716\" data-end=\"1107\">Program\u0131n a\u00e7\u0131l\u0131\u015f konu\u015fmas\u0131n\u0131 yapan Vali Yard\u0131mc\u0131s\u0131 \u0130smail \u00c7etinkaya, Cumhuriyetin ortak bir de\u011fer oldu\u011funu vurgulayarak, \u201cCumhuriyet, 102 y\u0131l \u00f6nce zor \u015fartlarda kuruldu ve bug\u00fcn bu co\u011frafyada bir y\u0131ld\u0131z gibi parl\u0131yor,\u201d ifadelerini kulland\u0131. Cumhuriyetin T\u00fcrkiye\u2019nin varl\u0131\u011f\u0131n\u0131 ve ba\u011f\u0131ms\u0131zl\u0131\u011f\u0131n\u0131 s\u00fcrd\u00fcrebilmesinin temel dayana\u011f\u0131 oldu\u011funu belirten \u00c7etinkaya, Cumhuriyetin 102. y\u0131l\u0131n\u0131 kutlad\u0131.<\/p>\n<p data-start=\"1109\" data-end=\"1702\">Ard\u0131ndan konu\u015fan K\u0131r\u015fehir Ahi Evran \u00dcniversitesi Rekt\u00f6r\u00fc Prof. Dr. Mustafa Kas\u0131m Karahocagil, Cumhuriyetin, \u0130stiklal Harbi\u2019nin bir irade ve kararl\u0131l\u0131k sembol\u00fc oldu\u011funu ifade etti. Karahocagil, Cumhuriyetin yokluk ve imk\u00e2ns\u0131zl\u0131klar i\u00e7inde umutsuzlu\u011fa kap\u0131lmayan bir milletin zaferle ta\u00e7land\u0131rd\u0131\u011f\u0131 bir ba\u011f\u0131ms\u0131zl\u0131k m\u00fccadelesi oldu\u011funu vurgulad\u0131. \u201c29 Ekim 1923, milletimizin iradesine pranga vurulamayaca\u011f\u0131n\u0131n t\u00fcm d\u00fcnyaya ilan edildi\u011fi bir d\u00f6n\u00fcm noktas\u0131d\u0131r,\u201d diyen Karahocagil, Cumhuriyetin sadece bir y\u00f6netim bi\u00e7imi de\u011fil, milletin \u00f6zg\u00fcrl\u00fck ve e\u015fitlik inanc\u0131n\u0131n bir g\u00f6stergesi oldu\u011funu s\u00f6yledi.<\/p>\n<p data-start=\"1704\" data-end=\"2025\">Rekt\u00f6r Karahocagil konu\u015fmas\u0131nda ayr\u0131ca, T\u00fcrkiye\u2019nin savunma sanayisinden teknolojiye, e\u011fitimden d\u0131\u015f politikaya kadar bir\u00e7ok alanda \u00f6nemli ilerlemeler kaydetti\u011fini belirterek, \u201cT\u00fcrkiye Y\u00fczy\u0131l\u0131 hedefleri do\u011frultusunda, milli m\u00fccadele azmiyle medeniyet de\u011ferlerimizi yeniden ihya ve in\u015fa etmeliyiz,\u201d ifadelerine yer verdi.<\/p>\n<p data-start=\"2027\" data-end=\"2700\">Konferans\u0131n akademik sunum b\u00f6l\u00fcm\u00fcnde Prof. Dr. Beng\u00fcl Bolat, \u201cCumhuriyete Giden Yol ve Kutlamalar\u201d ba\u015fl\u0131kl\u0131 sunumunda Milli M\u00fccadelenin askeri bir hareketin \u00f6tesinde, akl\u0131n, bilimin ve teknolojinin rehberli\u011finde y\u00fcr\u00fct\u00fclen bir direni\u015f oldu\u011funu anlatt\u0131. Bolat, Sevr Antla\u015fmas\u0131\u2019yla Osmanl\u0131 topraklar\u0131n\u0131n payla\u015f\u0131lmaya \u00e7al\u0131\u015f\u0131ld\u0131\u011f\u0131n\u0131, Mustafa Kemal Atat\u00fcrk\u2019\u00fcn Samsun\u2019da ba\u015flatt\u0131\u011f\u0131 direni\u015fin Anadolu\u2019nun d\u00f6rt bir yan\u0131nda devam etti\u011fini belirtti. Milli M\u00fccadele\u2019nin sadece T\u00fcrkiye i\u00e7in de\u011fil, s\u00f6m\u00fcrge alt\u0131nda ya\u015fayan milletler i\u00e7in de bir ilham kayna\u011f\u0131 oldu\u011funu ifade eden Bolat, Cumhuriyet Bayram\u0131\u2019n\u0131n T\u00fcrkiye\u2019nin uluslararas\u0131 d\u00fczeyde kabul g\u00f6ren tek bayram\u0131 oldu\u011funu vurgulad\u0131.<\/p>\n<p data-start=\"2702\" data-end=\"2896\" data-is-last-node=\"\" data-is-only-node=\"\">Program, Rekt\u00f6r Prof. Dr. Mustafa Kas\u0131m Karahocagil ve Vali Yard\u0131mc\u0131s\u0131 \u0130smail \u00c7etinkaya\u2019n\u0131n Prof. Dr. Beng\u00fcl Bolat\u2019a te\u015fekk\u00fcr belgesi takdim etmesi ve toplu hat\u0131ra foto\u011fraf\u0131 \u00e7ekimiyle sona erdi.<\/p>\n","protected":false},"excerpt":{"rendered":"<p>K\u0131r\u015fehir Ahi Evran \u00dcniversitesinde Cumhuriyet Bayram\u0131 Etkinlikleri: \u201cCumhuriyete Giden Yol ve Kutlamalar\u201d Konu\u015fuldu K\u0131r\u015fehir Valili\u011fi ve K\u0131r\u015fehir Ahi Evran \u00dcniversitesi i\u015f birli\u011fiyle \u201cCumhuriyetin \u00dclkemizdeki Geli\u015fim S\u00fcreci ve Cumhuriyet Bayram\u0131 Kutlamalar\u0131\u201d konulu bir konferans d\u00fczenlendi. 30 Ekim 2025 tarihinde Ahi Evran Kongre ve K\u00fclt\u00fcr Merkezi Ne\u015fet Erta\u015f Salonu\u2019nda ger\u00e7ekle\u015ftirilen programa, Fen Edebiyat Fak\u00fcltesi \u00f6\u011fretim \u00fcyesi Prof. [&hellip;]<\/p>\n","protected":false},"author":1,"featured_media":682,"comment_status":"open","ping_status":"open","sticky":false,"template":"","format":"standard","meta":{"footnotes":""},"categories":[10,8],"tags":[],"class_list":["post-680","post","type-post","status-publish","format-standard","has-post-thumbnail","hentry","category-egitim","category-kirsehir"],"_links":{"self":[{"href":"https:\/\/www.kirsehirses.com\/index.php\/wp-json\/wp\/v2\/posts\/680","targetHints":{"allow":["GET"]}}],"collection":[{"href":"https:\/\/www.kirsehirses.com\/index.php\/wp-json\/wp\/v2\/posts"}],"about":[{"href":"https:\/\/www.kirsehirses.com\/index.php\/wp-json\/wp\/v2\/types\/post"}],"author":[{"embeddable":true,"href":"https:\/\/www.kirsehirses.com\/index.php\/wp-json\/wp\/v2\/users\/1"}],"replies":[{"embeddable":true,"href":"https:\/\/www.kirsehirses.com\/index.php\/wp-json\/wp\/v2\/comments?post=680"}],"version-history":[{"count":1,"href":"https:\/\/www.kirsehirses.com\/index.php\/wp-json\/wp\/v2\/posts\/680\/revisions"}],"predecessor-version":[{"id":683,"href":"https:\/\/www.kirsehirses.com\/index.php\/wp-json\/wp\/v2\/posts\/680\/revisions\/683"}],"wp:featuredmedia":[{"embeddable":true,"href":"https:\/\/www.kirsehirses.com\/index.php\/wp-json\/wp\/v2\/media\/682"}],"wp:attachment":[{"href":"https:\/\/www.kirsehirses.com\/index.php\/wp-json\/wp\/v2\/media?parent=680"}],"wp:term":[{"taxonomy":"category","embeddable":true,"href":"https:\/\/www.kirsehirses.com\/index.php\/wp-json\/wp\/v2\/categories?post=680"},{"taxonomy":"post_tag","embeddable":true,"href":"https:\/\/www.kirsehirses.com\/index.php\/wp-json\/wp\/v2\/tags?post=680"}],"curies":[{"name":"wp","href":"https:\/\/api.w.org\/{rel}","templated":true}]}}