{"id":691,"date":"2025-10-31T03:56:39","date_gmt":"2025-10-31T00:56:39","guid":{"rendered":"https:\/\/www.kirsehirses.com\/?p=691"},"modified":"2025-10-31T03:56:39","modified_gmt":"2025-10-31T00:56:39","slug":"valilik-bahcesindeki-ataturk-anitina-bakim-yapildi","status":"publish","type":"post","link":"https:\/\/www.kirsehirses.com\/index.php\/2025\/10\/31\/valilik-bahcesindeki-ataturk-anitina-bakim-yapildi\/","title":{"rendered":"Valilik Bah\u00e7esindeki Atat\u00fcrk An\u0131t\u0131na Bak\u0131m Yap\u0131ld\u0131"},"content":{"rendered":"<p><strong>Valilik Bah\u00e7esindeki Atat\u00fcrk An\u0131t\u0131na Bak\u0131m Yap\u0131ld\u0131<\/strong><\/p>\n<p>Cumhuriyet Bayram\u0131 kutlamalar\u0131 \u00f6ncesinde K\u0131r\u015fehir Valili\u011fi bah\u00e7esinde yer alan Atat\u00fcrk An\u0131t\u0131 bak\u0131m ve yenileme \u00e7al\u0131\u015fmas\u0131ndan ge\u00e7ti.<\/p>\n<p>Valilik bah\u00e7esindeki Atat\u00fcrk heykelinin detayl\u0131 bak\u0131m\u0131 ve yenilemesi K\u0131r\u015fehir Ahi Evran \u00dcniversitesi G\u00fczel Sanatlar Fak\u00fcltesi Dr. \u00d6\u011fretim \u00dcyesi Heykelt\u0131ra\u015f Sevtap Y\u0131ld\u0131z taraf\u0131ndan yap\u0131ld\u0131.<\/p>\n<p>Cumhuriyetin 102. y\u0131l\u0131 \u00f6ncesinde ger\u00e7ekle\u015ftirilen bu \u00e7al\u0131\u015fma, hem Atat\u00fcrk\u2019e duyulan sayg\u0131n\u0131n hem de Cumhuriyet de\u011ferlerine verilen \u00f6nemin bir yans\u0131mas\u0131 olarak de\u011ferlendirildi.<\/p>\n<p>K\u0131r\u015fehir Valili\u011fi yetkilileri, \u00f6zverili \u00e7al\u0131\u015fmas\u0131ndan dolay\u0131 Dr. \u00d6\u011fretim \u00dcyesi Sevtap Y\u0131ld\u0131z\u2019a te\u015fekk\u00fcr edildi.<\/p>\n<p>Eski Valilik Bah\u00e7esinde bulunan Atat\u00fcrk An\u0131t\u0131, binan\u0131n y\u0131k\u0131m\u0131 ve yeniden in\u015faas\u0131 s\u00fcrecinde zarar g\u00f6rmemesi i\u00e7in 2017 y\u0131l\u0131nda ge\u00e7ici olarak mevcut hizmet binas\u0131n\u0131n bah\u00e7esine ta\u015f\u0131nm\u0131\u015ft\u0131.<\/p>\n","protected":false},"excerpt":{"rendered":"<p>Valilik Bah\u00e7esindeki Atat\u00fcrk An\u0131t\u0131na Bak\u0131m Yap\u0131ld\u0131 Cumhuriyet Bayram\u0131 kutlamalar\u0131 \u00f6ncesinde K\u0131r\u015fehir Valili\u011fi bah\u00e7esinde yer alan Atat\u00fcrk An\u0131t\u0131 bak\u0131m ve yenileme \u00e7al\u0131\u015fmas\u0131ndan ge\u00e7ti. Valilik bah\u00e7esindeki Atat\u00fcrk heykelinin detayl\u0131 bak\u0131m\u0131 ve yenilemesi K\u0131r\u015fehir Ahi Evran \u00dcniversitesi G\u00fczel Sanatlar Fak\u00fcltesi Dr. \u00d6\u011fretim \u00dcyesi Heykelt\u0131ra\u015f Sevtap Y\u0131ld\u0131z taraf\u0131ndan yap\u0131ld\u0131. Cumhuriyetin 102. y\u0131l\u0131 \u00f6ncesinde ger\u00e7ekle\u015ftirilen bu \u00e7al\u0131\u015fma, hem Atat\u00fcrk\u2019e duyulan [&hellip;]<\/p>\n","protected":false},"author":1,"featured_media":692,"comment_status":"open","ping_status":"open","sticky":false,"template":"","format":"standard","meta":{"footnotes":""},"categories":[8],"tags":[],"class_list":["post-691","post","type-post","status-publish","format-standard","has-post-thumbnail","hentry","category-kirsehir"],"_links":{"self":[{"href":"https:\/\/www.kirsehirses.com\/index.php\/wp-json\/wp\/v2\/posts\/691","targetHints":{"allow":["GET"]}}],"collection":[{"href":"https:\/\/www.kirsehirses.com\/index.php\/wp-json\/wp\/v2\/posts"}],"about":[{"href":"https:\/\/www.kirsehirses.com\/index.php\/wp-json\/wp\/v2\/types\/post"}],"author":[{"embeddable":true,"href":"https:\/\/www.kirsehirses.com\/index.php\/wp-json\/wp\/v2\/users\/1"}],"replies":[{"embeddable":true,"href":"https:\/\/www.kirsehirses.com\/index.php\/wp-json\/wp\/v2\/comments?post=691"}],"version-history":[{"count":1,"href":"https:\/\/www.kirsehirses.com\/index.php\/wp-json\/wp\/v2\/posts\/691\/revisions"}],"predecessor-version":[{"id":693,"href":"https:\/\/www.kirsehirses.com\/index.php\/wp-json\/wp\/v2\/posts\/691\/revisions\/693"}],"wp:featuredmedia":[{"embeddable":true,"href":"https:\/\/www.kirsehirses.com\/index.php\/wp-json\/wp\/v2\/media\/692"}],"wp:attachment":[{"href":"https:\/\/www.kirsehirses.com\/index.php\/wp-json\/wp\/v2\/media?parent=691"}],"wp:term":[{"taxonomy":"category","embeddable":true,"href":"https:\/\/www.kirsehirses.com\/index.php\/wp-json\/wp\/v2\/categories?post=691"},{"taxonomy":"post_tag","embeddable":true,"href":"https:\/\/www.kirsehirses.com\/index.php\/wp-json\/wp\/v2\/tags?post=691"}],"curies":[{"name":"wp","href":"https:\/\/api.w.org\/{rel}","templated":true}]}}