{"id":694,"date":"2025-10-31T04:01:06","date_gmt":"2025-10-31T01:01:06","guid":{"rendered":"https:\/\/www.kirsehirses.com\/?p=694"},"modified":"2025-10-31T04:01:06","modified_gmt":"2025-10-31T01:01:06","slug":"kirsehirde-nesiller-arasi-bag-icin-fidan-dikimi-etkinligi","status":"publish","type":"post","link":"https:\/\/www.kirsehirses.com\/index.php\/2025\/10\/31\/kirsehirde-nesiller-arasi-bag-icin-fidan-dikimi-etkinligi\/","title":{"rendered":"K\u0131r\u015fehir\u2019de Nesiller Aras\u0131 Ba\u011f \u0130\u00e7in Fidan Dikimi Etkinli\u011fi"},"content":{"rendered":"<h2 data-start=\"135\" data-end=\"198\">K\u0131r\u015fehir\u2019de Nesiller Aras\u0131 Ba\u011f \u0130\u00e7in Fidan Dikimi Etkinli\u011fi<\/h2>\n<p><img loading=\"lazy\" decoding=\"async\" class=\"alignnone size-full wp-image-696\" src=\"https:\/\/www.kirsehirses.com\/wp-content\/uploads\/2025\/10\/G4XF-hQXAAAxBBl.jpeg\" alt=\"\" width=\"2048\" height=\"1365\" srcset=\"https:\/\/www.kirsehirses.com\/wp-content\/uploads\/2025\/10\/G4XF-hQXAAAxBBl.jpeg 2048w, https:\/\/www.kirsehirses.com\/wp-content\/uploads\/2025\/10\/G4XF-hQXAAAxBBl-300x200.jpeg 300w, https:\/\/www.kirsehirses.com\/wp-content\/uploads\/2025\/10\/G4XF-hQXAAAxBBl-1024x683.jpeg 1024w, https:\/\/www.kirsehirses.com\/wp-content\/uploads\/2025\/10\/G4XF-hQXAAAxBBl-768x512.jpeg 768w, https:\/\/www.kirsehirses.com\/wp-content\/uploads\/2025\/10\/G4XF-hQXAAAxBBl-1536x1024.jpeg 1536w\" sizes=\"auto, (max-width: 2048px) 100vw, 2048px\" \/><\/p>\n<p>&nbsp;<\/p>\n<p data-start=\"200\" data-end=\"436\">K\u0131r\u015fehir Valili\u011fi taraf\u0131ndan y\u00fcr\u00fct\u00fclen <strong data-start=\"239\" data-end=\"301\">\u201cK\u0131r\u015fehir\u2019de Nefes Alan, K\u0131r\u015fehir\u2019e Nefes Veriyor Projesi\u201d<\/strong> kapsam\u0131nda, <strong data-start=\"314\" data-end=\"341\">Fatma Bac\u0131 Sevgi Evleri<\/strong> ile <strong data-start=\"346\" data-end=\"367\">K\u0131r\u015fehir Huzurevi<\/strong> sakinleri bir araya gelerek fidan dikimi etkinli\u011fi ger\u00e7ekle\u015ftirdi.<\/p>\n<p data-start=\"438\" data-end=\"667\">Etkinlikte, devlet korumas\u0131 alt\u0131ndaki \u00e7ocuklar ile huzurevi sakinleri birlikte fidanlar\u0131 toprakla bulu\u015fturdu. Kat\u0131l\u0131mc\u0131lar, dikilen her fidan\u0131n nesiller aras\u0131 ba\u011f\u0131n g\u00fc\u00e7lenmesini ve ortak gelece\u011fin simgesi olmas\u0131n\u0131 temenni etti.<\/p>\n<p data-start=\"669\" data-end=\"938\">Proje ile \u00e7evre bilincinin art\u0131r\u0131lmas\u0131, do\u011faya katk\u0131 sa\u011flanmas\u0131 ve farkl\u0131 ku\u015faklar aras\u0131nda etkile\u015fimin desteklenmesi hedefleniyor. K\u0131r\u015fehir Valili\u011fi taraf\u0131ndan y\u00fcr\u00fct\u00fclen bu kapsaml\u0131 \u00e7evre ve sosyal sorumluluk projesi, il genelinde \u00e7e\u015fitli etkinliklerle s\u00fcrd\u00fcr\u00fclecek.<\/p>\n","protected":false},"excerpt":{"rendered":"<p>K\u0131r\u015fehir\u2019de Nesiller Aras\u0131 Ba\u011f \u0130\u00e7in Fidan Dikimi Etkinli\u011fi &nbsp; K\u0131r\u015fehir Valili\u011fi taraf\u0131ndan y\u00fcr\u00fct\u00fclen \u201cK\u0131r\u015fehir\u2019de Nefes Alan, K\u0131r\u015fehir\u2019e Nefes Veriyor Projesi\u201d kapsam\u0131nda, Fatma Bac\u0131 Sevgi Evleri ile K\u0131r\u015fehir Huzurevi sakinleri bir araya gelerek fidan dikimi etkinli\u011fi ger\u00e7ekle\u015ftirdi. Etkinlikte, devlet korumas\u0131 alt\u0131ndaki \u00e7ocuklar ile huzurevi sakinleri birlikte fidanlar\u0131 toprakla bulu\u015fturdu. Kat\u0131l\u0131mc\u0131lar, dikilen her fidan\u0131n nesiller aras\u0131 ba\u011f\u0131n [&hellip;]<\/p>\n","protected":false},"author":1,"featured_media":695,"comment_status":"open","ping_status":"open","sticky":false,"template":"","format":"standard","meta":{"footnotes":""},"categories":[8],"tags":[],"class_list":["post-694","post","type-post","status-publish","format-standard","has-post-thumbnail","hentry","category-kirsehir"],"_links":{"self":[{"href":"https:\/\/www.kirsehirses.com\/index.php\/wp-json\/wp\/v2\/posts\/694","targetHints":{"allow":["GET"]}}],"collection":[{"href":"https:\/\/www.kirsehirses.com\/index.php\/wp-json\/wp\/v2\/posts"}],"about":[{"href":"https:\/\/www.kirsehirses.com\/index.php\/wp-json\/wp\/v2\/types\/post"}],"author":[{"embeddable":true,"href":"https:\/\/www.kirsehirses.com\/index.php\/wp-json\/wp\/v2\/users\/1"}],"replies":[{"embeddable":true,"href":"https:\/\/www.kirsehirses.com\/index.php\/wp-json\/wp\/v2\/comments?post=694"}],"version-history":[{"count":1,"href":"https:\/\/www.kirsehirses.com\/index.php\/wp-json\/wp\/v2\/posts\/694\/revisions"}],"predecessor-version":[{"id":697,"href":"https:\/\/www.kirsehirses.com\/index.php\/wp-json\/wp\/v2\/posts\/694\/revisions\/697"}],"wp:featuredmedia":[{"embeddable":true,"href":"https:\/\/www.kirsehirses.com\/index.php\/wp-json\/wp\/v2\/media\/695"}],"wp:attachment":[{"href":"https:\/\/www.kirsehirses.com\/index.php\/wp-json\/wp\/v2\/media?parent=694"}],"wp:term":[{"taxonomy":"category","embeddable":true,"href":"https:\/\/www.kirsehirses.com\/index.php\/wp-json\/wp\/v2\/categories?post=694"},{"taxonomy":"post_tag","embeddable":true,"href":"https:\/\/www.kirsehirses.com\/index.php\/wp-json\/wp\/v2\/tags?post=694"}],"curies":[{"name":"wp","href":"https:\/\/api.w.org\/{rel}","templated":true}]}}