{"id":698,"date":"2025-10-31T04:06:01","date_gmt":"2025-10-31T01:06:01","guid":{"rendered":"https:\/\/www.kirsehirses.com\/?p=698"},"modified":"2025-10-31T04:06:01","modified_gmt":"2025-10-31T01:06:01","slug":"kizilay-haftasi-etkinlikleri-yarina-hilal-ol-temasiyla-kizilay-sokagi-acildi","status":"publish","type":"post","link":"https:\/\/www.kirsehirses.com\/index.php\/2025\/10\/31\/kizilay-haftasi-etkinlikleri-yarina-hilal-ol-temasiyla-kizilay-sokagi-acildi\/","title":{"rendered":"K\u0131z\u0131lay Haftas\u0131 Etkinlikleri: \u201cYar\u0131na Hilal Ol\u201d Temas\u0131yla K\u0131z\u0131lay Soka\u011f\u0131 A\u00e7\u0131ld\u0131"},"content":{"rendered":"<h2 data-start=\"98\" data-end=\"182\">K\u0131z\u0131lay Haftas\u0131 Etkinlikleri: \u201cYar\u0131na Hilal Ol\u201d Temas\u0131yla K\u0131z\u0131lay Soka\u011f\u0131 A\u00e7\u0131ld\u0131<\/h2>\n<p data-start=\"184\" data-end=\"460\">Her y\u0131l 29 Ekim-4 Kas\u0131m tarihleri aras\u0131nda d\u00fczenlenen <strong data-start=\"238\" data-end=\"257\">K\u0131z\u0131lay Haftas\u0131<\/strong>, bu y\u0131l <strong data-start=\"266\" data-end=\"287\">\u201cYar\u0131na Hilal Ol\u201d<\/strong> slogan\u0131yla kutlan\u0131yor. Ankara Etimesgut Yerle\u015fkesi\u2019nde a\u00e7\u0131lan <strong data-start=\"350\" data-end=\"368\">K\u0131z\u0131lay Soka\u011f\u0131<\/strong>, iklim de\u011fi\u015fikli\u011fi ve afet bilinci temas\u0131yla 5 Kas\u0131m\u2019a kadar ziyaret\u00e7ilerini a\u011f\u0131rlayacak.<\/p>\n<p data-start=\"462\" data-end=\"822\">K\u0131z\u0131lay Soka\u011f\u0131, 330\u2019dan fazla okuldan 22 bini a\u015fk\u0131n \u00f6\u011frenciyi bir araya getiriyor. Ziyaret\u00e7iler, <strong data-start=\"559\" data-end=\"581\">\u0130klim Kahramanlar\u0131<\/strong>, <strong data-start=\"583\" data-end=\"599\">Afet Parkuru<\/strong>, <strong data-start=\"601\" data-end=\"617\">Dijital M\u00fcze<\/strong>, <strong data-start=\"619\" data-end=\"643\">Sa\u011fl\u0131kl\u0131 Ya\u015fam Alan\u0131<\/strong>, <strong data-start=\"645\" data-end=\"675\">K\u0131z\u0131lay \u0130lk Yard\u0131m \u00c7antas\u0131<\/strong>, <strong data-start=\"677\" data-end=\"697\">G\u00f6n\u00fcll\u00fc Ol Alan\u0131<\/strong> ve <strong data-start=\"701\" data-end=\"727\">K\u0131z\u0131lay \u0130lkeleri Oyunu<\/strong> gibi etkile\u015fimli alanlarda uygulamal\u0131 e\u011fitim ve oyun tabanl\u0131 \u00f6\u011frenme deneyimi ya\u015fayabiliyor.<\/p>\n<p data-start=\"824\" data-end=\"1060\">Etkinlik, \u00e7ocuklar\u0131n temel afet haz\u0131rl\u0131\u011f\u0131 davran\u0131\u015flar\u0131n\u0131 \u00f6\u011frenmesini ve iklim konusundaki fark\u0131ndal\u0131klar\u0131n\u0131 art\u0131rmay\u0131 ama\u00e7l\u0131yor. Ayr\u0131ca \u00e7ocuklar\u0131n erken ya\u015fta <strong data-start=\"983\" data-end=\"1029\">K\u0131z\u0131layc\u0131l\u0131k k\u00fclt\u00fcr\u00fc ve g\u00f6n\u00fcll\u00fcl\u00fck bilinci<\/strong>yle tan\u0131\u015fmalar\u0131 hedefleniyor.<\/p>\n<p data-start=\"1062\" data-end=\"1320\">A\u00e7\u0131l\u0131\u015f t\u00f6renine, T\u00fcrk K\u0131z\u0131lay Genel Ba\u015fkan\u0131 <strong data-start=\"1106\" data-end=\"1138\">Prof. Dr. Fatma Meri\u00e7 Y\u0131lmaz<\/strong> kat\u0131ld\u0131. Program, Arkada\u015f\u0131m Keman Projesi\u2019nin minik sanat\u00e7\u0131lar\u0131 ve Isparta E\u011firdir Cennet Erdo\u011fan Bilim ve Sanat Merkezi \u00f6\u011frencilerinin seslendirdi\u011fi K\u0131z\u0131lay \u015fark\u0131lar\u0131yla ba\u015flad\u0131.<\/p>\n<p data-start=\"1322\" data-end=\"1460\">K\u0131z\u0131lay Haftas\u0131 boyunca, \u00fclke genelindeki K\u0131z\u0131lay \u015fubeleri de ayn\u0131 temada etkinlikler d\u00fczenleyerek K\u0131z\u0131layc\u0131l\u0131k ruhunu yayg\u0131nla\u015ft\u0131racak.<\/p>\n","protected":false},"excerpt":{"rendered":"<p>K\u0131z\u0131lay Haftas\u0131 Etkinlikleri: \u201cYar\u0131na Hilal Ol\u201d Temas\u0131yla K\u0131z\u0131lay Soka\u011f\u0131 A\u00e7\u0131ld\u0131 Her y\u0131l 29 Ekim-4 Kas\u0131m tarihleri aras\u0131nda d\u00fczenlenen K\u0131z\u0131lay Haftas\u0131, bu y\u0131l \u201cYar\u0131na Hilal Ol\u201d slogan\u0131yla kutlan\u0131yor. Ankara Etimesgut Yerle\u015fkesi\u2019nde a\u00e7\u0131lan K\u0131z\u0131lay Soka\u011f\u0131, iklim de\u011fi\u015fikli\u011fi ve afet bilinci temas\u0131yla 5 Kas\u0131m\u2019a kadar ziyaret\u00e7ilerini a\u011f\u0131rlayacak. K\u0131z\u0131lay Soka\u011f\u0131, 330\u2019dan fazla okuldan 22 bini a\u015fk\u0131n \u00f6\u011frenciyi bir araya [&hellip;]<\/p>\n","protected":false},"author":1,"featured_media":699,"comment_status":"open","ping_status":"open","sticky":false,"template":"","format":"standard","meta":{"footnotes":""},"categories":[1,7],"tags":[],"class_list":["post-698","post","type-post","status-publish","format-standard","has-post-thumbnail","hentry","category-genel","category-turkiye"],"_links":{"self":[{"href":"https:\/\/www.kirsehirses.com\/index.php\/wp-json\/wp\/v2\/posts\/698","targetHints":{"allow":["GET"]}}],"collection":[{"href":"https:\/\/www.kirsehirses.com\/index.php\/wp-json\/wp\/v2\/posts"}],"about":[{"href":"https:\/\/www.kirsehirses.com\/index.php\/wp-json\/wp\/v2\/types\/post"}],"author":[{"embeddable":true,"href":"https:\/\/www.kirsehirses.com\/index.php\/wp-json\/wp\/v2\/users\/1"}],"replies":[{"embeddable":true,"href":"https:\/\/www.kirsehirses.com\/index.php\/wp-json\/wp\/v2\/comments?post=698"}],"version-history":[{"count":1,"href":"https:\/\/www.kirsehirses.com\/index.php\/wp-json\/wp\/v2\/posts\/698\/revisions"}],"predecessor-version":[{"id":700,"href":"https:\/\/www.kirsehirses.com\/index.php\/wp-json\/wp\/v2\/posts\/698\/revisions\/700"}],"wp:featuredmedia":[{"embeddable":true,"href":"https:\/\/www.kirsehirses.com\/index.php\/wp-json\/wp\/v2\/media\/699"}],"wp:attachment":[{"href":"https:\/\/www.kirsehirses.com\/index.php\/wp-json\/wp\/v2\/media?parent=698"}],"wp:term":[{"taxonomy":"category","embeddable":true,"href":"https:\/\/www.kirsehirses.com\/index.php\/wp-json\/wp\/v2\/categories?post=698"},{"taxonomy":"post_tag","embeddable":true,"href":"https:\/\/www.kirsehirses.com\/index.php\/wp-json\/wp\/v2\/tags?post=698"}],"curies":[{"name":"wp","href":"https:\/\/api.w.org\/{rel}","templated":true}]}}