{"id":701,"date":"2025-10-31T04:07:27","date_gmt":"2025-10-31T01:07:27","guid":{"rendered":"https:\/\/www.kirsehirses.com\/?p=701"},"modified":"2025-10-31T04:07:27","modified_gmt":"2025-10-31T01:07:27","slug":"kirsehirde-aranan-sahis-yakalandi","status":"publish","type":"post","link":"https:\/\/www.kirsehirses.com\/index.php\/2025\/10\/31\/kirsehirde-aranan-sahis-yakalandi\/","title":{"rendered":"K\u0131r\u015fehir\u2019de Aranan \u015eah\u0131s Yakaland\u0131"},"content":{"rendered":"<h2 data-start=\"90\" data-end=\"129\">K\u0131r\u015fehir\u2019de Aranan \u015eah\u0131s Yakaland\u0131<\/h2>\n<p data-start=\"131\" data-end=\"471\">K\u0131r\u015fehir \u0130l Jandarma Komutanl\u0131\u011f\u0131 JASAT ekipleri ile Kaman \u0130l\u00e7e Jandarma Komutanl\u0131\u011f\u0131 taraf\u0131ndan y\u00fcr\u00fct\u00fclen \u00e7al\u0131\u015fmalar sonucunda, 05 A\u011fustos 2024 tarihinden beri aranan ve \u201c\u00c7ekle ilgili kar\u015f\u0131l\u0131ks\u0131zd\u0131r i\u015flemi yap\u0131lmas\u0131na sebebiyet verme\u201d su\u00e7undan 37 y\u0131l 6 ay kesinle\u015fmi\u015f hapis cezas\u0131 bulunan <strong data-start=\"419\" data-end=\"442\">E.K. (1994 do\u011fumlu)<\/strong> Kaman il\u00e7esinde yakaland\u0131.<\/p>\n<p data-start=\"473\" data-end=\"760\">\u015eah\u0131s, kimlik ta\u015f\u0131mayarak karde\u015finin ismini kullanm\u0131\u015f, k\u00f6yden ayr\u0131lmam\u0131\u015f ve imaj de\u011fi\u015fikli\u011fiyle saklanmaya \u00e7al\u0131\u015fm\u0131\u015ft\u0131. Ancak <strong data-start=\"598\" data-end=\"643\">JABS, KEP, Avc\u0131, JADU ve B\u0130LGE sistemleri<\/strong> \u00fczerinden yap\u0131lan kimlik tespiti ve saha \u00e7al\u0131\u015fmas\u0131 sonucunda, tar\u0131m i\u015fi yapt\u0131\u011f\u0131 s\u0131rada trakt\u00f6r \u00fczerinde yakaland\u0131.<\/p>\n<p data-start=\"762\" data-end=\"858\">Adli i\u015flemlerinin ard\u0131ndan E.K., <strong data-start=\"795\" data-end=\"839\">K\u0131r\u015fehir Y Tipi Kapal\u0131 Ceza \u0130nfaz Kurumu<\/strong>na teslim edildi.<\/p>\n<p data-start=\"860\" data-end=\"1083\">K\u0131r\u015fehir \u0130l Jandarma Komutanl\u0131\u011f\u0131, kamu g\u00fcvenli\u011finin sa\u011flanmas\u0131 ve su\u00e7lular\u0131n adalete teslim edilmesi i\u00e7in y\u00fcr\u00fct\u00fclen operasyonlar\u0131 ba\u015far\u0131yla tamamlayan JASAT ve Kaman \u0130l\u00e7e Jandarma personelinin \u00e7al\u0131\u015fmalar\u0131na te\u015fekk\u00fcr etti.<\/p>\n","protected":false},"excerpt":{"rendered":"<p>K\u0131r\u015fehir\u2019de Aranan \u015eah\u0131s Yakaland\u0131 K\u0131r\u015fehir \u0130l Jandarma Komutanl\u0131\u011f\u0131 JASAT ekipleri ile Kaman \u0130l\u00e7e Jandarma Komutanl\u0131\u011f\u0131 taraf\u0131ndan y\u00fcr\u00fct\u00fclen \u00e7al\u0131\u015fmalar sonucunda, 05 A\u011fustos 2024 tarihinden beri aranan ve \u201c\u00c7ekle ilgili kar\u015f\u0131l\u0131ks\u0131zd\u0131r i\u015flemi yap\u0131lmas\u0131na sebebiyet verme\u201d su\u00e7undan 37 y\u0131l 6 ay kesinle\u015fmi\u015f hapis cezas\u0131 bulunan E.K. (1994 do\u011fumlu) Kaman il\u00e7esinde yakaland\u0131. \u015eah\u0131s, kimlik ta\u015f\u0131mayarak karde\u015finin ismini kullanm\u0131\u015f, k\u00f6yden [&hellip;]<\/p>\n","protected":false},"author":1,"featured_media":702,"comment_status":"open","ping_status":"open","sticky":false,"template":"","format":"standard","meta":{"footnotes":""},"categories":[8],"tags":[],"class_list":["post-701","post","type-post","status-publish","format-standard","has-post-thumbnail","hentry","category-kirsehir"],"_links":{"self":[{"href":"https:\/\/www.kirsehirses.com\/index.php\/wp-json\/wp\/v2\/posts\/701","targetHints":{"allow":["GET"]}}],"collection":[{"href":"https:\/\/www.kirsehirses.com\/index.php\/wp-json\/wp\/v2\/posts"}],"about":[{"href":"https:\/\/www.kirsehirses.com\/index.php\/wp-json\/wp\/v2\/types\/post"}],"author":[{"embeddable":true,"href":"https:\/\/www.kirsehirses.com\/index.php\/wp-json\/wp\/v2\/users\/1"}],"replies":[{"embeddable":true,"href":"https:\/\/www.kirsehirses.com\/index.php\/wp-json\/wp\/v2\/comments?post=701"}],"version-history":[{"count":1,"href":"https:\/\/www.kirsehirses.com\/index.php\/wp-json\/wp\/v2\/posts\/701\/revisions"}],"predecessor-version":[{"id":703,"href":"https:\/\/www.kirsehirses.com\/index.php\/wp-json\/wp\/v2\/posts\/701\/revisions\/703"}],"wp:featuredmedia":[{"embeddable":true,"href":"https:\/\/www.kirsehirses.com\/index.php\/wp-json\/wp\/v2\/media\/702"}],"wp:attachment":[{"href":"https:\/\/www.kirsehirses.com\/index.php\/wp-json\/wp\/v2\/media?parent=701"}],"wp:term":[{"taxonomy":"category","embeddable":true,"href":"https:\/\/www.kirsehirses.com\/index.php\/wp-json\/wp\/v2\/categories?post=701"},{"taxonomy":"post_tag","embeddable":true,"href":"https:\/\/www.kirsehirses.com\/index.php\/wp-json\/wp\/v2\/tags?post=701"}],"curies":[{"name":"wp","href":"https:\/\/api.w.org\/{rel}","templated":true}]}}