{"id":710,"date":"2025-11-03T10:10:58","date_gmt":"2025-11-03T07:10:58","guid":{"rendered":"https:\/\/www.kirsehirses.com\/?p=710"},"modified":"2025-11-03T10:10:58","modified_gmt":"2025-11-03T07:10:58","slug":"mardinde-yokuz-3-1","status":"publish","type":"post","link":"https:\/\/www.kirsehirses.com\/index.php\/2025\/11\/03\/mardinde-yokuz-3-1\/","title":{"rendered":"MARD\u0130NDE YOKUZ 3-1"},"content":{"rendered":"<p><strong>MARD\u0130NDE YOKUZ 3-1<\/strong><br \/>\n<img loading=\"lazy\" decoding=\"async\" class=\"alignnone size-full wp-image-711\" src=\"https:\/\/www.kirsehirses.com\/wp-content\/uploads\/2025\/11\/WhatsApp-Gorsel-2025-11-01-saat-16.28.28_2774e732.jpg\" alt=\"\" width=\"1963\" height=\"1755\" srcset=\"https:\/\/www.kirsehirses.com\/wp-content\/uploads\/2025\/11\/WhatsApp-Gorsel-2025-11-01-saat-16.28.28_2774e732.jpg 1963w, https:\/\/www.kirsehirses.com\/wp-content\/uploads\/2025\/11\/WhatsApp-Gorsel-2025-11-01-saat-16.28.28_2774e732-300x268.jpg 300w, https:\/\/www.kirsehirses.com\/wp-content\/uploads\/2025\/11\/WhatsApp-Gorsel-2025-11-01-saat-16.28.28_2774e732-1024x915.jpg 1024w, https:\/\/www.kirsehirses.com\/wp-content\/uploads\/2025\/11\/WhatsApp-Gorsel-2025-11-01-saat-16.28.28_2774e732-768x687.jpg 768w, https:\/\/www.kirsehirses.com\/wp-content\/uploads\/2025\/11\/WhatsApp-Gorsel-2025-11-01-saat-16.28.28_2774e732-1536x1373.jpg 1536w\" sizes=\"auto, (max-width: 1963px) 100vw, 1963px\" \/><br \/>\nNesine 3. Lig 2. Grubun 9. haftas\u0131nda Mardin deplasman\u0131nda Eti G\u00fcbre Maz\u0131da\u011f\u0131 Fosfatspor ile kar\u015f\u0131la\u015fan Ejdero\u011flu K\u0131r\u015fehirspor, zorlu ma\u00e7tan 3-1 lik skorla sahadan ma\u011flup ayr\u0131ld\u0131.<\/p>\n<p>Kar\u015f\u0131la\u015fman\u0131n 12. dakikas\u0131nda kornerden gelen topu kafayla a\u011falara g\u00f6nderen Hasan \u00c7avdar, Eti G\u00fcbre Maz\u0131da\u011f\u0131 Fosfatsporu 1-0 \u00f6ne ge\u00e7irirken, K\u0131r\u015fehirspor, 21.dakikada Caner Uzun\u2019un pas\u0131yla Tolga \u015eahin topu a\u011falara g\u00f6ndererek skoru 1-1 olarak e\u015fitledi ; 45+1 de Eti G\u00fcbre Maz\u0131da\u011f\u0131 Fosfatspor korner at\u0131\u015f\u0131ndan gelen topu uzak kale dire\u011finde dan Nimet Kayaalp in gol\u00fc ile K\u0131r\u015fehirspor 2-1 geri d\u00fc\u015ferken, 72.dakikada ye\u015fil-beyazl\u0131 ekibimizin savunmas\u0131ndan \u00dcmit Bayraktar\u2019\u0131n b\u00fcy\u00fck hatas\u0131ndan yararlanan Murat Elkatm\u0131\u015f topu a\u011flara g\u00f6nderince zorlu ma\u00e7\u0131 ekibimiz deplasmanda 3-1 kaybederek 11 puanda kald\u0131.<\/p>\n<p>K\u0131r\u015fehirspor, ligin 10. haftas\u0131ndan 09 Kas\u0131m 2025 Pazar g\u00fcn\u00fc K\u0131r\u015fehir Ahi Stadyumunda Kayseri ekibi Erciyes 38 FSK\u2019y\u0131 a\u011f\u0131rlayacak.<\/p>\n","protected":false},"excerpt":{"rendered":"<p>MARD\u0130NDE YOKUZ 3-1 Nesine 3. Lig 2. Grubun 9. haftas\u0131nda Mardin deplasman\u0131nda Eti G\u00fcbre Maz\u0131da\u011f\u0131 Fosfatspor ile kar\u015f\u0131la\u015fan Ejdero\u011flu K\u0131r\u015fehirspor, zorlu ma\u00e7tan 3-1 lik skorla sahadan ma\u011flup ayr\u0131ld\u0131. Kar\u015f\u0131la\u015fman\u0131n 12. dakikas\u0131nda kornerden gelen topu kafayla a\u011falara g\u00f6nderen Hasan \u00c7avdar, Eti G\u00fcbre Maz\u0131da\u011f\u0131 Fosfatsporu 1-0 \u00f6ne ge\u00e7irirken, K\u0131r\u015fehirspor, 21.dakikada Caner Uzun\u2019un pas\u0131yla Tolga \u015eahin topu a\u011falara [&hellip;]<\/p>\n","protected":false},"author":1,"featured_media":711,"comment_status":"open","ping_status":"open","sticky":false,"template":"","format":"standard","meta":{"footnotes":""},"categories":[4],"tags":[],"class_list":["post-710","post","type-post","status-publish","format-standard","has-post-thumbnail","hentry","category-spor"],"_links":{"self":[{"href":"https:\/\/www.kirsehirses.com\/index.php\/wp-json\/wp\/v2\/posts\/710","targetHints":{"allow":["GET"]}}],"collection":[{"href":"https:\/\/www.kirsehirses.com\/index.php\/wp-json\/wp\/v2\/posts"}],"about":[{"href":"https:\/\/www.kirsehirses.com\/index.php\/wp-json\/wp\/v2\/types\/post"}],"author":[{"embeddable":true,"href":"https:\/\/www.kirsehirses.com\/index.php\/wp-json\/wp\/v2\/users\/1"}],"replies":[{"embeddable":true,"href":"https:\/\/www.kirsehirses.com\/index.php\/wp-json\/wp\/v2\/comments?post=710"}],"version-history":[{"count":1,"href":"https:\/\/www.kirsehirses.com\/index.php\/wp-json\/wp\/v2\/posts\/710\/revisions"}],"predecessor-version":[{"id":712,"href":"https:\/\/www.kirsehirses.com\/index.php\/wp-json\/wp\/v2\/posts\/710\/revisions\/712"}],"wp:featuredmedia":[{"embeddable":true,"href":"https:\/\/www.kirsehirses.com\/index.php\/wp-json\/wp\/v2\/media\/711"}],"wp:attachment":[{"href":"https:\/\/www.kirsehirses.com\/index.php\/wp-json\/wp\/v2\/media?parent=710"}],"wp:term":[{"taxonomy":"category","embeddable":true,"href":"https:\/\/www.kirsehirses.com\/index.php\/wp-json\/wp\/v2\/categories?post=710"},{"taxonomy":"post_tag","embeddable":true,"href":"https:\/\/www.kirsehirses.com\/index.php\/wp-json\/wp\/v2\/tags?post=710"}],"curies":[{"name":"wp","href":"https:\/\/api.w.org\/{rel}","templated":true}]}}