{"id":713,"date":"2025-11-03T10:17:12","date_gmt":"2025-11-03T07:17:12","guid":{"rendered":"https:\/\/www.kirsehirses.com\/?p=713"},"modified":"2025-11-03T10:17:12","modified_gmt":"2025-11-03T07:17:12","slug":"kirsehir-ahi-evran-universitesinin-12-ogrenci-toplulugu-unides-5-donem-kapsaminda-destek-almaya-hak-kazandi","status":"publish","type":"post","link":"https:\/\/www.kirsehirses.com\/index.php\/2025\/11\/03\/kirsehir-ahi-evran-universitesinin-12-ogrenci-toplulugu-unides-5-donem-kapsaminda-destek-almaya-hak-kazandi\/","title":{"rendered":"K\u0131r\u015fehir Ahi Evran \u00dcniversitesinin 12 \u00d6\u011frenci Toplulu\u011fu \u00dcN\u0130DES 5. D\u00f6nem Kapsam\u0131nda Destek Almaya Hak Kazand\u0131"},"content":{"rendered":"<p data-start=\"0\" data-end=\"114\"><strong data-start=\"0\" data-end=\"112\">K\u0131r\u015fehir Ahi Evran \u00dcniversitesinin 12 \u00d6\u011frenci Toplulu\u011fu \u00dcN\u0130DES 5. D\u00f6nem Kapsam\u0131nda Destek Almaya Hak Kazand\u0131<\/strong><\/p>\n<p data-start=\"116\" data-end=\"568\">Gen\u00e7lik ve Spor Bakanl\u0131\u011f\u0131 taraf\u0131ndan y\u00fcr\u00fct\u00fclen <strong data-start=\"163\" data-end=\"237\">\u00dcniversite \u00d6\u011frenci Topluluklar\u0131 \u0130\u015f Birli\u011fi ve Destek Program\u0131 (\u00dcN\u0130DES)<\/strong> 5. D\u00f6nem sonu\u00e7lar\u0131na g\u00f6re, <strong data-start=\"265\" data-end=\"335\">K\u0131r\u015fehir Ahi Evran \u00dcniversitesinin 12 \u00f6\u011frenci toplulu\u011funun projesi<\/strong> destek almaya hak kazand\u0131. T\u00fcrkiye genelinde 3.764 proje ba\u015fvurusu aras\u0131ndan <strong data-start=\"413\" data-end=\"428\">1.044 proje<\/strong> desteklenmeye de\u011fer bulunurken, bunlar\u0131n <strong data-start=\"470\" data-end=\"503\">9\u2019u ulusal, 3\u2019\u00fc yerel d\u00fczeyde<\/strong> olmak \u00fczere Ahi Evran \u00dcniversitesi\u2019nden 12 proje kabul edildi.<\/p>\n<p data-start=\"570\" data-end=\"885\">Projeler; <strong data-start=\"580\" data-end=\"650\">bilim, teknoloji, \u00e7evre, e\u011fitim, g\u00f6n\u00fcll\u00fcl\u00fck ve gen\u00e7lik \u00e7al\u0131\u015fmalar\u0131<\/strong> gibi alanlarda y\u00fcr\u00fct\u00fclecek. Rekt\u00f6r Prof. Dr. <strong data-start=\"696\" data-end=\"725\">Mustafa Kas\u0131m Karahocagil<\/strong>, \u00f6\u011frencilerin projelerinin hem bireysel hem de ekip \u00e7al\u0131\u015fmalar\u0131n\u0131 yans\u0131tt\u0131\u011f\u0131n\u0131 belirterek, \u00fcniversitenin gen\u00e7lerin her zaman destek\u00e7isi olaca\u011f\u0131n\u0131 ifade etti.<\/p>\n<p data-start=\"887\" data-end=\"926\"><strong data-start=\"887\" data-end=\"924\">Desteklenen projelerden baz\u0131lar\u0131:<\/strong><\/p>\n<ul data-start=\"927\" data-end=\"1343\">\n<li data-start=\"927\" data-end=\"975\">\n<p data-start=\"929\" data-end=\"975\"><em data-start=\"929\" data-end=\"941\">\u0130lk U\u00e7a\u011f\u0131m<\/em> \u2013 Y\u0131ld\u0131zlar Havac\u0131l\u0131k Toplulu\u011fu<\/p>\n<\/li>\n<li data-start=\"976\" data-end=\"1058\">\n<p data-start=\"978\" data-end=\"1058\"><em data-start=\"978\" data-end=\"1024\">Gelece\u011fin \u00d6\u011fretmenleri K\u0131r\u015fehir\u2019de Bulu\u015fuyor<\/em> \u2013 Okul \u00d6ncesi \u00d6\u011frenci Toplulu\u011fu<\/p>\n<\/li>\n<li data-start=\"1059\" data-end=\"1114\">\n<p data-start=\"1061\" data-end=\"1114\"><em data-start=\"1061\" data-end=\"1088\">Gen\u00e7ler \u0130\u00e7in Kalite Okulu<\/em> \u2013 Gen\u00e7 Kalite Toplulu\u011fu<\/p>\n<\/li>\n<li data-start=\"1115\" data-end=\"1196\">\n<p data-start=\"1117\" data-end=\"1196\"><em data-start=\"1117\" data-end=\"1155\">Dijital Pazarlama ve Yaz\u0131l\u0131m Zirvesi<\/em> \u2013 Y\u00f6netim Bili\u015fim Sistemleri Toplulu\u011fu<\/p>\n<\/li>\n<li data-start=\"1197\" data-end=\"1259\">\n<p data-start=\"1199\" data-end=\"1259\"><em data-start=\"1199\" data-end=\"1232\">Ba\u011f\u0131ml\u0131l\u0131k K\u00f6k Analiz \u00c7al\u0131\u015ftay\u0131<\/em> \u2013 Gen\u00e7 Ye\u015filay Toplulu\u011fu<\/p>\n<\/li>\n<li data-start=\"1260\" data-end=\"1343\">\n<p data-start=\"1262\" data-end=\"1343\"><em data-start=\"1262\" data-end=\"1311\">Kalpten Kalbe Hatay: Psikososyal Destek Projesi<\/em> \u2013 Sa\u011fl\u0131k Hizmetleri Toplulu\u011fu<\/p>\n<\/li>\n<\/ul>\n<p data-start=\"1345\" data-end=\"1471\" data-is-last-node=\"\" data-is-only-node=\"\">Bu ba\u015far\u0131yla K\u0131r\u015fehir Ahi Evran \u00dcniversitesi, \u00f6\u011frencilerinin \u00fcretkenli\u011fini ve toplumsal katk\u0131lar\u0131n\u0131 bir kez daha ortaya koydu.<\/p>\n","protected":false},"excerpt":{"rendered":"<p>K\u0131r\u015fehir Ahi Evran \u00dcniversitesinin 12 \u00d6\u011frenci Toplulu\u011fu \u00dcN\u0130DES 5. D\u00f6nem Kapsam\u0131nda Destek Almaya Hak Kazand\u0131 Gen\u00e7lik ve Spor Bakanl\u0131\u011f\u0131 taraf\u0131ndan y\u00fcr\u00fct\u00fclen \u00dcniversite \u00d6\u011frenci Topluluklar\u0131 \u0130\u015f Birli\u011fi ve Destek Program\u0131 (\u00dcN\u0130DES) 5. D\u00f6nem sonu\u00e7lar\u0131na g\u00f6re, K\u0131r\u015fehir Ahi Evran \u00dcniversitesinin 12 \u00f6\u011frenci toplulu\u011funun projesi destek almaya hak kazand\u0131. T\u00fcrkiye genelinde 3.764 proje ba\u015fvurusu aras\u0131ndan 1.044 proje desteklenmeye [&hellip;]<\/p>\n","protected":false},"author":1,"featured_media":714,"comment_status":"open","ping_status":"open","sticky":false,"template":"","format":"standard","meta":{"footnotes":""},"categories":[10,8],"tags":[],"class_list":["post-713","post","type-post","status-publish","format-standard","has-post-thumbnail","hentry","category-egitim","category-kirsehir"],"_links":{"self":[{"href":"https:\/\/www.kirsehirses.com\/index.php\/wp-json\/wp\/v2\/posts\/713","targetHints":{"allow":["GET"]}}],"collection":[{"href":"https:\/\/www.kirsehirses.com\/index.php\/wp-json\/wp\/v2\/posts"}],"about":[{"href":"https:\/\/www.kirsehirses.com\/index.php\/wp-json\/wp\/v2\/types\/post"}],"author":[{"embeddable":true,"href":"https:\/\/www.kirsehirses.com\/index.php\/wp-json\/wp\/v2\/users\/1"}],"replies":[{"embeddable":true,"href":"https:\/\/www.kirsehirses.com\/index.php\/wp-json\/wp\/v2\/comments?post=713"}],"version-history":[{"count":1,"href":"https:\/\/www.kirsehirses.com\/index.php\/wp-json\/wp\/v2\/posts\/713\/revisions"}],"predecessor-version":[{"id":715,"href":"https:\/\/www.kirsehirses.com\/index.php\/wp-json\/wp\/v2\/posts\/713\/revisions\/715"}],"wp:featuredmedia":[{"embeddable":true,"href":"https:\/\/www.kirsehirses.com\/index.php\/wp-json\/wp\/v2\/media\/714"}],"wp:attachment":[{"href":"https:\/\/www.kirsehirses.com\/index.php\/wp-json\/wp\/v2\/media?parent=713"}],"wp:term":[{"taxonomy":"category","embeddable":true,"href":"https:\/\/www.kirsehirses.com\/index.php\/wp-json\/wp\/v2\/categories?post=713"},{"taxonomy":"post_tag","embeddable":true,"href":"https:\/\/www.kirsehirses.com\/index.php\/wp-json\/wp\/v2\/tags?post=713"}],"curies":[{"name":"wp","href":"https:\/\/api.w.org\/{rel}","templated":true}]}}