{"id":716,"date":"2025-11-03T10:18:42","date_gmt":"2025-11-03T07:18:42","guid":{"rendered":"https:\/\/www.kirsehirses.com\/?p=716"},"modified":"2025-11-03T10:18:42","modified_gmt":"2025-11-03T07:18:42","slug":"milli-sporcumuz-merve-dincel-kavurattan-ust-uste-ikinci-dunya-sampiyonlugu","status":"publish","type":"post","link":"https:\/\/www.kirsehirses.com\/index.php\/2025\/11\/03\/milli-sporcumuz-merve-dincel-kavurattan-ust-uste-ikinci-dunya-sampiyonlugu\/","title":{"rendered":"Milli Sporcumuz Merve Din\u00e7el Kavurat\u2019tan \u00dcst \u00dcste \u0130kinci D\u00fcnya \u015eampiyonlu\u011fu"},"content":{"rendered":"<p data-start=\"0\" data-end=\"81\"><strong data-start=\"0\" data-end=\"79\">Milli Sporcumuz Merve Din\u00e7el Kavurat\u2019tan \u00dcst \u00dcste \u0130kinci D\u00fcnya \u015eampiyonlu\u011fu<\/strong><\/p>\n<p data-start=\"0\" data-end=\"81\"><img loading=\"lazy\" decoding=\"async\" class=\"alignnone size-full wp-image-717\" src=\"https:\/\/www.kirsehirses.com\/wp-content\/uploads\/2025\/11\/1.jpeg\" alt=\"\" width=\"945\" height=\"1193\" srcset=\"https:\/\/www.kirsehirses.com\/wp-content\/uploads\/2025\/11\/1.jpeg 945w, https:\/\/www.kirsehirses.com\/wp-content\/uploads\/2025\/11\/1-238x300.jpeg 238w, https:\/\/www.kirsehirses.com\/wp-content\/uploads\/2025\/11\/1-811x1024.jpeg 811w, https:\/\/www.kirsehirses.com\/wp-content\/uploads\/2025\/11\/1-768x970.jpeg 768w\" sizes=\"auto, (max-width: 945px) 100vw, 945px\" \/><\/p>\n<p data-start=\"83\" data-end=\"321\">K\u0131r\u015fehir Ahi Evran \u00dcniversitesi Spor Bilimleri Fak\u00fcltesi \u00f6\u011frencisi ve Milli Tekvandocu <strong data-start=\"170\" data-end=\"194\">Merve Din\u00e7el Kavurat<\/strong>, \u00c7in\u2019de d\u00fczenlenen <strong data-start=\"214\" data-end=\"245\">D\u00fcnya Taekwondo \u015eampiyonas\u0131<\/strong>\u2019nda alt\u0131n madalya kazanarak <strong data-start=\"274\" data-end=\"313\">\u00fcst \u00fcste ikinci kez D\u00fcnya \u015eampiyonu<\/strong> oldu.<\/p>\n<p data-start=\"323\" data-end=\"607\">Kad\u0131nlar <strong data-start=\"332\" data-end=\"347\">53 kilogram<\/strong> kategorisinde m\u00fccadele eden Kavurat, finalde Suudi Arabistanl\u0131 rakibini <strong data-start=\"420\" data-end=\"427\">2-0<\/strong> yenerek b\u00fcy\u00fck bir ba\u015far\u0131ya imza att\u0131. Bu sonu\u00e7la hem <strong data-start=\"481\" data-end=\"493\">\u00fclkemizi<\/strong> hem de <strong data-start=\"501\" data-end=\"519\">\u00fcniversitemizi<\/strong> gururland\u0131ran milli sporcumuz, T\u00fcrkiye ad\u0131na \u00f6nemli bir ba\u015far\u0131ya daha ad\u0131n\u0131 yazd\u0131rd\u0131.<\/p>\n<p data-start=\"609\" data-end=\"766\" data-is-last-node=\"\" data-is-only-node=\"\">K\u0131r\u015fehir Ahi Evran \u00dcniversitesi Rekt\u00f6r\u00fc <strong data-start=\"649\" data-end=\"688\">Prof. Dr. Mustafa Kas\u0131m Karahocagil<\/strong>, \u00f6\u011frencimizi telefonla arayarak tebrik etti ve ba\u015far\u0131lar\u0131n\u0131n devam\u0131n\u0131 diledi.<\/p>\n","protected":false},"excerpt":{"rendered":"<p>Milli Sporcumuz Merve Din\u00e7el Kavurat\u2019tan \u00dcst \u00dcste \u0130kinci D\u00fcnya \u015eampiyonlu\u011fu K\u0131r\u015fehir Ahi Evran \u00dcniversitesi Spor Bilimleri Fak\u00fcltesi \u00f6\u011frencisi ve Milli Tekvandocu Merve Din\u00e7el Kavurat, \u00c7in\u2019de d\u00fczenlenen D\u00fcnya Taekwondo \u015eampiyonas\u0131\u2019nda alt\u0131n madalya kazanarak \u00fcst \u00fcste ikinci kez D\u00fcnya \u015eampiyonu oldu. Kad\u0131nlar 53 kilogram kategorisinde m\u00fccadele eden Kavurat, finalde Suudi Arabistanl\u0131 rakibini 2-0 yenerek b\u00fcy\u00fck bir ba\u015far\u0131ya [&hellip;]<\/p>\n","protected":false},"author":1,"featured_media":717,"comment_status":"open","ping_status":"open","sticky":false,"template":"","format":"standard","meta":{"footnotes":""},"categories":[10,4],"tags":[],"class_list":["post-716","post","type-post","status-publish","format-standard","has-post-thumbnail","hentry","category-egitim","category-spor"],"_links":{"self":[{"href":"https:\/\/www.kirsehirses.com\/index.php\/wp-json\/wp\/v2\/posts\/716","targetHints":{"allow":["GET"]}}],"collection":[{"href":"https:\/\/www.kirsehirses.com\/index.php\/wp-json\/wp\/v2\/posts"}],"about":[{"href":"https:\/\/www.kirsehirses.com\/index.php\/wp-json\/wp\/v2\/types\/post"}],"author":[{"embeddable":true,"href":"https:\/\/www.kirsehirses.com\/index.php\/wp-json\/wp\/v2\/users\/1"}],"replies":[{"embeddable":true,"href":"https:\/\/www.kirsehirses.com\/index.php\/wp-json\/wp\/v2\/comments?post=716"}],"version-history":[{"count":1,"href":"https:\/\/www.kirsehirses.com\/index.php\/wp-json\/wp\/v2\/posts\/716\/revisions"}],"predecessor-version":[{"id":718,"href":"https:\/\/www.kirsehirses.com\/index.php\/wp-json\/wp\/v2\/posts\/716\/revisions\/718"}],"wp:featuredmedia":[{"embeddable":true,"href":"https:\/\/www.kirsehirses.com\/index.php\/wp-json\/wp\/v2\/media\/717"}],"wp:attachment":[{"href":"https:\/\/www.kirsehirses.com\/index.php\/wp-json\/wp\/v2\/media?parent=716"}],"wp:term":[{"taxonomy":"category","embeddable":true,"href":"https:\/\/www.kirsehirses.com\/index.php\/wp-json\/wp\/v2\/categories?post=716"},{"taxonomy":"post_tag","embeddable":true,"href":"https:\/\/www.kirsehirses.com\/index.php\/wp-json\/wp\/v2\/tags?post=716"}],"curies":[{"name":"wp","href":"https:\/\/api.w.org\/{rel}","templated":true}]}}