{"id":719,"date":"2025-11-03T10:21:38","date_gmt":"2025-11-03T07:21:38","guid":{"rendered":"https:\/\/www.kirsehirses.com\/?p=719"},"modified":"2025-11-03T10:21:38","modified_gmt":"2025-11-03T07:21:38","slug":"deneyap-atolyeleri-mezuniyet-toreni-kirsehirde-gerceklestirildi","status":"publish","type":"post","link":"https:\/\/www.kirsehirses.com\/index.php\/2025\/11\/03\/deneyap-atolyeleri-mezuniyet-toreni-kirsehirde-gerceklestirildi\/","title":{"rendered":"Deneyap At\u00f6lyeleri Mezuniyet T\u00f6reni K\u0131r\u015fehir\u2019de Ger\u00e7ekle\u015ftirildi"},"content":{"rendered":"<p data-start=\"0\" data-end=\"70\"><strong data-start=\"0\" data-end=\"68\">Deneyap At\u00f6lyeleri Mezuniyet T\u00f6reni K\u0131r\u015fehir\u2019de Ger\u00e7ekle\u015ftirildi<\/strong><\/p>\n<p data-start=\"0\" data-end=\"70\"><img loading=\"lazy\" decoding=\"async\" class=\"alignnone size-full wp-image-721\" src=\"https:\/\/www.kirsehirses.com\/wp-content\/uploads\/2025\/11\/KVF_8147.jpg\" alt=\"\" width=\"1500\" height=\"1000\" srcset=\"https:\/\/www.kirsehirses.com\/wp-content\/uploads\/2025\/11\/KVF_8147.jpg 1500w, https:\/\/www.kirsehirses.com\/wp-content\/uploads\/2025\/11\/KVF_8147-300x200.jpg 300w, https:\/\/www.kirsehirses.com\/wp-content\/uploads\/2025\/11\/KVF_8147-1024x683.jpg 1024w, https:\/\/www.kirsehirses.com\/wp-content\/uploads\/2025\/11\/KVF_8147-768x512.jpg 768w\" sizes=\"auto, (max-width: 1500px) 100vw, 1500px\" \/><\/p>\n<p data-start=\"72\" data-end=\"296\">K\u0131r\u015fehir Cacabey Gen\u00e7lik Merkezinde, <strong data-start=\"109\" data-end=\"158\">Deneyap Teknoloji At\u00f6lyeleri Mezuniyet T\u00f6reni<\/strong> d\u00fczenlendi. Programda, 36 ay boyunca 11 farkl\u0131 teknoloji alan\u0131nda e\u011fitimlerini ba\u015far\u0131yla tamamlayan <strong data-start=\"259\" data-end=\"273\">51 \u00f6\u011frenci<\/strong>, diplomalar\u0131n\u0131 ald\u0131.<\/p>\n<p data-start=\"298\" data-end=\"485\">T\u00f6rene <strong data-start=\"305\" data-end=\"346\">K\u0131r\u015fehir Valisi Murat Sefa Demiry\u00fcrek<\/strong>, <strong data-start=\"348\" data-end=\"380\">Milletvekili Necmettin Erkan<\/strong>, <strong data-start=\"382\" data-end=\"427\">Sanayi ve Teknoloji \u0130l M\u00fcd\u00fcr\u00fc Hac\u0131 Da\u015ftan<\/strong> ve <strong data-start=\"431\" data-end=\"474\">Gen\u00e7lik ve Spor \u0130l M\u00fcd\u00fcr\u00fc Yasin \u00c7akma\u00e7\u0131<\/strong> kat\u0131ld\u0131.<\/p>\n<p data-start=\"487\" data-end=\"787\">Vali <strong data-start=\"492\" data-end=\"517\">Murat Sefa Demiry\u00fcrek<\/strong>, konu\u015fmas\u0131nda Deneyap At\u00f6lyelerinin yaln\u0131zca bir e\u011fitim s\u00fcreci de\u011fil, T\u00fcrkiye\u2019nin teknoloji ve \u00fcretim politikalar\u0131n\u0131n yereldeki yans\u0131mas\u0131 oldu\u011funu belirterek, gen\u00e7lerin teknolojiye sadece t\u00fcketici olarak de\u011fil, \u00fcretici olarak kat\u0131lmalar\u0131n\u0131 hedeflediklerini vurgulad\u0131.<\/p>\n<p data-start=\"789\" data-end=\"1003\">Milletvekili <strong data-start=\"802\" data-end=\"821\">Necmettin Erkan<\/strong>, Deneyap At\u00f6lyelerinin T\u00fcrkiye\u2019nin yerli ve milli teknoloji vizyonunun \u00f6nemli bir par\u00e7as\u0131 oldu\u011funu belirterek, gen\u00e7leri \u00f6\u011frenmeye, \u00fcretmeye ve ara\u015ft\u0131rmaya devam etmeye davet etti.<\/p>\n<p data-start=\"1005\" data-end=\"1209\"><strong data-start=\"1005\" data-end=\"1050\">Sanayi ve Teknoloji \u0130l M\u00fcd\u00fcr\u00fc Hac\u0131 Da\u015ftan<\/strong>, Milli Teknoloji Hamlesi\u2019nin T\u00fcrk gen\u00e7li\u011finin potansiyeline dayand\u0131\u011f\u0131n\u0131 ifade ederek, Deneyap at\u00f6lyelerinin bu hamlenin \u00f6nemli bir par\u00e7as\u0131 oldu\u011funu s\u00f6yledi.<\/p>\n<p data-start=\"1211\" data-end=\"1554\"><strong data-start=\"1211\" data-end=\"1254\">Gen\u00e7lik ve Spor \u0130l M\u00fcd\u00fcr\u00fc Yasin \u00c7akma\u00e7\u0131<\/strong> ise K\u0131r\u015fehir\u2019de Deneyap At\u00f6lyelerine toplam 1.279 \u00f6\u011frencinin ba\u015fvurdu\u011funu, s\u0131navlar sonucunda se\u00e7ilen 160 \u00f6\u011frencinin iki y\u0131l s\u00fcren e\u011fitim program\u0131n\u0131 tamamlad\u0131\u011f\u0131n\u0131 belirtti. \u00c7akma\u00e7\u0131, 51 \u00f6\u011frencinin mezun olmaya hak kazand\u0131\u011f\u0131n\u0131, \u00fc\u00e7 \u00f6\u011frencinin de LGS\u2019de tam puan alma ba\u015far\u0131s\u0131 g\u00f6sterdi\u011fini ifade etti.<\/p>\n<p data-start=\"1556\" data-end=\"1633\" data-is-last-node=\"\" data-is-only-node=\"\">Program, \u00f6\u011frencilerin diplomalar\u0131n\u0131 almalar\u0131 ve kep atma t\u00f6reniyle sona erdi.<\/p>\n","protected":false},"excerpt":{"rendered":"<p>Deneyap At\u00f6lyeleri Mezuniyet T\u00f6reni K\u0131r\u015fehir\u2019de Ger\u00e7ekle\u015ftirildi K\u0131r\u015fehir Cacabey Gen\u00e7lik Merkezinde, Deneyap Teknoloji At\u00f6lyeleri Mezuniyet T\u00f6reni d\u00fczenlendi. Programda, 36 ay boyunca 11 farkl\u0131 teknoloji alan\u0131nda e\u011fitimlerini ba\u015far\u0131yla tamamlayan 51 \u00f6\u011frenci, diplomalar\u0131n\u0131 ald\u0131. T\u00f6rene K\u0131r\u015fehir Valisi Murat Sefa Demiry\u00fcrek, Milletvekili Necmettin Erkan, Sanayi ve Teknoloji \u0130l M\u00fcd\u00fcr\u00fc Hac\u0131 Da\u015ftan ve Gen\u00e7lik ve Spor \u0130l M\u00fcd\u00fcr\u00fc Yasin \u00c7akma\u00e7\u0131 [&hellip;]<\/p>\n","protected":false},"author":1,"featured_media":720,"comment_status":"open","ping_status":"open","sticky":false,"template":"","format":"standard","meta":{"footnotes":""},"categories":[10,8],"tags":[],"class_list":["post-719","post","type-post","status-publish","format-standard","has-post-thumbnail","hentry","category-egitim","category-kirsehir"],"_links":{"self":[{"href":"https:\/\/www.kirsehirses.com\/index.php\/wp-json\/wp\/v2\/posts\/719","targetHints":{"allow":["GET"]}}],"collection":[{"href":"https:\/\/www.kirsehirses.com\/index.php\/wp-json\/wp\/v2\/posts"}],"about":[{"href":"https:\/\/www.kirsehirses.com\/index.php\/wp-json\/wp\/v2\/types\/post"}],"author":[{"embeddable":true,"href":"https:\/\/www.kirsehirses.com\/index.php\/wp-json\/wp\/v2\/users\/1"}],"replies":[{"embeddable":true,"href":"https:\/\/www.kirsehirses.com\/index.php\/wp-json\/wp\/v2\/comments?post=719"}],"version-history":[{"count":1,"href":"https:\/\/www.kirsehirses.com\/index.php\/wp-json\/wp\/v2\/posts\/719\/revisions"}],"predecessor-version":[{"id":722,"href":"https:\/\/www.kirsehirses.com\/index.php\/wp-json\/wp\/v2\/posts\/719\/revisions\/722"}],"wp:featuredmedia":[{"embeddable":true,"href":"https:\/\/www.kirsehirses.com\/index.php\/wp-json\/wp\/v2\/media\/720"}],"wp:attachment":[{"href":"https:\/\/www.kirsehirses.com\/index.php\/wp-json\/wp\/v2\/media?parent=719"}],"wp:term":[{"taxonomy":"category","embeddable":true,"href":"https:\/\/www.kirsehirses.com\/index.php\/wp-json\/wp\/v2\/categories?post=719"},{"taxonomy":"post_tag","embeddable":true,"href":"https:\/\/www.kirsehirses.com\/index.php\/wp-json\/wp\/v2\/tags?post=719"}],"curies":[{"name":"wp","href":"https:\/\/api.w.org\/{rel}","templated":true}]}}