{"id":723,"date":"2025-11-03T10:24:32","date_gmt":"2025-11-03T07:24:32","guid":{"rendered":"https:\/\/www.kirsehirses.com\/?p=723"},"modified":"2025-11-03T10:24:32","modified_gmt":"2025-11-03T07:24:32","slug":"kirsehirde-teror-sucundan-aranan-sahis-yakalandi","status":"publish","type":"post","link":"https:\/\/www.kirsehirses.com\/index.php\/2025\/11\/03\/kirsehirde-teror-sucundan-aranan-sahis-yakalandi\/","title":{"rendered":"K\u0131r\u015fehir\u2019de Ter\u00f6r Su\u00e7undan Aranan \u015eah\u0131s Yakaland\u0131"},"content":{"rendered":"<p data-start=\"0\" data-end=\"55\"><strong data-start=\"0\" data-end=\"53\">K\u0131r\u015fehir\u2019de Ter\u00f6r Su\u00e7undan Aranan \u015eah\u0131s Yakaland\u0131<\/strong><\/p>\n<p data-start=\"0\" data-end=\"55\"><img loading=\"lazy\" decoding=\"async\" class=\"alignnone size-full wp-image-724\" src=\"https:\/\/www.kirsehirses.com\/wp-content\/uploads\/2025\/11\/Ekran-goruntusu-2025-11-03-102250.png\" alt=\"\" width=\"797\" height=\"596\" srcset=\"https:\/\/www.kirsehirses.com\/wp-content\/uploads\/2025\/11\/Ekran-goruntusu-2025-11-03-102250.png 797w, https:\/\/www.kirsehirses.com\/wp-content\/uploads\/2025\/11\/Ekran-goruntusu-2025-11-03-102250-300x224.png 300w, https:\/\/www.kirsehirses.com\/wp-content\/uploads\/2025\/11\/Ekran-goruntusu-2025-11-03-102250-768x574.png 768w\" sizes=\"auto, (max-width: 797px) 100vw, 797px\" \/><\/p>\n<p data-start=\"57\" data-end=\"392\">K\u0131r\u015fehir \u0130l Jandarma Komutanl\u0131\u011f\u0131 ekiplerince, ter\u00f6rden aranan \u015fah\u0131slar\u0131n yakalanmas\u0131na y\u00f6nelik y\u00fcr\u00fct\u00fclen \u00e7al\u0131\u015fmalar kapsam\u0131nda hakk\u0131nda <strong data-start=\"193\" data-end=\"230\">\u201cSilahl\u0131 Ter\u00f6r \u00d6rg\u00fct\u00fcne \u00dcye Olma\u201d<\/strong> ve <strong data-start=\"234\" data-end=\"304\">\u201cTehlikeli Maddeleri \u0130zinsiz Olarak Bulundurma veya El De\u011fi\u015ftirme\u201d<\/strong> su\u00e7lar\u0131ndan <strong data-start=\"317\" data-end=\"344\">6 y\u0131l 3 ay hapis cezas\u0131<\/strong> bulunan <strong data-start=\"353\" data-end=\"366\">H.T. (42)<\/strong> isimli \u015fah\u0131s yakaland\u0131.<\/p>\n<p data-start=\"394\" data-end=\"619\"><strong data-start=\"394\" data-end=\"416\">TEM \u015eube M\u00fcd\u00fcrl\u00fc\u011f\u00fc<\/strong>, <strong data-start=\"418\" data-end=\"447\">\u0130stihbarat \u015eube M\u00fcd\u00fcrl\u00fc\u011f\u00fc<\/strong> ve <strong data-start=\"451\" data-end=\"460\">JASAT<\/strong> ekiplerince d\u00fczenlenen operasyonla g\u00f6zalt\u0131na al\u0131nan \u015f\u00fcphelinin, <strong data-start=\"525\" data-end=\"535\" data-is-only-node=\"\">SEGB\u0130S<\/strong> \u00fczerinden ifadesi <strong data-start=\"554\" data-end=\"598\">\u0130stanbul N\u00f6bet\u00e7i 23. A\u011f\u0131r Ceza Mahkemesi<\/strong> taraf\u0131ndan al\u0131nd\u0131.<\/p>\n<p data-start=\"621\" data-end=\"713\" data-is-last-node=\"\" data-is-only-node=\"\">Mahkemece tutuklanan H.T., <strong data-start=\"648\" data-end=\"698\">K\u0131r\u015fehir Y\u00fcksek G\u00fcvenlikli Ceza \u0130nfaz Kurumuna<\/strong> teslim edildi.<\/p>\n","protected":false},"excerpt":{"rendered":"<p>K\u0131r\u015fehir\u2019de Ter\u00f6r Su\u00e7undan Aranan \u015eah\u0131s Yakaland\u0131 K\u0131r\u015fehir \u0130l Jandarma Komutanl\u0131\u011f\u0131 ekiplerince, ter\u00f6rden aranan \u015fah\u0131slar\u0131n yakalanmas\u0131na y\u00f6nelik y\u00fcr\u00fct\u00fclen \u00e7al\u0131\u015fmalar kapsam\u0131nda hakk\u0131nda \u201cSilahl\u0131 Ter\u00f6r \u00d6rg\u00fct\u00fcne \u00dcye Olma\u201d ve \u201cTehlikeli Maddeleri \u0130zinsiz Olarak Bulundurma veya El De\u011fi\u015ftirme\u201d su\u00e7lar\u0131ndan 6 y\u0131l 3 ay hapis cezas\u0131 bulunan H.T. (42) isimli \u015fah\u0131s yakaland\u0131. TEM \u015eube M\u00fcd\u00fcrl\u00fc\u011f\u00fc, \u0130stihbarat \u015eube M\u00fcd\u00fcrl\u00fc\u011f\u00fc ve JASAT [&hellip;]<\/p>\n","protected":false},"author":1,"featured_media":724,"comment_status":"open","ping_status":"open","sticky":false,"template":"","format":"standard","meta":{"footnotes":""},"categories":[8],"tags":[],"class_list":["post-723","post","type-post","status-publish","format-standard","has-post-thumbnail","hentry","category-kirsehir"],"_links":{"self":[{"href":"https:\/\/www.kirsehirses.com\/index.php\/wp-json\/wp\/v2\/posts\/723","targetHints":{"allow":["GET"]}}],"collection":[{"href":"https:\/\/www.kirsehirses.com\/index.php\/wp-json\/wp\/v2\/posts"}],"about":[{"href":"https:\/\/www.kirsehirses.com\/index.php\/wp-json\/wp\/v2\/types\/post"}],"author":[{"embeddable":true,"href":"https:\/\/www.kirsehirses.com\/index.php\/wp-json\/wp\/v2\/users\/1"}],"replies":[{"embeddable":true,"href":"https:\/\/www.kirsehirses.com\/index.php\/wp-json\/wp\/v2\/comments?post=723"}],"version-history":[{"count":1,"href":"https:\/\/www.kirsehirses.com\/index.php\/wp-json\/wp\/v2\/posts\/723\/revisions"}],"predecessor-version":[{"id":725,"href":"https:\/\/www.kirsehirses.com\/index.php\/wp-json\/wp\/v2\/posts\/723\/revisions\/725"}],"wp:featuredmedia":[{"embeddable":true,"href":"https:\/\/www.kirsehirses.com\/index.php\/wp-json\/wp\/v2\/media\/724"}],"wp:attachment":[{"href":"https:\/\/www.kirsehirses.com\/index.php\/wp-json\/wp\/v2\/media?parent=723"}],"wp:term":[{"taxonomy":"category","embeddable":true,"href":"https:\/\/www.kirsehirses.com\/index.php\/wp-json\/wp\/v2\/categories?post=723"},{"taxonomy":"post_tag","embeddable":true,"href":"https:\/\/www.kirsehirses.com\/index.php\/wp-json\/wp\/v2\/tags?post=723"}],"curies":[{"name":"wp","href":"https:\/\/api.w.org\/{rel}","templated":true}]}}