{"id":726,"date":"2025-11-04T01:17:32","date_gmt":"2025-11-03T22:17:32","guid":{"rendered":"https:\/\/www.kirsehirses.com\/?p=726"},"modified":"2025-11-04T01:17:32","modified_gmt":"2025-11-03T22:17:32","slug":"3-9-kasim-organ-bagisi-haftasi","status":"publish","type":"post","link":"https:\/\/www.kirsehirses.com\/index.php\/2025\/11\/04\/3-9-kasim-organ-bagisi-haftasi\/","title":{"rendered":"3-9 Kas\u0131m Organ Ba\u011f\u0131\u015f\u0131 Haftas\u0131"},"content":{"rendered":"<h2 data-start=\"94\" data-end=\"129\">3-9 Kas\u0131m Organ Ba\u011f\u0131\u015f\u0131 Haftas\u0131<\/h2>\n<p><img loading=\"lazy\" decoding=\"async\" class=\"alignnone size-full wp-image-727\" src=\"https:\/\/www.kirsehirses.com\/wp-content\/uploads\/2025\/11\/Organ-Bagisi-Haftasi.jpg\" alt=\"\" width=\"1387\" height=\"819\" srcset=\"https:\/\/www.kirsehirses.com\/wp-content\/uploads\/2025\/11\/Organ-Bagisi-Haftasi.jpg 1387w, https:\/\/www.kirsehirses.com\/wp-content\/uploads\/2025\/11\/Organ-Bagisi-Haftasi-300x177.jpg 300w, https:\/\/www.kirsehirses.com\/wp-content\/uploads\/2025\/11\/Organ-Bagisi-Haftasi-1024x605.jpg 1024w, https:\/\/www.kirsehirses.com\/wp-content\/uploads\/2025\/11\/Organ-Bagisi-Haftasi-768x453.jpg 768w\" sizes=\"auto, (max-width: 1387px) 100vw, 1387px\" \/><\/p>\n<p data-start=\"131\" data-end=\"317\">K\u0131r\u015fehir \u0130l Sa\u011fl\u0131k M\u00fcd\u00fcr\u00fc <strong data-start=\"157\" data-end=\"184\">Do\u00e7. Dr. S\u00fcleyman Ersoy<\/strong>, 3-9 Kas\u0131m <strong data-start=\"196\" data-end=\"220\">Organ Ba\u011f\u0131\u015f\u0131 Haftas\u0131<\/strong> dolay\u0131s\u0131yla yapt\u0131\u011f\u0131 a\u00e7\u0131klamada, organ ba\u011f\u0131\u015f\u0131n\u0131n insan ya\u015fam\u0131 i\u00e7in ta\u015f\u0131d\u0131\u011f\u0131 \u00f6neme dikkat \u00e7ekti.<\/p>\n<p data-start=\"319\" data-end=\"567\">Do\u00e7. Dr. Ersoy, tedavisi m\u00fcmk\u00fcn olmayan hastal\u0131klar nedeniyle g\u00f6rev yapamayacak derecede hasar g\u00f6ren organlar\u0131n yerine, canl\u0131 vericiden veya kadavradan al\u0131nan sa\u011fl\u0131kl\u0131 bir organ\u0131n nakledilmesiyle hastalar\u0131n yeniden sa\u011fl\u0131\u011f\u0131na kavu\u015ftu\u011funu belirtti.<\/p>\n<p data-start=\"569\" data-end=\"832\">T\u00fcrkiye\u2019de organ ba\u011f\u0131\u015flar\u0131n\u0131n <strong data-start=\"599\" data-end=\"619\">Sa\u011fl\u0131k Bakanl\u0131\u011f\u0131<\/strong> kontrol\u00fc ve denetiminde ger\u00e7ekle\u015ftirildi\u011fini vurgulayan Ersoy, nakil say\u0131s\u0131 bak\u0131m\u0131ndan \u00fclkemizin Avrupa\u2019da \u00fcst s\u0131ralarda yer ald\u0131\u011f\u0131n\u0131, ancak nakillerin b\u00fcy\u00fck b\u00f6l\u00fcm\u00fcn\u00fcn canl\u0131 vericilerden yap\u0131ld\u0131\u011f\u0131n\u0131 ifade etti.<\/p>\n<p data-start=\"834\" data-end=\"1100\">Ersoy, \u00fclkede nakli yap\u0131labilen organ ve dokular\u0131n; kalp, kalp kapa\u011f\u0131, karaci\u011fer, b\u00f6brek, pankreas, rahim, akci\u011fer, kornea, kemik, kas dokusu, k\u0131k\u0131rdak, tendon, ince ba\u011f\u0131rsak, y\u00fcz ve sa\u00e7l\u0131 deri, ekstremite, \u00fcst solunum ve sindirim yolu organlar\u0131 oldu\u011funu belirtti.<\/p>\n<p data-start=\"1102\" data-end=\"1379\">Bir\u00e7ok hastan\u0131n ba\u011f\u0131\u015flanm\u0131\u015f bir organ i\u00e7in beklerken hayat\u0131n\u0131 kaybetti\u011fini dile getiren Ersoy, ba\u015far\u0131l\u0131 bir organ naklinin ger\u00e7ek bir ya\u015fam arma\u011fan\u0131 oldu\u011funu s\u00f6yledi. Organ ba\u011f\u0131\u015f\u0131n\u0131n \u00f6neminin \u00e7o\u011fu zaman ancak ihtiya\u00e7 an\u0131nda fark edildi\u011fini ifade eden Ersoy, \u015funlar\u0131 kaydetti:<\/p>\n<blockquote data-start=\"1381\" data-end=\"1774\">\n<p data-start=\"1383\" data-end=\"1774\">\u201cOrgan ba\u011f\u0131\u015f\u0131 konusunda toplum bilincini art\u0131rmak ve fark\u0131ndal\u0131k olu\u015fturmak temel hedefimizdir. Toplum olarak bu konuda duyarl\u0131l\u0131k g\u00f6stermeli, organ nakli gerektiren hastal\u0131klar\u0131n her an bizim ya da sevdiklerimizin ba\u015f\u0131na gelebilece\u011fini unutmamal\u0131y\u0131z. Ya\u015farken de ya\u015famdan sonra da ba\u015fkalar\u0131na yard\u0131m etmek bizim elimizdedir. Unutmayal\u0131m ki destek olmak, ya\u015famak kadar g\u00fczel bir duygudur.\u201d<\/p>\n<\/blockquote>\n<p data-start=\"1776\" data-end=\"1908\">Organ Ba\u011f\u0131\u015f\u0131 Haftas\u0131 kapsam\u0131nda K\u0131r\u015fehir \u0130l Sa\u011fl\u0131k M\u00fcd\u00fcrl\u00fc\u011f\u00fc taraf\u0131ndan \u00e7e\u015fitli fark\u0131ndal\u0131k etkinlikleri d\u00fczenlenece\u011fi bildirildi.<\/p>\n","protected":false},"excerpt":{"rendered":"<p>3-9 Kas\u0131m Organ Ba\u011f\u0131\u015f\u0131 Haftas\u0131 K\u0131r\u015fehir \u0130l Sa\u011fl\u0131k M\u00fcd\u00fcr\u00fc Do\u00e7. Dr. S\u00fcleyman Ersoy, 3-9 Kas\u0131m Organ Ba\u011f\u0131\u015f\u0131 Haftas\u0131 dolay\u0131s\u0131yla yapt\u0131\u011f\u0131 a\u00e7\u0131klamada, organ ba\u011f\u0131\u015f\u0131n\u0131n insan ya\u015fam\u0131 i\u00e7in ta\u015f\u0131d\u0131\u011f\u0131 \u00f6neme dikkat \u00e7ekti. Do\u00e7. Dr. Ersoy, tedavisi m\u00fcmk\u00fcn olmayan hastal\u0131klar nedeniyle g\u00f6rev yapamayacak derecede hasar g\u00f6ren organlar\u0131n yerine, canl\u0131 vericiden veya kadavradan al\u0131nan sa\u011fl\u0131kl\u0131 bir organ\u0131n nakledilmesiyle hastalar\u0131n [&hellip;]<\/p>\n","protected":false},"author":1,"featured_media":727,"comment_status":"open","ping_status":"open","sticky":false,"template":"","format":"standard","meta":{"footnotes":""},"categories":[11],"tags":[],"class_list":["post-726","post","type-post","status-publish","format-standard","has-post-thumbnail","hentry","category-saglik"],"_links":{"self":[{"href":"https:\/\/www.kirsehirses.com\/index.php\/wp-json\/wp\/v2\/posts\/726","targetHints":{"allow":["GET"]}}],"collection":[{"href":"https:\/\/www.kirsehirses.com\/index.php\/wp-json\/wp\/v2\/posts"}],"about":[{"href":"https:\/\/www.kirsehirses.com\/index.php\/wp-json\/wp\/v2\/types\/post"}],"author":[{"embeddable":true,"href":"https:\/\/www.kirsehirses.com\/index.php\/wp-json\/wp\/v2\/users\/1"}],"replies":[{"embeddable":true,"href":"https:\/\/www.kirsehirses.com\/index.php\/wp-json\/wp\/v2\/comments?post=726"}],"version-history":[{"count":1,"href":"https:\/\/www.kirsehirses.com\/index.php\/wp-json\/wp\/v2\/posts\/726\/revisions"}],"predecessor-version":[{"id":728,"href":"https:\/\/www.kirsehirses.com\/index.php\/wp-json\/wp\/v2\/posts\/726\/revisions\/728"}],"wp:featuredmedia":[{"embeddable":true,"href":"https:\/\/www.kirsehirses.com\/index.php\/wp-json\/wp\/v2\/media\/727"}],"wp:attachment":[{"href":"https:\/\/www.kirsehirses.com\/index.php\/wp-json\/wp\/v2\/media?parent=726"}],"wp:term":[{"taxonomy":"category","embeddable":true,"href":"https:\/\/www.kirsehirses.com\/index.php\/wp-json\/wp\/v2\/categories?post=726"},{"taxonomy":"post_tag","embeddable":true,"href":"https:\/\/www.kirsehirses.com\/index.php\/wp-json\/wp\/v2\/tags?post=726"}],"curies":[{"name":"wp","href":"https:\/\/api.w.org\/{rel}","templated":true}]}}