{"id":729,"date":"2025-11-04T01:19:22","date_gmt":"2025-11-03T22:19:22","guid":{"rendered":"https:\/\/www.kirsehirses.com\/?p=729"},"modified":"2025-11-04T01:19:22","modified_gmt":"2025-11-03T22:19:22","slug":"kirsehirde-cocugun-ustun-yarari-ve-kurumlar-arasi-is-birligi-calistayi-duzenlendi","status":"publish","type":"post","link":"https:\/\/www.kirsehirses.com\/index.php\/2025\/11\/04\/kirsehirde-cocugun-ustun-yarari-ve-kurumlar-arasi-is-birligi-calistayi-duzenlendi\/","title":{"rendered":"K\u0131r\u015fehir\u2019de \u201c\u00c7ocu\u011fun \u00dcst\u00fcn Yarar\u0131 ve Kurumlar Aras\u0131 \u0130\u015f Birli\u011fi \u00c7al\u0131\u015ftay\u0131\u201d D\u00fczenlendi"},"content":{"rendered":"<h2 data-start=\"101\" data-end=\"190\">K\u0131r\u015fehir\u2019de \u201c\u00c7ocu\u011fun \u00dcst\u00fcn Yarar\u0131 ve Kurumlar Aras\u0131 \u0130\u015f Birli\u011fi \u00c7al\u0131\u015ftay\u0131\u201d D\u00fczenlendi<\/h2>\n<p data-start=\"192\" data-end=\"404\">K\u0131r\u015fehir Valili\u011fi himayesinde ve 2025 Aile Y\u0131l\u0131 etkinlikleri kapsam\u0131nda, K\u0131r\u015fehir Aile ve Sosyal Hizmetler \u0130l M\u00fcd\u00fcrl\u00fc\u011f\u00fc taraf\u0131ndan \u201c\u00c7ocu\u011fun \u00dcst\u00fcn Yarar\u0131 ve Kurumlar Aras\u0131 \u0130\u015f Birli\u011fi \u00c7al\u0131\u015ftay\u0131\u201d ger\u00e7ekle\u015ftirildi.<\/p>\n<p data-start=\"406\" data-end=\"876\">3 Kas\u0131m 2025 tarihinde K\u0131r\u015fehir Aile ve Sosyal Hizmetler \u0130l M\u00fcd\u00fcrl\u00fc\u011f\u00fc ev sahipli\u011finde d\u00fczenlenen \u00e7al\u0131\u015ftaya K\u0131r\u015fehir Valisi Murat Sefa Demiry\u00fcrek, K\u0131r\u015fehir Ahi Evran \u00dcniversitesi Rekt\u00f6r\u00fc Prof. Dr. Mustafa Kas\u0131m Karahocagil, Vali Yard\u0131mc\u0131s\u0131 Alper Balc\u0131, \u0130l Jandarma Komutan\u0131 J. Kd. Alb. Ahmet Y\u0131ld\u0131r\u0131m, \u0130l Emniyet M\u00fcd\u00fcr\u00fc Mesut G\u00f6r\u00fcc\u00fc, Aile ve Sosyal Hizmetler \u0130l M\u00fcd\u00fcr\u00fc Serkan Sa\u011flam, kurum y\u00f6neticileri, akademisyenler, sivil toplum temsilcileri ve vatanda\u015flar kat\u0131ld\u0131.<\/p>\n<p data-start=\"878\" data-end=\"1286\">\u00c7al\u0131\u015ftay\u0131n a\u00e7\u0131l\u0131\u015f\u0131nda konu\u015fan K\u0131r\u015fehir Valisi Murat Sefa Demiry\u00fcrek, ailenin ve \u00e7ocuk haklar\u0131n\u0131n toplumun temel de\u011ferlerinden biri oldu\u011funu belirterek, \u00e7ocuk koruman\u0131n yaln\u0131zca sosyal hizmet de\u011fil, ayn\u0131 zamanda insani bir sorumluluk oldu\u011funu vurgulad\u0131. Vali Demiry\u00fcrek, \u00e7ocuklar\u0131n fiziksel, duygusal ve sosyal geli\u015fimlerinin desteklenmesi i\u00e7in kurumlar aras\u0131nda g\u00fc\u00e7l\u00fc bir i\u015f birli\u011fi gerekti\u011fini ifade etti.<\/p>\n<p data-start=\"1288\" data-end=\"1803\">K\u0131r\u015fehir Ahi Evran \u00dcniversitesi Rekt\u00f6r\u00fc Prof. Dr. Mustafa Kas\u0131m Karahocagil ise konu\u015fmas\u0131nda, Ahilik k\u00fclt\u00fcr\u00fcn\u00fcn sadece bir meslek anlay\u0131\u015f\u0131 de\u011fil, ayn\u0131 zamanda toplumsal sorumluluk, dayan\u0131\u015fma ve ahlak temelinde \u015fekillenen bir ya\u015fam felsefesi oldu\u011funu belirtti. Prof. Dr. Karahocagil, \u201cAhilikte yer alan merhamet, payla\u015fma ve karde\u015flik de\u011ferleri, \u00e7ocuk koruma politikalar\u0131n\u0131n da \u00f6z\u00fcn\u00fc olu\u015fturur. Bu \u00e7al\u0131\u015ftay, medeniyetimizin de\u011ferlerini g\u00fcn\u00fcm\u00fcz\u00fcn bilgi temelli yakla\u015f\u0131mlar\u0131yla bulu\u015fturan anlaml\u0131 bir ad\u0131md\u0131r.\u201d dedi.<\/p>\n<p data-start=\"1805\" data-end=\"2160\">\u00dcniversitenin toplumsal sorumluluk anlay\u0131\u015f\u0131yla \u00e7ocuk haklar\u0131n\u0131n korunmas\u0131, psikososyal destek sistemlerinin g\u00fc\u00e7lendirilmesi ve erken m\u00fcdahale mekanizmalar\u0131n\u0131n geli\u015ftirilmesi y\u00f6n\u00fcnde t\u00fcm payda\u015f kurumlarla i\u015f birli\u011fini s\u00fcrd\u00fcreceklerini ifade eden Prof. Dr. Karahocagil, \u00e7al\u0131\u015ftay\u0131n K\u0131r\u015fehir\u2019de \u00e7ocuk koruma sisteminin g\u00fc\u00e7lenmesine katk\u0131 sa\u011flamas\u0131n\u0131 diledi.<\/p>\n<p data-start=\"2162\" data-end=\"2369\">\u0130ki g\u00fcn s\u00fcrecek olan \u00e7al\u0131\u015ftayda, \u00e7ocu\u011fun \u00fcst\u00fcn yarar\u0131n\u0131n korunmas\u0131, kurumlar aras\u0131 i\u015f birli\u011fi mekanizmalar\u0131n\u0131n geli\u015ftirilmesi ve b\u00fct\u00fcnc\u00fcl \u00e7ocuk koruma yakla\u015f\u0131mlar\u0131n\u0131n g\u00fc\u00e7lendirilmesi konular\u0131 ele al\u0131nacak.<\/p>\n<p data-start=\"2371\" data-end=\"2528\">\u00c7al\u0131\u015ftay\u0131n sonunda elde edilecek sonu\u00e7lar\u0131n, K\u0131r\u015fehir Valili\u011fi koordinasyonunda y\u00fcr\u00fct\u00fclecek \u201cK\u0131r\u015fehir B\u00fcy\u00fck Aile\u201d projesine temel olu\u015fturmas\u0131 hedefleniyor.<\/p>\n<p data-start=\"2530\" data-end=\"2846\">Etkinli\u011fe K\u0131r\u015fehir Ahi Evran \u00dcniversitesi\u2019nin yan\u0131 s\u0131ra Aile ve Sosyal Hizmetler \u0130l M\u00fcd\u00fcrl\u00fc\u011f\u00fc, Milli E\u011fitim \u0130l M\u00fcd\u00fcrl\u00fc\u011f\u00fc, \u0130l Emniyet M\u00fcd\u00fcrl\u00fc\u011f\u00fc, \u0130l Jandarma Komutanl\u0131\u011f\u0131, Gen\u00e7lik ve Spor \u0130l M\u00fcd\u00fcrl\u00fc\u011f\u00fc, \u0130l G\u00f6\u00e7 \u0130daresi, \u0130\u015eKUR, \u0130l Sa\u011fl\u0131k M\u00fcd\u00fcrl\u00fc\u011f\u00fc ve Sosyal Yard\u0131mla\u015fma ve Dayan\u0131\u015fma Vakf\u0131 gibi kurumlar da katk\u0131 sa\u011flad\u0131.<\/p>\n","protected":false},"excerpt":{"rendered":"<p>K\u0131r\u015fehir\u2019de \u201c\u00c7ocu\u011fun \u00dcst\u00fcn Yarar\u0131 ve Kurumlar Aras\u0131 \u0130\u015f Birli\u011fi \u00c7al\u0131\u015ftay\u0131\u201d D\u00fczenlendi K\u0131r\u015fehir Valili\u011fi himayesinde ve 2025 Aile Y\u0131l\u0131 etkinlikleri kapsam\u0131nda, K\u0131r\u015fehir Aile ve Sosyal Hizmetler \u0130l M\u00fcd\u00fcrl\u00fc\u011f\u00fc taraf\u0131ndan \u201c\u00c7ocu\u011fun \u00dcst\u00fcn Yarar\u0131 ve Kurumlar Aras\u0131 \u0130\u015f Birli\u011fi \u00c7al\u0131\u015ftay\u0131\u201d ger\u00e7ekle\u015ftirildi. 3 Kas\u0131m 2025 tarihinde K\u0131r\u015fehir Aile ve Sosyal Hizmetler \u0130l M\u00fcd\u00fcrl\u00fc\u011f\u00fc ev sahipli\u011finde d\u00fczenlenen \u00e7al\u0131\u015ftaya K\u0131r\u015fehir Valisi [&hellip;]<\/p>\n","protected":false},"author":1,"featured_media":730,"comment_status":"open","ping_status":"open","sticky":false,"template":"","format":"standard","meta":{"footnotes":""},"categories":[8],"tags":[],"class_list":["post-729","post","type-post","status-publish","format-standard","has-post-thumbnail","hentry","category-kirsehir"],"_links":{"self":[{"href":"https:\/\/www.kirsehirses.com\/index.php\/wp-json\/wp\/v2\/posts\/729","targetHints":{"allow":["GET"]}}],"collection":[{"href":"https:\/\/www.kirsehirses.com\/index.php\/wp-json\/wp\/v2\/posts"}],"about":[{"href":"https:\/\/www.kirsehirses.com\/index.php\/wp-json\/wp\/v2\/types\/post"}],"author":[{"embeddable":true,"href":"https:\/\/www.kirsehirses.com\/index.php\/wp-json\/wp\/v2\/users\/1"}],"replies":[{"embeddable":true,"href":"https:\/\/www.kirsehirses.com\/index.php\/wp-json\/wp\/v2\/comments?post=729"}],"version-history":[{"count":1,"href":"https:\/\/www.kirsehirses.com\/index.php\/wp-json\/wp\/v2\/posts\/729\/revisions"}],"predecessor-version":[{"id":731,"href":"https:\/\/www.kirsehirses.com\/index.php\/wp-json\/wp\/v2\/posts\/729\/revisions\/731"}],"wp:featuredmedia":[{"embeddable":true,"href":"https:\/\/www.kirsehirses.com\/index.php\/wp-json\/wp\/v2\/media\/730"}],"wp:attachment":[{"href":"https:\/\/www.kirsehirses.com\/index.php\/wp-json\/wp\/v2\/media?parent=729"}],"wp:term":[{"taxonomy":"category","embeddable":true,"href":"https:\/\/www.kirsehirses.com\/index.php\/wp-json\/wp\/v2\/categories?post=729"},{"taxonomy":"post_tag","embeddable":true,"href":"https:\/\/www.kirsehirses.com\/index.php\/wp-json\/wp\/v2\/tags?post=729"}],"curies":[{"name":"wp","href":"https:\/\/api.w.org\/{rel}","templated":true}]}}