{"id":743,"date":"2025-11-05T02:39:41","date_gmt":"2025-11-04T23:39:41","guid":{"rendered":"https:\/\/www.kirsehirses.com\/?p=743"},"modified":"2025-11-05T02:39:41","modified_gmt":"2025-11-04T23:39:41","slug":"kirsehirde-teror-sucundan-aranan-sahis-yakalandi-2","status":"publish","type":"post","link":"https:\/\/www.kirsehirses.com\/index.php\/2025\/11\/05\/kirsehirde-teror-sucundan-aranan-sahis-yakalandi-2\/","title":{"rendered":"K\u0131r\u015fehir\u2019de Ter\u00f6r Su\u00e7undan Aranan \u015eah\u0131s Yakaland\u0131"},"content":{"rendered":"<h2 data-start=\"104\" data-end=\"158\">K\u0131r\u015fehir\u2019de Ter\u00f6r Su\u00e7undan Aranan \u015eah\u0131s Yakaland\u0131<\/h2>\n<p data-start=\"160\" data-end=\"464\">K\u0131r\u015fehir \u0130l Jandarma Komutanl\u0131\u011f\u0131nca ter\u00f6r su\u00e7lar\u0131ndan aranan \u015fah\u0131slar\u0131n yakalanmas\u0131na y\u00f6nelik y\u00fcr\u00fct\u00fclen \u00e7al\u0131\u015fmalar kapsam\u0131nda, D\u00f6rtyol Sulh Ceza H\u00e2kimli\u011fince \u201cSilahl\u0131 Ter\u00f6r \u00d6rg\u00fct\u00fcne \u00dcye Olma\u201d su\u00e7undan tutuklamaya y\u00f6nelik arand\u0131\u011f\u0131 belirlenen B.M.S.S. (27) isimli \u015fah\u0131s, d\u00fczenlenen operasyonla yakaland\u0131.<\/p>\n<p data-start=\"466\" data-end=\"638\">Operasyon, \u0130l Jandarma Komutanl\u0131\u011f\u0131na ba\u011fl\u0131 Ter\u00f6rle M\u00fccadele (TEM) \u015eube M\u00fcd\u00fcrl\u00fc\u011f\u00fc, \u0130stihbarat \u015eube M\u00fcd\u00fcrl\u00fc\u011f\u00fc ve Jandarma Su\u00e7 Ara\u015ft\u0131rma Timi (JASAT) unsurlar\u0131nca y\u00fcr\u00fct\u00fcld\u00fc.<\/p>\n<p data-start=\"640\" data-end=\"817\">Yakalanan \u015fah\u0131s, K\u0131r\u015fehir Cumhuriyet Savc\u0131s\u0131n\u0131n talimat\u0131 do\u011frultusunda y\u00fcr\u00fct\u00fclen soru\u015fturma i\u015flemleri kapsam\u0131nda Hatay D\u00f6rtyol \u0130l\u00e7e Emniyet M\u00fcd\u00fcrl\u00fc\u011f\u00fc ekiplerine teslim edildi.<\/p>\n","protected":false},"excerpt":{"rendered":"<p>K\u0131r\u015fehir\u2019de Ter\u00f6r Su\u00e7undan Aranan \u015eah\u0131s Yakaland\u0131 K\u0131r\u015fehir \u0130l Jandarma Komutanl\u0131\u011f\u0131nca ter\u00f6r su\u00e7lar\u0131ndan aranan \u015fah\u0131slar\u0131n yakalanmas\u0131na y\u00f6nelik y\u00fcr\u00fct\u00fclen \u00e7al\u0131\u015fmalar kapsam\u0131nda, D\u00f6rtyol Sulh Ceza H\u00e2kimli\u011fince \u201cSilahl\u0131 Ter\u00f6r \u00d6rg\u00fct\u00fcne \u00dcye Olma\u201d su\u00e7undan tutuklamaya y\u00f6nelik arand\u0131\u011f\u0131 belirlenen B.M.S.S. (27) isimli \u015fah\u0131s, d\u00fczenlenen operasyonla yakaland\u0131. Operasyon, \u0130l Jandarma Komutanl\u0131\u011f\u0131na ba\u011fl\u0131 Ter\u00f6rle M\u00fccadele (TEM) \u015eube M\u00fcd\u00fcrl\u00fc\u011f\u00fc, \u0130stihbarat \u015eube M\u00fcd\u00fcrl\u00fc\u011f\u00fc ve Jandarma [&hellip;]<\/p>\n","protected":false},"author":1,"featured_media":744,"comment_status":"open","ping_status":"open","sticky":false,"template":"","format":"standard","meta":{"footnotes":""},"categories":[8],"tags":[],"class_list":["post-743","post","type-post","status-publish","format-standard","has-post-thumbnail","hentry","category-kirsehir"],"_links":{"self":[{"href":"https:\/\/www.kirsehirses.com\/index.php\/wp-json\/wp\/v2\/posts\/743","targetHints":{"allow":["GET"]}}],"collection":[{"href":"https:\/\/www.kirsehirses.com\/index.php\/wp-json\/wp\/v2\/posts"}],"about":[{"href":"https:\/\/www.kirsehirses.com\/index.php\/wp-json\/wp\/v2\/types\/post"}],"author":[{"embeddable":true,"href":"https:\/\/www.kirsehirses.com\/index.php\/wp-json\/wp\/v2\/users\/1"}],"replies":[{"embeddable":true,"href":"https:\/\/www.kirsehirses.com\/index.php\/wp-json\/wp\/v2\/comments?post=743"}],"version-history":[{"count":1,"href":"https:\/\/www.kirsehirses.com\/index.php\/wp-json\/wp\/v2\/posts\/743\/revisions"}],"predecessor-version":[{"id":745,"href":"https:\/\/www.kirsehirses.com\/index.php\/wp-json\/wp\/v2\/posts\/743\/revisions\/745"}],"wp:featuredmedia":[{"embeddable":true,"href":"https:\/\/www.kirsehirses.com\/index.php\/wp-json\/wp\/v2\/media\/744"}],"wp:attachment":[{"href":"https:\/\/www.kirsehirses.com\/index.php\/wp-json\/wp\/v2\/media?parent=743"}],"wp:term":[{"taxonomy":"category","embeddable":true,"href":"https:\/\/www.kirsehirses.com\/index.php\/wp-json\/wp\/v2\/categories?post=743"},{"taxonomy":"post_tag","embeddable":true,"href":"https:\/\/www.kirsehirses.com\/index.php\/wp-json\/wp\/v2\/tags?post=743"}],"curies":[{"name":"wp","href":"https:\/\/api.w.org\/{rel}","templated":true}]}}