{"id":746,"date":"2025-11-05T02:41:32","date_gmt":"2025-11-04T23:41:32","guid":{"rendered":"https:\/\/www.kirsehirses.com\/?p=746"},"modified":"2025-11-05T02:41:32","modified_gmt":"2025-11-04T23:41:32","slug":"boztepede-fidan-dikimi-ve-muhtarlar-toplantisi-gerceklestirildi","status":"publish","type":"post","link":"https:\/\/www.kirsehirses.com\/index.php\/2025\/11\/05\/boztepede-fidan-dikimi-ve-muhtarlar-toplantisi-gerceklestirildi\/","title":{"rendered":"Boztepe\u2019de Fidan Dikimi ve Muhtarlar Toplant\u0131s\u0131 Ger\u00e7ekle\u015ftirildi"},"content":{"rendered":"<h2 data-start=\"102\" data-end=\"171\">Boztepe\u2019de Fidan Dikimi ve Muhtarlar Toplant\u0131s\u0131 Ger\u00e7ekle\u015ftirildi<\/h2>\n<p><img loading=\"lazy\" decoding=\"async\" class=\"alignnone size-full wp-image-747\" src=\"https:\/\/www.kirsehirses.com\/wp-content\/uploads\/2025\/11\/KVF_8723.jpg\" alt=\"\" width=\"2000\" height=\"1333\" srcset=\"https:\/\/www.kirsehirses.com\/wp-content\/uploads\/2025\/11\/KVF_8723.jpg 2000w, https:\/\/www.kirsehirses.com\/wp-content\/uploads\/2025\/11\/KVF_8723-300x200.jpg 300w, https:\/\/www.kirsehirses.com\/wp-content\/uploads\/2025\/11\/KVF_8723-1024x682.jpg 1024w, https:\/\/www.kirsehirses.com\/wp-content\/uploads\/2025\/11\/KVF_8723-768x512.jpg 768w, https:\/\/www.kirsehirses.com\/wp-content\/uploads\/2025\/11\/KVF_8723-1536x1024.jpg 1536w\" sizes=\"auto, (max-width: 2000px) 100vw, 2000px\" \/><\/p>\n<p data-start=\"173\" data-end=\"353\">K\u0131r\u015fehir Valili\u011fince ba\u015flat\u0131lan <strong data-start=\"205\" data-end=\"267\">\u201cK\u0131r\u015fehir\u2019de Nefes Alan, K\u0131r\u015fehir\u2019e Nefes Veriyor Projesi\u201d<\/strong> kapsam\u0131nda Boztepe il\u00e7esine ba\u011fl\u0131 \u00dc\u00e7kuyu K\u00f6y\u00fc\u2019nde fidan dikim etkinli\u011fi d\u00fczenlendi.<\/p>\n<p data-start=\"355\" data-end=\"503\">Etkinlikte daire m\u00fcd\u00fcrleri, muhtarlar, jandarma, emniyet ve orman personelinin kat\u0131l\u0131m\u0131yla 250 adet sedir ve kara\u00e7am fidan\u0131 toprakla bulu\u015fturuldu.<\/p>\n<p data-start=\"505\" data-end=\"797\">Fidan dikiminin ard\u0131ndan Boztepe Kaymakaml\u0131\u011f\u0131nda muhtarlarla bir toplant\u0131 ger\u00e7ekle\u015ftirildi. Toplant\u0131ya K\u0131r\u015fehir Valisi Murat Sefa Demiry\u00fcrek, Vali Yard\u0131mc\u0131s\u0131 ve \u0130l \u00d6zel \u0130daresi Genel Sekreteri Yasin \u00d6zcan, Boztepe Kaymakam\u0131 Abd\u00fclhamit Bayram ve Boztepe Belediye Ba\u015fkan\u0131 Musa Ceylan kat\u0131ld\u0131.<\/p>\n<p data-start=\"799\" data-end=\"1084\">Toplant\u0131da, il\u00e7edeki k\u00f6ylerde <strong data-start=\"829\" data-end=\"885\">su kullan\u0131m\u0131nda verimlilik ve tasarrufun art\u0131r\u0131lmas\u0131<\/strong> amac\u0131yla yap\u0131lan <strong data-start=\"903\" data-end=\"926\">ak\u0131ll\u0131 su saya\u00e7lar\u0131<\/strong> de\u011fi\u015fim s\u00fcreci de\u011ferlendirildi. Muhtarlar\u0131n talepleri dinlendi ve kamu hizmetlerinin k\u00f6ylerde etkin \u015fekilde y\u00fcr\u00fct\u00fclmesi i\u00e7in g\u00f6r\u00fc\u015f al\u0131\u015fveri\u015finde bulunuldu.<\/p>\n<p data-start=\"1086\" data-end=\"1253\">Ayr\u0131ca, muhtarlara su saya\u00e7lar\u0131n\u0131n yenilenmesi s\u00fcrecinde g\u00f6sterdikleri katk\u0131 ve kamu hizmetlerine verdikleri destek dolay\u0131s\u0131yla <strong data-start=\"1214\" data-end=\"1236\">Te\u015fekk\u00fcr Belgeleri<\/strong> takdim edildi.<\/p>\n","protected":false},"excerpt":{"rendered":"<p>Boztepe\u2019de Fidan Dikimi ve Muhtarlar Toplant\u0131s\u0131 Ger\u00e7ekle\u015ftirildi K\u0131r\u015fehir Valili\u011fince ba\u015flat\u0131lan \u201cK\u0131r\u015fehir\u2019de Nefes Alan, K\u0131r\u015fehir\u2019e Nefes Veriyor Projesi\u201d kapsam\u0131nda Boztepe il\u00e7esine ba\u011fl\u0131 \u00dc\u00e7kuyu K\u00f6y\u00fc\u2019nde fidan dikim etkinli\u011fi d\u00fczenlendi. Etkinlikte daire m\u00fcd\u00fcrleri, muhtarlar, jandarma, emniyet ve orman personelinin kat\u0131l\u0131m\u0131yla 250 adet sedir ve kara\u00e7am fidan\u0131 toprakla bulu\u015fturuldu. Fidan dikiminin ard\u0131ndan Boztepe Kaymakaml\u0131\u011f\u0131nda muhtarlarla bir toplant\u0131 ger\u00e7ekle\u015ftirildi. Toplant\u0131ya [&hellip;]<\/p>\n","protected":false},"author":1,"featured_media":748,"comment_status":"open","ping_status":"open","sticky":false,"template":"","format":"standard","meta":{"footnotes":""},"categories":[8],"tags":[],"class_list":["post-746","post","type-post","status-publish","format-standard","has-post-thumbnail","hentry","category-kirsehir"],"_links":{"self":[{"href":"https:\/\/www.kirsehirses.com\/index.php\/wp-json\/wp\/v2\/posts\/746","targetHints":{"allow":["GET"]}}],"collection":[{"href":"https:\/\/www.kirsehirses.com\/index.php\/wp-json\/wp\/v2\/posts"}],"about":[{"href":"https:\/\/www.kirsehirses.com\/index.php\/wp-json\/wp\/v2\/types\/post"}],"author":[{"embeddable":true,"href":"https:\/\/www.kirsehirses.com\/index.php\/wp-json\/wp\/v2\/users\/1"}],"replies":[{"embeddable":true,"href":"https:\/\/www.kirsehirses.com\/index.php\/wp-json\/wp\/v2\/comments?post=746"}],"version-history":[{"count":1,"href":"https:\/\/www.kirsehirses.com\/index.php\/wp-json\/wp\/v2\/posts\/746\/revisions"}],"predecessor-version":[{"id":749,"href":"https:\/\/www.kirsehirses.com\/index.php\/wp-json\/wp\/v2\/posts\/746\/revisions\/749"}],"wp:featuredmedia":[{"embeddable":true,"href":"https:\/\/www.kirsehirses.com\/index.php\/wp-json\/wp\/v2\/media\/748"}],"wp:attachment":[{"href":"https:\/\/www.kirsehirses.com\/index.php\/wp-json\/wp\/v2\/media?parent=746"}],"wp:term":[{"taxonomy":"category","embeddable":true,"href":"https:\/\/www.kirsehirses.com\/index.php\/wp-json\/wp\/v2\/categories?post=746"},{"taxonomy":"post_tag","embeddable":true,"href":"https:\/\/www.kirsehirses.com\/index.php\/wp-json\/wp\/v2\/tags?post=746"}],"curies":[{"name":"wp","href":"https:\/\/api.w.org\/{rel}","templated":true}]}}