{"id":750,"date":"2025-11-05T02:43:08","date_gmt":"2025-11-04T23:43:08","guid":{"rendered":"https:\/\/www.kirsehirses.com\/?p=750"},"modified":"2025-11-05T02:43:08","modified_gmt":"2025-11-04T23:43:08","slug":"mucuru-yasa-bogan-olum","status":"publish","type":"post","link":"https:\/\/www.kirsehirses.com\/index.php\/2025\/11\/05\/mucuru-yasa-bogan-olum\/","title":{"rendered":"Mucur\u2019u Yasa Bo\u011fan \u00d6l\u00fcm"},"content":{"rendered":"<p><strong>Mucur\u2019u Yasa Bo\u011fan \u00d6l\u00fcm<\/strong><\/p>\n<p>Mucur il\u00e7esi n\u00fcfusuna kay\u0131tl\u0131 16 ya\u015f\u0131ndaki gen\u00e7 k\u0131z\u0131n \u00f6l\u00fcm\u00fc yak\u0131nlar\u0131n\u0131 yasa bo\u011fdu.<\/p>\n<p>Bal\u0131kesir ili Emniyet M\u00fcd\u00fcrl\u00fc\u011f\u00fc kadrosunda Polis memuru olarak g\u00f6rev yapan \u0130brahim K\u00f6k\u00e7i ve \u00f6\u011fretmen H\u00fcsne han\u0131m\u0131n 16 ya\u015f\u0131ndaki k\u0131z\u0131 Fatma Beyza, Bal\u0131kesir\u2019deki ikametinde hayat\u0131n\u0131 kaybetti.<\/p>\n<p>Merhumenin cenazesi, bug\u00fcn Mucur il\u00e7esine getirilerek \u00f6\u011fle namaz\u0131na m\u00fcteakip \u00c7ar\u015f\u0131 Camii\u2019nde k\u0131l\u0131nan cenaze namaz\u0131n\u0131n ard\u0131ndan Hamidiye mezarl\u0131\u011f\u0131nda topra\u011fa verildi.<\/p>\n<p>K\u0131r\u015fehir Ses Haber olarak merhumeye Allah\u2019tan rahmet, ailesine ve sevenlerine ba\u015fsa\u011fl\u0131\u011f\u0131\u00a0dileriz.<\/p>\n","protected":false},"excerpt":{"rendered":"<p>Mucur\u2019u Yasa Bo\u011fan \u00d6l\u00fcm Mucur il\u00e7esi n\u00fcfusuna kay\u0131tl\u0131 16 ya\u015f\u0131ndaki gen\u00e7 k\u0131z\u0131n \u00f6l\u00fcm\u00fc yak\u0131nlar\u0131n\u0131 yasa bo\u011fdu. Bal\u0131kesir ili Emniyet M\u00fcd\u00fcrl\u00fc\u011f\u00fc kadrosunda Polis memuru olarak g\u00f6rev yapan \u0130brahim K\u00f6k\u00e7i ve \u00f6\u011fretmen H\u00fcsne han\u0131m\u0131n 16 ya\u015f\u0131ndaki k\u0131z\u0131 Fatma Beyza, Bal\u0131kesir\u2019deki ikametinde hayat\u0131n\u0131 kaybetti. Merhumenin cenazesi, bug\u00fcn Mucur il\u00e7esine getirilerek \u00f6\u011fle namaz\u0131na m\u00fcteakip \u00c7ar\u015f\u0131 Camii\u2019nde k\u0131l\u0131nan cenaze namaz\u0131n\u0131n [&hellip;]<\/p>\n","protected":false},"author":1,"featured_media":751,"comment_status":"open","ping_status":"open","sticky":false,"template":"","format":"standard","meta":{"footnotes":""},"categories":[8],"tags":[],"class_list":["post-750","post","type-post","status-publish","format-standard","has-post-thumbnail","hentry","category-kirsehir"],"_links":{"self":[{"href":"https:\/\/www.kirsehirses.com\/index.php\/wp-json\/wp\/v2\/posts\/750","targetHints":{"allow":["GET"]}}],"collection":[{"href":"https:\/\/www.kirsehirses.com\/index.php\/wp-json\/wp\/v2\/posts"}],"about":[{"href":"https:\/\/www.kirsehirses.com\/index.php\/wp-json\/wp\/v2\/types\/post"}],"author":[{"embeddable":true,"href":"https:\/\/www.kirsehirses.com\/index.php\/wp-json\/wp\/v2\/users\/1"}],"replies":[{"embeddable":true,"href":"https:\/\/www.kirsehirses.com\/index.php\/wp-json\/wp\/v2\/comments?post=750"}],"version-history":[{"count":1,"href":"https:\/\/www.kirsehirses.com\/index.php\/wp-json\/wp\/v2\/posts\/750\/revisions"}],"predecessor-version":[{"id":752,"href":"https:\/\/www.kirsehirses.com\/index.php\/wp-json\/wp\/v2\/posts\/750\/revisions\/752"}],"wp:featuredmedia":[{"embeddable":true,"href":"https:\/\/www.kirsehirses.com\/index.php\/wp-json\/wp\/v2\/media\/751"}],"wp:attachment":[{"href":"https:\/\/www.kirsehirses.com\/index.php\/wp-json\/wp\/v2\/media?parent=750"}],"wp:term":[{"taxonomy":"category","embeddable":true,"href":"https:\/\/www.kirsehirses.com\/index.php\/wp-json\/wp\/v2\/categories?post=750"},{"taxonomy":"post_tag","embeddable":true,"href":"https:\/\/www.kirsehirses.com\/index.php\/wp-json\/wp\/v2\/tags?post=750"}],"curies":[{"name":"wp","href":"https:\/\/api.w.org\/{rel}","templated":true}]}}