{"id":756,"date":"2025-11-06T02:24:27","date_gmt":"2025-11-05T23:24:27","guid":{"rendered":"https:\/\/www.kirsehirses.com\/?p=756"},"modified":"2025-11-06T02:24:27","modified_gmt":"2025-11-05T23:24:27","slug":"kirsehir-uluslararasi-saglik-spor-ve-turizm-kongresine-ev-sahipligi-yapacak","status":"publish","type":"post","link":"https:\/\/www.kirsehirses.com\/index.php\/2025\/11\/06\/kirsehir-uluslararasi-saglik-spor-ve-turizm-kongresine-ev-sahipligi-yapacak\/","title":{"rendered":"K\u0131r\u015fehir, Uluslararas\u0131 Sa\u011fl\u0131k, Spor ve Turizm Kongresi\u2019ne Ev Sahipli\u011fi Yapacak"},"content":{"rendered":"<h2 data-start=\"113\" data-end=\"198\"><strong data-start=\"116\" data-end=\"198\">K\u0131r\u015fehir, Uluslararas\u0131 Sa\u011fl\u0131k, Spor ve Turizm Kongresi\u2019ne Ev Sahipli\u011fi Yapacak<\/strong><\/h2>\n<p data-start=\"200\" data-end=\"467\">K\u0131r\u015fehir Ahi Evran \u00dcniversitesi ile Uluslararas\u0131 Sa\u011fl\u0131k Turizmi Enstit\u00fcs\u00fc i\u015f birli\u011finde d\u00fczenlenen <strong data-start=\"299\" data-end=\"347\">Uluslararas\u0131 Sa\u011fl\u0131k, Spor ve Turizm Kongresi<\/strong>, 13-15 Kas\u0131m 2025 tarihleri aras\u0131nda K\u0131r\u015fehir Ahi Evran \u00dcniversitesi Kongre ve K\u00fclt\u00fcr Merkezi\u2019nde ger\u00e7ekle\u015ftirilecek.<\/p>\n<p data-start=\"469\" data-end=\"737\">Kongre, sa\u011fl\u0131k, spor ve turizm alanlar\u0131nda <strong data-start=\"512\" data-end=\"636\">yenilik\u00e7i yakla\u015f\u0131mlar\u0131 ele almak, akademik bilgi payla\u015f\u0131m\u0131n\u0131 te\u015fvik etmek ve disiplinler aras\u0131 i\u015f birli\u011fini g\u00fc\u00e7lendirmek<\/strong> amac\u0131yla organize ediliyor. Etkinlikte bildiriler hem y\u00fcz y\u00fcze hem de \u00e7evrim i\u00e7i olarak sunulacak.<\/p>\n<h3 data-start=\"739\" data-end=\"788\"><strong data-start=\"743\" data-end=\"788\">Bilimsel Payla\u015f\u0131m ve Uluslararas\u0131 Kat\u0131l\u0131m<\/strong><\/h3>\n<p data-start=\"789\" data-end=\"1090\">Yo\u011fun kat\u0131l\u0131m\u0131n beklendi\u011fi kongrede, T\u00fcrkiye\u2019nin yan\u0131 s\u0131ra bir\u00e7ok \u00fclkeden akademisyen, sekt\u00f6r temsilcisi, sporcu ve dijital i\u00e7erik \u00fcreticisi bir araya gelecek. Kat\u0131l\u0131mc\u0131lar, kendi ara\u015ft\u0131rmalar\u0131n\u0131 sunarken ayn\u0131 zamanda uluslararas\u0131 meslekta\u015flar\u0131yla tan\u0131\u015fma ve ortak \u00e7al\u0131\u015fma f\u0131rsatlar\u0131 elde edecekler.<\/p>\n<p data-start=\"1092\" data-end=\"1103\">Kongrede;<\/p>\n<ul data-start=\"1104\" data-end=\"1440\">\n<li data-start=\"1104\" data-end=\"1214\">\n<p data-start=\"1106\" data-end=\"1214\"><strong data-start=\"1106\" data-end=\"1126\">Sa\u011fl\u0131k Bilimleri<\/strong> alan\u0131nda halk sa\u011fl\u0131\u011f\u0131, sa\u011fl\u0131k y\u00f6netimi, sa\u011fl\u0131k politikalar\u0131 ve teknolojik yenilikler,<\/p>\n<\/li>\n<li data-start=\"1215\" data-end=\"1321\">\n<p data-start=\"1217\" data-end=\"1321\"><strong data-start=\"1217\" data-end=\"1235\">Spor Bilimleri<\/strong> alan\u0131nda sporcu sa\u011fl\u0131\u011f\u0131, performans analizi, spor y\u00f6netimi ve antrenman teknikleri,<\/p>\n<\/li>\n<li data-start=\"1322\" data-end=\"1440\">\n<p data-start=\"1324\" data-end=\"1440\"><strong data-start=\"1324\" data-end=\"1334\">Turizm<\/strong> alan\u0131nda ise sa\u011fl\u0131k turizmi, spor turizmi, s\u00fcrd\u00fcr\u00fclebilir turizm ve dijitalle\u015fme konular\u0131 ele al\u0131nacak.<\/p>\n<\/li>\n<\/ul>\n<h3 data-start=\"1442\" data-end=\"1489\"><strong data-start=\"1446\" data-end=\"1489\">T&amp;R Etkinlikleri: \u0130lham Veren Hik\u00e2yeler<\/strong><\/h3>\n<p data-start=\"1490\" data-end=\"1860\">Kongre kapsam\u0131nda 13 Kas\u0131m 2025 tarihinde ger\u00e7ekle\u015ftirilecek <strong data-start=\"1551\" data-end=\"1576\">Target &amp; Result (T&amp;R)<\/strong> etkinlikleri, \u00fcniversite \u00f6\u011frencilerine ilham verecek.<br data-start=\"1630\" data-end=\"1633\" \/>Etkinlikte Kardiyolog <strong data-start=\"1655\" data-end=\"1673\">Dr. Esad \u00c7ekin<\/strong> \u201cKalp Sa\u011fl\u0131\u011f\u0131nda Yeni Ufuklar: Yapay Zeka Erken Tan\u0131\u201d ba\u015fl\u0131kl\u0131 konu\u015fmas\u0131yla yer al\u0131rken, <strong data-start=\"1763\" data-end=\"1787\">Emre Recep Be\u015fkarde\u015f<\/strong> \u201cDijital Sa\u011fl\u0131k \u00c7a\u011f\u0131nda \u0130leti\u015fim: Yeni Medya\u201d sunumuyla katk\u0131 sunacak.<\/p>\n<p data-start=\"1862\" data-end=\"2158\">Ayr\u0131ca Milli Sporcular <strong data-start=\"1885\" data-end=\"1980\">Muhammet Karavu\u015f, Merve Din\u00e7el Kavurat, Ferhat Can Kavurat, Yonca G\u00fcl Y\u0131lmaz, Hakan Ren\u00e7ber<\/strong> ve <strong data-start=\"1984\" data-end=\"2002\">Sude Nur Aslan<\/strong>, <strong data-start=\"2004\" data-end=\"2032\">Prof. Dr. Sevde Mavi Var<\/strong> moderat\u00f6rl\u00fc\u011f\u00fcnde ger\u00e7ekle\u015ftirilecek \u201c\u015eampiyonluk Ge\u00e7idi: Nas\u0131l Ba\u015fard\u0131lar?\u201d ba\u015fl\u0131kl\u0131 s\u00f6yle\u015fide deneyimlerini payla\u015facaklar.<\/p>\n<h3 data-start=\"2160\" data-end=\"2192\"><strong data-start=\"2164\" data-end=\"2192\">Paneller ve Konferanslar<\/strong><\/h3>\n<p data-start=\"2193\" data-end=\"2471\">Kongre s\u00fcresince ger\u00e7ekle\u015ftirilecek panellerde;<br data-start=\"2240\" data-end=\"2243\" \/>\u201cSa\u011fl\u0131k ve Spor Turizminde T\u00fcrkiye Vizyonu\u201d, \u201cSa\u011fl\u0131k Turizminde Uluslararas\u0131 Yar\u0131\u015fma\u201d, \u201cSporcu Sa\u011fl\u0131\u011f\u0131nda \u00d6n \u00c7apraz Ba\u011f Yaralanmalar\u0131na B\u00fct\u00fcnc\u00fcl Yakla\u015f\u0131m\u201d, \u201cTurizmde Hedef Pazarlar ve De\u011fi\u015fen K\u00fclt\u00fcr\u201d gibi konular ele al\u0131nacak.<\/p>\n<p data-start=\"2473\" data-end=\"2698\">15 Kas\u0131m\u2019da ise BM taraf\u0131ndan kurulan <strong data-start=\"2511\" data-end=\"2532\">ECPD \u00dcniversitesi<\/strong> \u00f6\u011fretim \u00fcyesi <strong data-start=\"2547\" data-end=\"2572\">Do\u00e7. Dr. Milica Jotov<\/strong>, \u201cYa\u015fam Tarz\u0131yla Uzun \u00d6m\u00fcr: Sa\u011fl\u0131k Turizmi ve \u00d6nleyici Ya\u015fam\u0131n Japon Modeli\u201d ba\u015fl\u0131kl\u0131 konferansla kat\u0131l\u0131mc\u0131lara seslenecek.<\/p>\n<h3 data-start=\"2700\" data-end=\"2759\"><strong data-start=\"2704\" data-end=\"2759\">K\u0131r\u015fehir\u2019de Bilim, Spor ve Turizmin Bulu\u015fma Noktas\u0131<\/strong><\/h3>\n<p data-start=\"2760\" data-end=\"2977\">K\u0131r\u015fehir Ahi Evran \u00dcniversitesi ev sahipli\u011finde ger\u00e7ekle\u015fecek kongre, <strong data-start=\"2830\" data-end=\"2967\">sa\u011fl\u0131k, spor ve turizm alan\u0131nda \u00e7al\u0131\u015fan akademisyenler, ara\u015ft\u0131rmac\u0131lar ve profesyoneller i\u00e7in \u00f6nemli bir uluslararas\u0131 bulu\u015fma noktas\u0131<\/strong> olacak.<\/p>\n","protected":false},"excerpt":{"rendered":"<p>K\u0131r\u015fehir, Uluslararas\u0131 Sa\u011fl\u0131k, Spor ve Turizm Kongresi\u2019ne Ev Sahipli\u011fi Yapacak K\u0131r\u015fehir Ahi Evran \u00dcniversitesi ile Uluslararas\u0131 Sa\u011fl\u0131k Turizmi Enstit\u00fcs\u00fc i\u015f birli\u011finde d\u00fczenlenen Uluslararas\u0131 Sa\u011fl\u0131k, Spor ve Turizm Kongresi, 13-15 Kas\u0131m 2025 tarihleri aras\u0131nda K\u0131r\u015fehir Ahi Evran \u00dcniversitesi Kongre ve K\u00fclt\u00fcr Merkezi\u2019nde ger\u00e7ekle\u015ftirilecek. Kongre, sa\u011fl\u0131k, spor ve turizm alanlar\u0131nda yenilik\u00e7i yakla\u015f\u0131mlar\u0131 ele almak, akademik bilgi payla\u015f\u0131m\u0131n\u0131 [&hellip;]<\/p>\n","protected":false},"author":1,"featured_media":757,"comment_status":"open","ping_status":"open","sticky":false,"template":"","format":"standard","meta":{"footnotes":""},"categories":[10,8,11],"tags":[],"class_list":["post-756","post","type-post","status-publish","format-standard","has-post-thumbnail","hentry","category-egitim","category-kirsehir","category-saglik"],"_links":{"self":[{"href":"https:\/\/www.kirsehirses.com\/index.php\/wp-json\/wp\/v2\/posts\/756","targetHints":{"allow":["GET"]}}],"collection":[{"href":"https:\/\/www.kirsehirses.com\/index.php\/wp-json\/wp\/v2\/posts"}],"about":[{"href":"https:\/\/www.kirsehirses.com\/index.php\/wp-json\/wp\/v2\/types\/post"}],"author":[{"embeddable":true,"href":"https:\/\/www.kirsehirses.com\/index.php\/wp-json\/wp\/v2\/users\/1"}],"replies":[{"embeddable":true,"href":"https:\/\/www.kirsehirses.com\/index.php\/wp-json\/wp\/v2\/comments?post=756"}],"version-history":[{"count":1,"href":"https:\/\/www.kirsehirses.com\/index.php\/wp-json\/wp\/v2\/posts\/756\/revisions"}],"predecessor-version":[{"id":758,"href":"https:\/\/www.kirsehirses.com\/index.php\/wp-json\/wp\/v2\/posts\/756\/revisions\/758"}],"wp:featuredmedia":[{"embeddable":true,"href":"https:\/\/www.kirsehirses.com\/index.php\/wp-json\/wp\/v2\/media\/757"}],"wp:attachment":[{"href":"https:\/\/www.kirsehirses.com\/index.php\/wp-json\/wp\/v2\/media?parent=756"}],"wp:term":[{"taxonomy":"category","embeddable":true,"href":"https:\/\/www.kirsehirses.com\/index.php\/wp-json\/wp\/v2\/categories?post=756"},{"taxonomy":"post_tag","embeddable":true,"href":"https:\/\/www.kirsehirses.com\/index.php\/wp-json\/wp\/v2\/tags?post=756"}],"curies":[{"name":"wp","href":"https:\/\/api.w.org\/{rel}","templated":true}]}}