{"id":759,"date":"2025-11-06T02:29:15","date_gmt":"2025-11-05T23:29:15","guid":{"rendered":"https:\/\/www.kirsehirses.com\/?p=759"},"modified":"2025-11-06T02:29:15","modified_gmt":"2025-11-05T23:29:15","slug":"vali-demiryurekten-kirsehir-futbol-kulubune-ziyaret","status":"publish","type":"post","link":"https:\/\/www.kirsehirses.com\/index.php\/2025\/11\/06\/vali-demiryurekten-kirsehir-futbol-kulubune-ziyaret\/","title":{"rendered":"Vali Demiry\u00fcrek\u2019ten K\u0131r\u015fehir Futbol Kul\u00fcb\u00fc\u2019ne Ziyaret"},"content":{"rendered":"<h2 data-start=\"158\" data-end=\"218\"><strong data-start=\"161\" data-end=\"218\">Vali Demiry\u00fcrek\u2019ten K\u0131r\u015fehir Futbol Kul\u00fcb\u00fc\u2019ne Ziyaret<\/strong><\/h2>\n<p data-start=\"220\" data-end=\"370\">K\u0131r\u015fehir Valisi <strong data-start=\"236\" data-end=\"261\">Murat Sefa Demiry\u00fcrek<\/strong>, TFF 3. Lig\u2019de m\u00fccadele eden <strong data-start=\"291\" data-end=\"320\">K\u0131r\u015fehir Futbol Kul\u00fcb\u00fc\u2019n\u00fc<\/strong> G\u00fcneykent\u2019te bulunan tesislerinde ziyaret etti.<\/p>\n<p data-start=\"372\" data-end=\"576\">Vali Demiry\u00fcrek, ziyareti s\u0131ras\u0131nda futbolcular\u0131n antrenmanlar\u0131n\u0131 izledi ve <strong data-start=\"448\" data-end=\"483\">Kul\u00fcp Ba\u015fkan\u0131 \u00c7a\u011fatay Han Torun<\/strong>, <strong data-start=\"485\" data-end=\"509\">Asba\u015fkan Mehmet I\u015f\u0131k<\/strong> ile <strong data-start=\"514\" data-end=\"530\">teknik heyet<\/strong>ten tak\u0131m\u0131n \u00e7al\u0131\u015fmalar\u0131 hakk\u0131nda bilgi ald\u0131.<\/p>\n<p data-start=\"578\" data-end=\"737\">Tak\u0131m\u0131n durumu ve ligdeki hedefleri \u00fczerine yap\u0131lan g\u00f6r\u00fc\u015fmenin ard\u0131ndan Vali Demiry\u00fcrek, K\u0131r\u015fehir Futbol Kul\u00fcb\u00fc\u2019ne sezonun kalan ma\u00e7lar\u0131nda ba\u015far\u0131lar diledi.<\/p>\n","protected":false},"excerpt":{"rendered":"<p>Vali Demiry\u00fcrek\u2019ten K\u0131r\u015fehir Futbol Kul\u00fcb\u00fc\u2019ne Ziyaret K\u0131r\u015fehir Valisi Murat Sefa Demiry\u00fcrek, TFF 3. Lig\u2019de m\u00fccadele eden K\u0131r\u015fehir Futbol Kul\u00fcb\u00fc\u2019n\u00fc G\u00fcneykent\u2019te bulunan tesislerinde ziyaret etti. Vali Demiry\u00fcrek, ziyareti s\u0131ras\u0131nda futbolcular\u0131n antrenmanlar\u0131n\u0131 izledi ve Kul\u00fcp Ba\u015fkan\u0131 \u00c7a\u011fatay Han Torun, Asba\u015fkan Mehmet I\u015f\u0131k ile teknik heyetten tak\u0131m\u0131n \u00e7al\u0131\u015fmalar\u0131 hakk\u0131nda bilgi ald\u0131. Tak\u0131m\u0131n durumu ve ligdeki hedefleri \u00fczerine yap\u0131lan [&hellip;]<\/p>\n","protected":false},"author":1,"featured_media":760,"comment_status":"open","ping_status":"open","sticky":false,"template":"","format":"standard","meta":{"footnotes":""},"categories":[4],"tags":[],"class_list":["post-759","post","type-post","status-publish","format-standard","has-post-thumbnail","hentry","category-spor"],"_links":{"self":[{"href":"https:\/\/www.kirsehirses.com\/index.php\/wp-json\/wp\/v2\/posts\/759","targetHints":{"allow":["GET"]}}],"collection":[{"href":"https:\/\/www.kirsehirses.com\/index.php\/wp-json\/wp\/v2\/posts"}],"about":[{"href":"https:\/\/www.kirsehirses.com\/index.php\/wp-json\/wp\/v2\/types\/post"}],"author":[{"embeddable":true,"href":"https:\/\/www.kirsehirses.com\/index.php\/wp-json\/wp\/v2\/users\/1"}],"replies":[{"embeddable":true,"href":"https:\/\/www.kirsehirses.com\/index.php\/wp-json\/wp\/v2\/comments?post=759"}],"version-history":[{"count":1,"href":"https:\/\/www.kirsehirses.com\/index.php\/wp-json\/wp\/v2\/posts\/759\/revisions"}],"predecessor-version":[{"id":761,"href":"https:\/\/www.kirsehirses.com\/index.php\/wp-json\/wp\/v2\/posts\/759\/revisions\/761"}],"wp:featuredmedia":[{"embeddable":true,"href":"https:\/\/www.kirsehirses.com\/index.php\/wp-json\/wp\/v2\/media\/760"}],"wp:attachment":[{"href":"https:\/\/www.kirsehirses.com\/index.php\/wp-json\/wp\/v2\/media?parent=759"}],"wp:term":[{"taxonomy":"category","embeddable":true,"href":"https:\/\/www.kirsehirses.com\/index.php\/wp-json\/wp\/v2\/categories?post=759"},{"taxonomy":"post_tag","embeddable":true,"href":"https:\/\/www.kirsehirses.com\/index.php\/wp-json\/wp\/v2\/tags?post=759"}],"curies":[{"name":"wp","href":"https:\/\/api.w.org\/{rel}","templated":true}]}}