{"id":762,"date":"2025-11-06T02:52:26","date_gmt":"2025-11-05T23:52:26","guid":{"rendered":"https:\/\/www.kirsehirses.com\/?p=762"},"modified":"2025-11-06T03:01:27","modified_gmt":"2025-11-06T00:01:27","slug":"mehmet-cavus-kaledeki-topun-kurbani-oldu","status":"publish","type":"post","link":"https:\/\/www.kirsehirses.com\/index.php\/2025\/11\/06\/mehmet-cavus-kaledeki-topun-kurbani-oldu\/","title":{"rendered":"Mehmet \u00c7avu\u015f Kale\u2019deki Top\u2019un Kurban\u0131 Oldu"},"content":{"rendered":"<p style=\"text-align: left;\"><strong>Mehmet \u00c7avu\u015f Kale\u2019deki Top\u2019un Kurban\u0131 Oldu<\/strong><\/p>\n<p>K\u0131r\u015fehir&#8217;de Ramazan aylar\u0131n\u0131n ve bayramlar\u0131n sesli duyuru arac\u0131 olarak g\u00fczel bir gelene\u011fi 1980&#8217;lere kadar s\u00fcrd\u00fcren Kale&#8217;deki tarih\u00ee topun 90 y\u0131l \u00f6nce bir g\u00f6revi daha yerine getirdi\u011fi s\u0131rada topu patlatmakla g\u00f6revli Top\u00e7u Mehmet \u00c7avu\u015f&#8217;un \u00f6l\u00fcm\u00fcne sebep oldu\u011funu bilip duyan\u0131m\u0131z pek kalmam\u0131\u015ft\u0131r hayatta&#8230; \u00d6zellikle Ramazan g\u00fcnleri iftar ve sahur vakitlerinde t\u00fcm K\u0131r\u015fehirlilerin ilgi oda\u011f\u0131 haline gelen tarih\u00ee topun K\u0131r\u015fehir&#8217;e nereden ve nas\u0131l geldi\u011fi konusunda kimsenin bir bildi\u011fi yok. Kendimi bildim bileli Kale&#8217;de Ramazan aylar\u0131nda ve mill\u00ee bayramlarda olmak \u00fczere y\u0131lda yakla\u015f\u0131k yetmi\u015f kere patlat\u0131ld\u0131ktan sonra emekliye ayr\u0131larak g\u00fcn\u00fcm\u00fcze gelen top Kale Ortaokulu&#8217;nda okumu\u015f olan bizlerin de belleklerinden silinmemi\u015ftir. \u00dczerinde g\u00f6r\u00fcp inceledi\u011fim, sonradan k\u0131r\u0131las\u0131 tahripk\u00e2r eller taraf\u0131ndan s\u00f6k\u00fclerek al\u0131nm\u0131\u015f olan sar\u0131 madenden yap\u0131lm\u0131\u015f orijinal k\u00fcnyesinde Alman sil\u00e2h ve otomotiv sanayiinin d\u00fcnyaca \u00fcnl\u00fc ismi, birinci ve ikinci d\u00fcnya sava\u015flar\u0131nda da t\u00fcm Almanya&#8217;n\u0131n sil\u00e2h ve ara\u00e7lar\u0131n\u0131 \u00fcreten Alfried Krupp&#8217;un fabrikalar\u0131nda 1876 y\u0131l\u0131nda \u00fcretildi\u011fi yaz\u0131l\u0131yd\u0131. Buna g\u00f6re top 150 y\u0131ldan fazla bir tarihe sahipti. \u0130\u015fte bu top bundan 90 y\u0131l \u00f6nce bu kez Mustafa Kemal Atat\u00fcrk&#8217;\u00fcn yeniden cumhurba\u015fkan\u0131 se\u00e7ilmesini kutlamak i\u00e7in patlat\u0131l\u0131rken top\u00e7umuzun da hayat\u0131na malolmu\u015ftu.<\/p>\n<p><strong>TOP\u00c7ULUK MEHMET \u00c7AVU\u015e&#8217;UN KADER\u0130YD\u0130<\/strong><\/p>\n<p>1994 y\u0131l\u0131nda 69 ya\u015f\u0131nda olan, bug\u00fcn hayatta olmayan Halk Bankas\u0131 M\u00fcd\u00fcrl\u00fc\u011f\u00fc&#8217;nden emekli Ramazan Top\u00e7uo\u011flu babas\u0131 Mehmet \u00c7avu\u015f&#8217;un topu patlatt\u0131\u011f\u0131 s\u0131rada nas\u0131l par\u00e7aland\u0131\u011f\u0131n\u0131 anlat\u0131rken 9 ya\u015f\u0131nda yetim kalman\u0131n ac\u0131s\u0131n\u0131 da ya\u015f\u0131yordu. Balkan, d\u00fcnya ve kurtulu\u015f sava\u015flar\u0131na kat\u0131lan ve 10 y\u0131ldan fazla \u00e7e\u015fitli cephelerde sava\u015fan top\u00e7u Mehmet \u00c7avu\u015f terhis olup memleketine d\u00f6nd\u00fckten sonra da top\u00e7uluk yakas\u0131n\u0131 b\u0131rakmam\u0131\u015ft\u0131. Kale&#8217;deki topu atmak i\u00e7in top\u00e7u aran\u0131rken akla hemen o gelmi\u015f ve kendisi de bu i\u015fi seve seve kabul etmi\u015fti. Bir s\u00fcre \u00e7ift\u00e7ilikle u\u011fra\u015ft\u0131ktan sonra at arabas\u0131yla \u00e7\u00f6p toplayarak ge\u00e7imini sa\u011flamaya \u00e7al\u0131\u015fan Mehmet \u00c7avu\u015f Ramazan ve bayram g\u00fcnlerinde att\u0131\u011f\u0131 toplarla daha da \u00fcnlenmi\u015fti. \u00d6l\u00fcm\u00fcn\u00fcn top y\u00fcz\u00fcnden olaca\u011f\u0131n\u0131 kim bilebilirdi dersiniz, l\u00e2kin Mehmet \u00c7avu\u015f bilmi\u015fti.<\/p>\n<p><strong>\u201cBU \u0130\u015e BEN\u0130M SONUM OLACAK!\u201d<\/strong><\/p>\n<p>Mehmet \u00c7avu\u015f&#8217;un o\u011flu Ramazan Top\u00e7uo\u011flu&#8217;nun 1990&#8217;l\u0131 y\u0131llarda bana anlatt\u0131klar\u0131na g\u00f6re 1935 y\u0131l\u0131nda Atat\u00fcrk&#8217;\u00fcn yeniden cumhurba\u015fkan\u0131 se\u00e7ilmesi b\u00fct\u00fcn yurtta 33 p\u00e2re top at\u0131\u015f\u0131 yap\u0131larak kutlanacakt\u0131. K\u0131r\u015fehir&#8217;e yeni atanan Vali Mithat Saylam da Ankara&#8217;dan gelen emrin yerine getirilmesini Belediye Ba\u015fkan\u0131 Turgut \u00c7opuro\u011flu&#8217;ndan istedi. Tabi\u00ee ki bu i\u015fi de Mehmet \u00c7avu\u015f&#8217;tan ba\u015fka yapacak kimse yoktu. Ama Mehmet \u00c7avu\u015f buna bir t\u00fcrl\u00fc yana\u015fm\u0131yordu. \u00c7\u00fcnk\u00fc \u00f6lece\u011fi sanki i\u00e7ine do\u011fmu\u015ftu. Hatt\u00e2 r\u00fcyas\u0131n\u0131 bile g\u00f6rm\u00fc\u015ft\u00fc. Topu atmamak i\u00e7in \u00e7ok direndi. \u201cNe olur, bu i\u015fi bana yapt\u0131rmay\u0131n. Bu benim sonum olacak\u201d diye yalvar\u0131p yakard\u0131. Sonunda topu atmay\u0131 kabullenmek zorunda kald\u0131.<br \/>\nO g\u00fcn sabah erkenden kalkt\u0131. Kar\u0131lar\u0131 Emine ve Keziban kad\u0131nlar ile 7-10 ya\u015flar\u0131ndaki o\u011fullar\u0131 Mustafa, Ramazan ve Arif&#8217;i kar\u015f\u0131s\u0131na oturttu. \u201cBen gidiyorum, bir daha da d\u00f6nemem. Hakk\u0131n\u0131z\u0131 hel\u00e2l edin\u201d dedi. Haz\u0131rlatt\u0131\u011f\u0131 \u201canam-babam \u00e7orbas\u0131\u201dn\u0131 hep birlikte i\u00e7tiler. Sonra vedala\u015f\u0131p kendisini almaya gelen \u00c7ar\u015f\u0131 K\u00e2hyas\u0131 Mehmet \u00c7avu\u015f (Akdo\u011fan)&#8217;la evden ayr\u0131ld\u0131.<\/p>\n<p><strong>12&#8217;NC\u0130 P\u00c2REY\u0130 ATE\u015eLED\u0130\u011e\u0130NDE HER \u015eEY B\u0130TM\u0130\u015eT\u0130<\/strong><\/p>\n<p>Ba\u015f\u0131na gelecekleri \u00f6nceden hissetmi\u015f olan Mehmet \u00c7avu\u015f Kale&#8217;ye \u00e7\u0131kt\u0131 ve istemeye istemeye topun ba\u015f\u0131na ge\u00e7ti. Haz\u0131rlanan barut ve pa\u00e7avralar\u0131 namlunun a\u011fz\u0131ndan s\u0131r\u0131kla tepip gerisindeki delikten ate\u015fleyerek topu birbiri ard\u0131na patlatmaya ba\u015flad\u0131. Bir, iki, \u00fc\u00e7&#8230; dokuz, on, onbir&#8230; derken s\u0131ra 12&#8217;nci p\u00e2reyi atmaya gelmi\u015fti. Mehmet \u00c7avu\u015f bir kez daha doldurdu\u011fu topu ve namlunun a\u011fz\u0131na yerle\u015ftirdi\u011fi barut ve pa\u00e7avralar\u0131 s\u0131r\u0131kla s\u0131k\u0131\u015ft\u0131rmaya ba\u015flad\u0131. Namlunun i\u00e7inde s\u0131r\u0131\u011f\u0131 ileri-geri hareket ettirdi\u011fi s\u0131rada korktu\u011fu ba\u015f\u0131na geldi. So\u011fumam\u0131\u015f namlunun s\u0131cakl\u0131\u011f\u0131ndan etkilenen barutun ate\u015f almas\u0131yla beklenen oldu ve top birden patlad\u0131. Topu doldurmakta kullan\u0131lan s\u0131r\u0131k ikiye b\u00f6l\u00fcnd\u00fc, yar\u0131s\u0131 Mehmet \u00c7avu\u015f&#8217;un kolunu par\u00e7alay\u0131p boynuna saplan\u0131rken di\u011fer yar\u0131s\u0131 da Kale&#8217;nin a\u015fa\u011f\u0131s\u0131ndaki H\u00fck\u00fbmet Kona\u011f\u0131&#8217;na kadar bir m\u0131zrak gibi u\u00e7arak valinin oturdu\u011fu odan\u0131n \u00fcst\u00fcndeki \u00e7at\u0131ya saplan\u0131p kald\u0131. Bu s\u0131r\u0131k par\u00e7as\u0131n\u0131n \u00e7at\u0131ya saplanm\u0131\u015f halde iki y\u0131l kald\u0131\u011f\u0131 halk aras\u0131nda tevat\u00fcren s\u00f6ylenegelmi\u015fti.<\/p>\n<p><img loading=\"lazy\" decoding=\"async\" class=\"alignnone size-full wp-image-763\" src=\"https:\/\/www.kirsehirses.com\/wp-content\/uploads\/2025\/11\/tarihi_kalemizdeki_top_ve_hikyesi_h99510_eb6f5.webp\" alt=\"\" width=\"1280\" height=\"720\" srcset=\"https:\/\/www.kirsehirses.com\/wp-content\/uploads\/2025\/11\/tarihi_kalemizdeki_top_ve_hikyesi_h99510_eb6f5.webp 1280w, https:\/\/www.kirsehirses.com\/wp-content\/uploads\/2025\/11\/tarihi_kalemizdeki_top_ve_hikyesi_h99510_eb6f5-300x169.webp 300w, https:\/\/www.kirsehirses.com\/wp-content\/uploads\/2025\/11\/tarihi_kalemizdeki_top_ve_hikyesi_h99510_eb6f5-1024x576.webp 1024w, https:\/\/www.kirsehirses.com\/wp-content\/uploads\/2025\/11\/tarihi_kalemizdeki_top_ve_hikyesi_h99510_eb6f5-768x432.webp 768w\" sizes=\"auto, (max-width: 1280px) 100vw, 1280px\" \/><\/p>\n<p><strong>\u0130K\u0130 KADINLA \u00dc\u00c7 \u00c7OCU\u011eUN \u00c7EKT\u0130KLER\u0130 \u00c7\u0130LE<\/strong><\/p>\n<p>A\u011f\u0131r yaralanan Mehmet \u00c7avu\u015f hemen hastaneye kald\u0131r\u0131ld\u0131. S\u0131r\u0131\u011f\u0131n par\u00e7alad\u0131\u011f\u0131 kolu kesildi, fakat akan kan durdurulamay\u0131nca birka\u00e7 saat sonra kan kayb\u0131ndan \u00f6ld\u00fc. Zoraki top\u00e7uluk Mehmet \u00c7avu\u015f&#8217;un 45 ya\u015f\u0131nda hayat\u0131na malolmu\u015ftu. Kitab\u0131na uydurularak d\u00fczenlenen \u00f6l\u00fcm raporuyla olay kapat\u0131ld\u0131 ve bir s\u00fcre sonra da unutulup gitti.<br \/>\nMehmet \u00c7avu\u015f&#8217;un \u00f6l\u00fcm\u00fcnden sonra \u00fc\u00e7 \u00e7ocukla gen\u00e7 ya\u015fta dul kalan Emine ve Keziban kad\u0131nlar bir daha da evlenmediler ve \u00e7e\u015fitli s\u0131k\u0131nt\u0131lara g\u00f6\u011f\u00fcs gererek \u00e7ocuklar\u0131n\u0131 b\u00fcy\u00fctt\u00fcler. Mehmet \u00c7avu\u015f&#8217;un b\u00fcy\u00fck o\u011flu Arif babas\u0131n\u0131n diyeti olarak Belediye&#8217;ye al\u0131nd\u0131ysa da birka\u00e7 y\u0131l \u00e7al\u0131\u015ft\u0131ktan sonra gelen m\u00fcfetti\u015fin raporu \u00fczerine 18 ya\u015f\u0131ndan k\u00fc\u00e7\u00fck oldu\u011fu gerek\u00e7esiyle i\u015ften \u00e7\u0131kar\u0131ld\u0131. Mehmet \u00c7avu\u015f&#8217;un geride b\u0131rakt\u0131\u011f\u0131 iki kar\u0131s\u0131 ve \u00fc\u00e7 \u00e7ocu\u011funa yard\u0131m elini uzatan olmad\u0131. Kimseden hesap soran da \u00e7\u0131kmad\u0131. Devir tek parti devriydi. Top\u00e7u Mehmet \u00c7avu\u015f&#8217;un arkas\u0131nda kalanlar\u0131na b\u0131rakt\u0131\u011f\u0131 tek miras \u201cTop\u00e7uo\u011flu\u201d soyad\u0131 olmu\u015ftu.<br \/>\n\u015e\u00f6yle, ya da b\u00f6yle Mehmet \u00c7avu\u015f zorla yapt\u0131r\u0131ld\u0131\u011f\u0131 bir g\u00f6rev sonucu hayat\u0131n\u0131 kaybetmi\u015f, daha do\u011frusu g\u00f6rev \u015fehidi olmu\u015ftur.<br \/>\nO g\u00fcnden bu g\u00fcne aradan 90 y\u0131l ge\u00e7ti. Ailesinden hayatta kalan var m\u0131d\u0131r, varsa kimlerdir, nerededirler, bilmiyorum. Emekli banka m\u00fcd\u00fcr\u00fc olan o\u011flu Ramazan Top\u00e7uo\u011flu&#8217;ndan uzun y\u0131llar \u00f6nce dinledi\u011fim olay\u0131 okurlar\u0131m\u0131za aktarmakla K\u0131r\u015fehirli olarak tarih\u00ee bir g\u00f6rev yapt\u0131\u011f\u0131m\u0131za inan\u0131yorum. Tarihin karanl\u0131\u011f\u0131na g\u00f6m\u00fclm\u00fc\u015f olaylar\u0131n ger\u00e7ek y\u00fcz\u00fcn\u00fc ortaya koyarken esas ald\u0131\u011f\u0131m de\u011fer \u00f6l\u00e7\u00fcs\u00fc K\u0131r\u015fehir&#8217;le ilgili ac\u0131-tatl\u0131 hi\u00e7bir \u015feyin kaybolup gitmemesi, her \u015feyin yaz\u0131ya d\u00f6k\u00fclerek kal\u0131c\u0131l\u0131\u011f\u0131n\u0131n sa\u011flanmas\u0131 ve tarihe emanet edilmesidir. Zaten b\u00f6yle yaz\u0131lar\u0131m\u0131z\u0131n ilgi ve heyecan i\u00e7inde okunmas\u0131 da izledi\u011fimiz yolun ne kadar isabetli oldu\u011funu ortaya koymaktad\u0131r.<\/p>\n<p>Dursun Yast\u0131man<\/p>\n","protected":false},"excerpt":{"rendered":"<p>Mehmet \u00c7avu\u015f Kale\u2019deki Top\u2019un Kurban\u0131 Oldu K\u0131r\u015fehir&#8217;de Ramazan aylar\u0131n\u0131n ve bayramlar\u0131n sesli duyuru arac\u0131 olarak g\u00fczel bir gelene\u011fi 1980&#8217;lere kadar s\u00fcrd\u00fcren Kale&#8217;deki tarih\u00ee topun 90 y\u0131l \u00f6nce bir g\u00f6revi daha yerine getirdi\u011fi s\u0131rada topu patlatmakla g\u00f6revli Top\u00e7u Mehmet \u00c7avu\u015f&#8217;un \u00f6l\u00fcm\u00fcne sebep oldu\u011funu bilip duyan\u0131m\u0131z pek kalmam\u0131\u015ft\u0131r hayatta&#8230; \u00d6zellikle Ramazan g\u00fcnleri iftar ve sahur vakitlerinde t\u00fcm [&hellip;]<\/p>\n","protected":false},"author":1,"featured_media":771,"comment_status":"open","ping_status":"open","sticky":false,"template":"","format":"standard","meta":{"footnotes":""},"categories":[8],"tags":[],"class_list":["post-762","post","type-post","status-publish","format-standard","has-post-thumbnail","hentry","category-kirsehir"],"_links":{"self":[{"href":"https:\/\/www.kirsehirses.com\/index.php\/wp-json\/wp\/v2\/posts\/762","targetHints":{"allow":["GET"]}}],"collection":[{"href":"https:\/\/www.kirsehirses.com\/index.php\/wp-json\/wp\/v2\/posts"}],"about":[{"href":"https:\/\/www.kirsehirses.com\/index.php\/wp-json\/wp\/v2\/types\/post"}],"author":[{"embeddable":true,"href":"https:\/\/www.kirsehirses.com\/index.php\/wp-json\/wp\/v2\/users\/1"}],"replies":[{"embeddable":true,"href":"https:\/\/www.kirsehirses.com\/index.php\/wp-json\/wp\/v2\/comments?post=762"}],"version-history":[{"count":3,"href":"https:\/\/www.kirsehirses.com\/index.php\/wp-json\/wp\/v2\/posts\/762\/revisions"}],"predecessor-version":[{"id":770,"href":"https:\/\/www.kirsehirses.com\/index.php\/wp-json\/wp\/v2\/posts\/762\/revisions\/770"}],"wp:featuredmedia":[{"embeddable":true,"href":"https:\/\/www.kirsehirses.com\/index.php\/wp-json\/wp\/v2\/media\/771"}],"wp:attachment":[{"href":"https:\/\/www.kirsehirses.com\/index.php\/wp-json\/wp\/v2\/media?parent=762"}],"wp:term":[{"taxonomy":"category","embeddable":true,"href":"https:\/\/www.kirsehirses.com\/index.php\/wp-json\/wp\/v2\/categories?post=762"},{"taxonomy":"post_tag","embeddable":true,"href":"https:\/\/www.kirsehirses.com\/index.php\/wp-json\/wp\/v2\/tags?post=762"}],"curies":[{"name":"wp","href":"https:\/\/api.w.org\/{rel}","templated":true}]}}