{"id":772,"date":"2025-11-10T02:07:24","date_gmt":"2025-11-09T23:07:24","guid":{"rendered":"https:\/\/www.kirsehirses.com\/?p=772"},"modified":"2025-11-10T02:07:24","modified_gmt":"2025-11-09T23:07:24","slug":"kirsehirde-sehitlerin-hatirasi-fidanlarla-yasatildi","status":"publish","type":"post","link":"https:\/\/www.kirsehirses.com\/index.php\/2025\/11\/10\/kirsehirde-sehitlerin-hatirasi-fidanlarla-yasatildi\/","title":{"rendered":"K\u0131r\u015fehir\u2019de \u015eehitlerin Hat\u0131ras\u0131 Fidanlarla Ya\u015fat\u0131ld\u0131"},"content":{"rendered":"<h2 data-start=\"126\" data-end=\"185\"><strong data-start=\"129\" data-end=\"185\">K\u0131r\u015fehir\u2019de \u015eehitlerin Hat\u0131ras\u0131 Fidanlarla Ya\u015fat\u0131ld\u0131<\/strong><\/h2>\n<p data-start=\"187\" data-end=\"384\">K\u0131r\u015fehir \u0130l Emniyet M\u00fcd\u00fcrl\u00fc\u011f\u00fc taraf\u0131ndan y\u00fcr\u00fct\u00fclen <strong data-start=\"238\" data-end=\"303\">\u201c\u015eehitlerimiz \u0130\u00e7in Her Bir Fidan, Gelece\u011fimiz \u0130\u00e7in Bin Nefes\u201d<\/strong> projesi kapsam\u0131nda A\u015f\u0131kpa\u015fa Tabiat Park\u0131\u2019nda fidan dikim etkinli\u011fi d\u00fczenlendi.<\/p>\n<p data-start=\"386\" data-end=\"653\">Etkinli\u011fe <strong data-start=\"396\" data-end=\"441\">K\u0131r\u015fehir Vali Yard\u0131mc\u0131s\u0131 \u0130smail \u00c7etinkaya<\/strong>, <strong data-start=\"443\" data-end=\"477\">\u0130l Emniyet M\u00fcd\u00fcr\u00fc Mesut G\u00f6r\u00fcc\u00fc<\/strong>, <strong data-start=\"479\" data-end=\"533\">\u0130l Jandarma Komutan\u0131 Jandarma Albay Ahmet Y\u0131ld\u0131r\u0131m<\/strong>, <strong data-start=\"535\" data-end=\"585\">K\u0131r\u015fehir Belediye Ba\u015fkan\u0131 Selahattin Ekicio\u011flu<\/strong>, \u015fehit aileleri, gaziler ve emniyet te\u015fkilat\u0131 mensuplar\u0131 kat\u0131ld\u0131.<\/p>\n<p data-start=\"655\" data-end=\"857\">Fidanlar, \u015fehitlerin aziz hat\u0131ralar\u0131n\u0131 ya\u015fatmak ve \u00e7evre bilincine katk\u0131 sunmak amac\u0131yla toprakla bulu\u015fturuldu. Kat\u0131l\u0131mc\u0131lar, etkinlikte hem do\u011faya nefes verdi hem de birlik ve dayan\u0131\u015fma mesaj\u0131 verdi.<\/p>\n<p data-start=\"859\" data-end=\"1124\">K\u0131r\u015fehir \u0130l Emniyet M\u00fcd\u00fcrl\u00fc\u011f\u00fc taraf\u0131ndan yap\u0131lan a\u00e7\u0131klamada, \u201cProjemiz kapsam\u0131nda A\u015f\u0131kpa\u015fa Tabiat Park\u0131\u2019nda \u015fehit ailelerimiz, gazilerimiz ve te\u015fkilat mensuplar\u0131m\u0131zla bir araya geldik. Her bir fidan, gelece\u011fimiz i\u00e7in umut ve nefes niteli\u011fi ta\u015f\u0131maktad\u0131r.\u201d denildi.<\/p>\n<p data-start=\"1403\" data-end=\"1555\">A\u015f\u0131kpa\u015fa Tabiat Park\u0131\u2019nda ger\u00e7ekle\u015ftirilen etkinlikte dikilen her fidan, hem \u015fehitlerin hat\u0131ras\u0131n\u0131 ya\u015fatacak hem de K\u0131r\u015fehir\u2019in ye\u015filine nefes olacak.<\/p>\n","protected":false},"excerpt":{"rendered":"<p>K\u0131r\u015fehir\u2019de \u015eehitlerin Hat\u0131ras\u0131 Fidanlarla Ya\u015fat\u0131ld\u0131 K\u0131r\u015fehir \u0130l Emniyet M\u00fcd\u00fcrl\u00fc\u011f\u00fc taraf\u0131ndan y\u00fcr\u00fct\u00fclen \u201c\u015eehitlerimiz \u0130\u00e7in Her Bir Fidan, Gelece\u011fimiz \u0130\u00e7in Bin Nefes\u201d projesi kapsam\u0131nda A\u015f\u0131kpa\u015fa Tabiat Park\u0131\u2019nda fidan dikim etkinli\u011fi d\u00fczenlendi. Etkinli\u011fe K\u0131r\u015fehir Vali Yard\u0131mc\u0131s\u0131 \u0130smail \u00c7etinkaya, \u0130l Emniyet M\u00fcd\u00fcr\u00fc Mesut G\u00f6r\u00fcc\u00fc, \u0130l Jandarma Komutan\u0131 Jandarma Albay Ahmet Y\u0131ld\u0131r\u0131m, K\u0131r\u015fehir Belediye Ba\u015fkan\u0131 Selahattin Ekicio\u011flu, \u015fehit aileleri, gaziler [&hellip;]<\/p>\n","protected":false},"author":1,"featured_media":773,"comment_status":"open","ping_status":"open","sticky":false,"template":"","format":"standard","meta":{"footnotes":""},"categories":[8],"tags":[],"class_list":["post-772","post","type-post","status-publish","format-standard","has-post-thumbnail","hentry","category-kirsehir"],"_links":{"self":[{"href":"https:\/\/www.kirsehirses.com\/index.php\/wp-json\/wp\/v2\/posts\/772","targetHints":{"allow":["GET"]}}],"collection":[{"href":"https:\/\/www.kirsehirses.com\/index.php\/wp-json\/wp\/v2\/posts"}],"about":[{"href":"https:\/\/www.kirsehirses.com\/index.php\/wp-json\/wp\/v2\/types\/post"}],"author":[{"embeddable":true,"href":"https:\/\/www.kirsehirses.com\/index.php\/wp-json\/wp\/v2\/users\/1"}],"replies":[{"embeddable":true,"href":"https:\/\/www.kirsehirses.com\/index.php\/wp-json\/wp\/v2\/comments?post=772"}],"version-history":[{"count":1,"href":"https:\/\/www.kirsehirses.com\/index.php\/wp-json\/wp\/v2\/posts\/772\/revisions"}],"predecessor-version":[{"id":774,"href":"https:\/\/www.kirsehirses.com\/index.php\/wp-json\/wp\/v2\/posts\/772\/revisions\/774"}],"wp:featuredmedia":[{"embeddable":true,"href":"https:\/\/www.kirsehirses.com\/index.php\/wp-json\/wp\/v2\/media\/773"}],"wp:attachment":[{"href":"https:\/\/www.kirsehirses.com\/index.php\/wp-json\/wp\/v2\/media?parent=772"}],"wp:term":[{"taxonomy":"category","embeddable":true,"href":"https:\/\/www.kirsehirses.com\/index.php\/wp-json\/wp\/v2\/categories?post=772"},{"taxonomy":"post_tag","embeddable":true,"href":"https:\/\/www.kirsehirses.com\/index.php\/wp-json\/wp\/v2\/tags?post=772"}],"curies":[{"name":"wp","href":"https:\/\/api.w.org\/{rel}","templated":true}]}}