{"id":775,"date":"2025-11-10T02:10:15","date_gmt":"2025-11-09T23:10:15","guid":{"rendered":"https:\/\/www.kirsehirses.com\/?p=775"},"modified":"2025-11-10T02:10:15","modified_gmt":"2025-11-09T23:10:15","slug":"kirsehirde-trafik-kazasi-mudahalesinde-aranan-sahis-yakalandi","status":"publish","type":"post","link":"https:\/\/www.kirsehirses.com\/index.php\/2025\/11\/10\/kirsehirde-trafik-kazasi-mudahalesinde-aranan-sahis-yakalandi\/","title":{"rendered":"K\u0131r\u015fehir\u2019de Trafik Kazas\u0131 M\u00fcdahalesinde Aranan \u015eah\u0131s Yakaland\u0131"},"content":{"rendered":"<h2 data-start=\"111\" data-end=\"180\"><strong data-start=\"114\" data-end=\"180\">K\u0131r\u015fehir\u2019de Trafik Kazas\u0131 M\u00fcdahalesinde Aranan \u015eah\u0131s Yakaland\u0131<\/strong><\/h2>\n<p data-start=\"182\" data-end=\"308\">K\u0131r\u015fehir \u0130l Jandarma Komutanl\u0131\u011f\u0131 ekipleri, trafik kazas\u0131na m\u00fcdahale ettikleri s\u0131rada arama kayd\u0131 bulunan bir \u015fahs\u0131 yakalad\u0131.<\/p>\n<p data-start=\"310\" data-end=\"742\">Edinilen bilgiye g\u00f6re, meydana gelen trafik kazas\u0131 olay\u0131na m\u00fcdahale eden jandarma ekipleri, ara\u00e7ta bulunan bir ki\u015finin \u015f\u00fcpheli hareketler sergilemesi ve kimlik beyan\u0131nda zorluk \u00e7\u0131karmas\u0131 \u00fczerine ara\u015ft\u0131rma ba\u015flatt\u0131. Yap\u0131lan inceleme sonucunda, <strong data-start=\"553\" data-end=\"561\">S.A.<\/strong> isimli \u015fahs\u0131n <strong data-start=\"576\" data-end=\"677\">\u201cKullanmak i\u00e7in uyu\u015fturucu veya uyar\u0131c\u0131 madde sat\u0131n almak, kabul etmek, bulundurmak ve kullanmak\u201d<\/strong> su\u00e7undan <strong data-start=\"687\" data-end=\"715\">10 y\u0131l 2 ay hapis cezas\u0131<\/strong> ile arand\u0131\u011f\u0131 belirlendi.<\/p>\n<p data-start=\"744\" data-end=\"839\">\u015e\u00fcpheli, i\u015flemlerinin ard\u0131ndan <strong data-start=\"775\" data-end=\"822\">K\u0131r\u015fehir Y Tipi Kapal\u0131 Ceza \u0130nfaz Kurumu\u2019na<\/strong> teslim edildi.<\/p>\n<p data-start=\"841\" data-end=\"1001\">K\u0131r\u015fehir \u0130l Jandarma Komutanl\u0131\u011f\u0131, kamu g\u00fcvenli\u011fini sa\u011flama ve su\u00e7lular\u0131n adalete teslim edilmesi y\u00f6n\u00fcndeki \u00e7al\u0131\u015fmalar\u0131n kararl\u0131l\u0131kla s\u00fcrd\u00fcr\u00fclece\u011fini bildirdi.<\/p>\n","protected":false},"excerpt":{"rendered":"<p>K\u0131r\u015fehir\u2019de Trafik Kazas\u0131 M\u00fcdahalesinde Aranan \u015eah\u0131s Yakaland\u0131 K\u0131r\u015fehir \u0130l Jandarma Komutanl\u0131\u011f\u0131 ekipleri, trafik kazas\u0131na m\u00fcdahale ettikleri s\u0131rada arama kayd\u0131 bulunan bir \u015fahs\u0131 yakalad\u0131. Edinilen bilgiye g\u00f6re, meydana gelen trafik kazas\u0131 olay\u0131na m\u00fcdahale eden jandarma ekipleri, ara\u00e7ta bulunan bir ki\u015finin \u015f\u00fcpheli hareketler sergilemesi ve kimlik beyan\u0131nda zorluk \u00e7\u0131karmas\u0131 \u00fczerine ara\u015ft\u0131rma ba\u015flatt\u0131. Yap\u0131lan inceleme sonucunda, S.A. isimli [&hellip;]<\/p>\n","protected":false},"author":1,"featured_media":776,"comment_status":"open","ping_status":"open","sticky":false,"template":"","format":"standard","meta":{"footnotes":""},"categories":[8],"tags":[],"class_list":["post-775","post","type-post","status-publish","format-standard","has-post-thumbnail","hentry","category-kirsehir"],"_links":{"self":[{"href":"https:\/\/www.kirsehirses.com\/index.php\/wp-json\/wp\/v2\/posts\/775","targetHints":{"allow":["GET"]}}],"collection":[{"href":"https:\/\/www.kirsehirses.com\/index.php\/wp-json\/wp\/v2\/posts"}],"about":[{"href":"https:\/\/www.kirsehirses.com\/index.php\/wp-json\/wp\/v2\/types\/post"}],"author":[{"embeddable":true,"href":"https:\/\/www.kirsehirses.com\/index.php\/wp-json\/wp\/v2\/users\/1"}],"replies":[{"embeddable":true,"href":"https:\/\/www.kirsehirses.com\/index.php\/wp-json\/wp\/v2\/comments?post=775"}],"version-history":[{"count":1,"href":"https:\/\/www.kirsehirses.com\/index.php\/wp-json\/wp\/v2\/posts\/775\/revisions"}],"predecessor-version":[{"id":777,"href":"https:\/\/www.kirsehirses.com\/index.php\/wp-json\/wp\/v2\/posts\/775\/revisions\/777"}],"wp:featuredmedia":[{"embeddable":true,"href":"https:\/\/www.kirsehirses.com\/index.php\/wp-json\/wp\/v2\/media\/776"}],"wp:attachment":[{"href":"https:\/\/www.kirsehirses.com\/index.php\/wp-json\/wp\/v2\/media?parent=775"}],"wp:term":[{"taxonomy":"category","embeddable":true,"href":"https:\/\/www.kirsehirses.com\/index.php\/wp-json\/wp\/v2\/categories?post=775"},{"taxonomy":"post_tag","embeddable":true,"href":"https:\/\/www.kirsehirses.com\/index.php\/wp-json\/wp\/v2\/tags?post=775"}],"curies":[{"name":"wp","href":"https:\/\/api.w.org\/{rel}","templated":true}]}}