{"id":778,"date":"2025-11-10T02:14:37","date_gmt":"2025-11-09T23:14:37","guid":{"rendered":"https:\/\/www.kirsehirses.com\/?p=778"},"modified":"2025-11-10T02:14:37","modified_gmt":"2025-11-09T23:14:37","slug":"kirsehirde-bozkirin-abdallari-kooperatifi-kuruldu","status":"publish","type":"post","link":"https:\/\/www.kirsehirses.com\/index.php\/2025\/11\/10\/kirsehirde-bozkirin-abdallari-kooperatifi-kuruldu\/","title":{"rendered":"K\u0131r\u015fehir\u2019de Bozk\u0131r\u0131n Abdallar\u0131 Kooperatifi Kuruldu"},"content":{"rendered":"<h2 data-start=\"106\" data-end=\"163\"><strong data-start=\"109\" data-end=\"163\">K\u0131r\u015fehir\u2019de Bozk\u0131r\u0131n Abdallar\u0131 Kooperatifi Kuruldu<\/strong><\/h2>\n<p><img loading=\"lazy\" decoding=\"async\" class=\"alignnone size-full wp-image-779\" src=\"https:\/\/www.kirsehirses.com\/wp-content\/uploads\/2025\/11\/Ekran-goruntusu-2025-11-10-021330.png\" alt=\"\" width=\"680\" height=\"347\" srcset=\"https:\/\/www.kirsehirses.com\/wp-content\/uploads\/2025\/11\/Ekran-goruntusu-2025-11-10-021330.png 680w, https:\/\/www.kirsehirses.com\/wp-content\/uploads\/2025\/11\/Ekran-goruntusu-2025-11-10-021330-300x153.png 300w\" sizes=\"auto, (max-width: 680px) 100vw, 680px\" \/><\/p>\n<p data-start=\"165\" data-end=\"345\">K\u0131r\u015fehir Valili\u011fi\u2019nin destekleriyle kurulan <strong data-start=\"209\" data-end=\"259\">S\u0131n\u0131rl\u0131 Sorumlu Bozk\u0131r\u0131n Abdallar\u0131 Kooperatifi<\/strong>, T\u00fcrkmen Abdal gelene\u011finin ya\u015fat\u0131lmas\u0131 ve tan\u0131t\u0131lmas\u0131na katk\u0131 sa\u011flamay\u0131 hedefliyor.<\/p>\n<p data-start=\"347\" data-end=\"533\">K\u00fclt\u00fcrel miras\u0131n korunmas\u0131 amac\u0131yla kurulan kooperatifin, K\u0131r\u015fehir\u2019in m\u00fczik alan\u0131nda sahip oldu\u011fu zengin gelene\u011fi yeni ku\u015faklara aktarma konusunda \u00f6nemli bir rol \u00fcstlenmesi bekleniyor.<\/p>\n<p data-start=\"535\" data-end=\"797\">UNESCO Yarat\u0131c\u0131 \u015eehirler A\u011f\u0131\u2019nda m\u00fczik alan\u0131nda yer alan K\u0131r\u015fehir\u2019de, bozlak ve t\u00fcrk\u00fc gelene\u011fini s\u00fcrd\u00fcren yerel sanat\u00e7\u0131lara y\u00f6nelik projeler haz\u0131rlanaca\u011f\u0131 bildirildi. Bu projelerle, mahalli sanat\u00e7\u0131lar\u0131n sanatlar\u0131n\u0131 icra etmelerine destek verilmesi ama\u00e7lan\u0131yor.<\/p>\n<p data-start=\"799\" data-end=\"976\">Kooperatifin kurulu\u015f s\u00fcreci vesilesiyle, <strong data-start=\"840\" data-end=\"896\">Hac\u0131 Ta\u015fan, \u00c7eki\u00e7 Ali, Muharrem Erta\u015f ve Ne\u015fet Erta\u015f<\/strong> gibi T\u00fcrkmen Abdal gelene\u011finin \u00f6nemli temsilcileri rahmet ve sayg\u0131yla an\u0131ld\u0131.<\/p>\n","protected":false},"excerpt":{"rendered":"<p>K\u0131r\u015fehir\u2019de Bozk\u0131r\u0131n Abdallar\u0131 Kooperatifi Kuruldu K\u0131r\u015fehir Valili\u011fi\u2019nin destekleriyle kurulan S\u0131n\u0131rl\u0131 Sorumlu Bozk\u0131r\u0131n Abdallar\u0131 Kooperatifi, T\u00fcrkmen Abdal gelene\u011finin ya\u015fat\u0131lmas\u0131 ve tan\u0131t\u0131lmas\u0131na katk\u0131 sa\u011flamay\u0131 hedefliyor. K\u00fclt\u00fcrel miras\u0131n korunmas\u0131 amac\u0131yla kurulan kooperatifin, K\u0131r\u015fehir\u2019in m\u00fczik alan\u0131nda sahip oldu\u011fu zengin gelene\u011fi yeni ku\u015faklara aktarma konusunda \u00f6nemli bir rol \u00fcstlenmesi bekleniyor. UNESCO Yarat\u0131c\u0131 \u015eehirler A\u011f\u0131\u2019nda m\u00fczik alan\u0131nda yer alan K\u0131r\u015fehir\u2019de, bozlak [&hellip;]<\/p>\n","protected":false},"author":1,"featured_media":780,"comment_status":"open","ping_status":"open","sticky":false,"template":"","format":"standard","meta":{"footnotes":""},"categories":[8],"tags":[],"class_list":["post-778","post","type-post","status-publish","format-standard","has-post-thumbnail","hentry","category-kirsehir"],"_links":{"self":[{"href":"https:\/\/www.kirsehirses.com\/index.php\/wp-json\/wp\/v2\/posts\/778","targetHints":{"allow":["GET"]}}],"collection":[{"href":"https:\/\/www.kirsehirses.com\/index.php\/wp-json\/wp\/v2\/posts"}],"about":[{"href":"https:\/\/www.kirsehirses.com\/index.php\/wp-json\/wp\/v2\/types\/post"}],"author":[{"embeddable":true,"href":"https:\/\/www.kirsehirses.com\/index.php\/wp-json\/wp\/v2\/users\/1"}],"replies":[{"embeddable":true,"href":"https:\/\/www.kirsehirses.com\/index.php\/wp-json\/wp\/v2\/comments?post=778"}],"version-history":[{"count":1,"href":"https:\/\/www.kirsehirses.com\/index.php\/wp-json\/wp\/v2\/posts\/778\/revisions"}],"predecessor-version":[{"id":781,"href":"https:\/\/www.kirsehirses.com\/index.php\/wp-json\/wp\/v2\/posts\/778\/revisions\/781"}],"wp:featuredmedia":[{"embeddable":true,"href":"https:\/\/www.kirsehirses.com\/index.php\/wp-json\/wp\/v2\/media\/780"}],"wp:attachment":[{"href":"https:\/\/www.kirsehirses.com\/index.php\/wp-json\/wp\/v2\/media?parent=778"}],"wp:term":[{"taxonomy":"category","embeddable":true,"href":"https:\/\/www.kirsehirses.com\/index.php\/wp-json\/wp\/v2\/categories?post=778"},{"taxonomy":"post_tag","embeddable":true,"href":"https:\/\/www.kirsehirses.com\/index.php\/wp-json\/wp\/v2\/tags?post=778"}],"curies":[{"name":"wp","href":"https:\/\/api.w.org\/{rel}","templated":true}]}}