{"id":782,"date":"2025-11-10T02:19:56","date_gmt":"2025-11-09T23:19:56","guid":{"rendered":"https:\/\/www.kirsehirses.com\/?p=782"},"modified":"2025-11-10T02:19:56","modified_gmt":"2025-11-09T23:19:56","slug":"cumhuriyetin-102-yilinda-kirsehirde-102-unite-kan-bagisi","status":"publish","type":"post","link":"https:\/\/www.kirsehirses.com\/index.php\/2025\/11\/10\/cumhuriyetin-102-yilinda-kirsehirde-102-unite-kan-bagisi\/","title":{"rendered":"Cumhuriyetin 102. Y\u0131l\u0131nda K\u0131r\u015fehir\u2019de 102 \u00dcnite Kan Ba\u011f\u0131\u015f\u0131"},"content":{"rendered":"<h3 data-start=\"94\" data-end=\"160\"><strong data-start=\"98\" data-end=\"160\">Cumhuriyetin 102. Y\u0131l\u0131nda K\u0131r\u015fehir\u2019de 102 \u00dcnite Kan Ba\u011f\u0131\u015f\u0131<\/strong><\/h3>\n<p data-start=\"162\" data-end=\"341\">Cumhuriyetin 102. y\u0131l\u0131 etkinlikleri kapsam\u0131nda, K\u0131r\u015fehir Valili\u011fi ile T\u00fcrk K\u0131z\u0131lay\u0131 i\u015f birli\u011finde Cacabey Meydan\u0131\u2019nda d\u00fczenlenen kan ba\u011f\u0131\u015f\u0131 kampanyas\u0131nda 102 \u00fcnite kan topland\u0131.<\/p>\n<p data-start=\"343\" data-end=\"517\">Kampanyaya kamu kurumlar\u0131nda g\u00f6revli personellerin yan\u0131 s\u0131ra \u00e7ok say\u0131da vatanda\u015f da kat\u0131l\u0131m g\u00f6sterdi. Etkinlik, TRT Haber\u2019de yer alarak ulusal bas\u0131nda da geni\u015f yank\u0131 buldu.<\/p>\n<p data-start=\"519\" data-end=\"658\">Kat\u0131l\u0131mc\u0131lar, kan ba\u011f\u0131\u015f\u0131n\u0131n sadece bir sa\u011fl\u0131k hizmeti de\u011fil, ayn\u0131 zamanda toplumsal dayan\u0131\u015fman\u0131n \u00f6nemli bir g\u00f6stergesi oldu\u011funu belirtti.<\/p>\n","protected":false},"excerpt":{"rendered":"<p>Cumhuriyetin 102. Y\u0131l\u0131nda K\u0131r\u015fehir\u2019de 102 \u00dcnite Kan Ba\u011f\u0131\u015f\u0131 Cumhuriyetin 102. y\u0131l\u0131 etkinlikleri kapsam\u0131nda, K\u0131r\u015fehir Valili\u011fi ile T\u00fcrk K\u0131z\u0131lay\u0131 i\u015f birli\u011finde Cacabey Meydan\u0131\u2019nda d\u00fczenlenen kan ba\u011f\u0131\u015f\u0131 kampanyas\u0131nda 102 \u00fcnite kan topland\u0131. Kampanyaya kamu kurumlar\u0131nda g\u00f6revli personellerin yan\u0131 s\u0131ra \u00e7ok say\u0131da vatanda\u015f da kat\u0131l\u0131m g\u00f6sterdi. Etkinlik, TRT Haber\u2019de yer alarak ulusal bas\u0131nda da geni\u015f yank\u0131 buldu. Kat\u0131l\u0131mc\u0131lar, [&hellip;]<\/p>\n","protected":false},"author":1,"featured_media":783,"comment_status":"open","ping_status":"open","sticky":false,"template":"","format":"standard","meta":{"footnotes":""},"categories":[8],"tags":[],"class_list":["post-782","post","type-post","status-publish","format-standard","has-post-thumbnail","hentry","category-kirsehir"],"_links":{"self":[{"href":"https:\/\/www.kirsehirses.com\/index.php\/wp-json\/wp\/v2\/posts\/782","targetHints":{"allow":["GET"]}}],"collection":[{"href":"https:\/\/www.kirsehirses.com\/index.php\/wp-json\/wp\/v2\/posts"}],"about":[{"href":"https:\/\/www.kirsehirses.com\/index.php\/wp-json\/wp\/v2\/types\/post"}],"author":[{"embeddable":true,"href":"https:\/\/www.kirsehirses.com\/index.php\/wp-json\/wp\/v2\/users\/1"}],"replies":[{"embeddable":true,"href":"https:\/\/www.kirsehirses.com\/index.php\/wp-json\/wp\/v2\/comments?post=782"}],"version-history":[{"count":1,"href":"https:\/\/www.kirsehirses.com\/index.php\/wp-json\/wp\/v2\/posts\/782\/revisions"}],"predecessor-version":[{"id":784,"href":"https:\/\/www.kirsehirses.com\/index.php\/wp-json\/wp\/v2\/posts\/782\/revisions\/784"}],"wp:featuredmedia":[{"embeddable":true,"href":"https:\/\/www.kirsehirses.com\/index.php\/wp-json\/wp\/v2\/media\/783"}],"wp:attachment":[{"href":"https:\/\/www.kirsehirses.com\/index.php\/wp-json\/wp\/v2\/media?parent=782"}],"wp:term":[{"taxonomy":"category","embeddable":true,"href":"https:\/\/www.kirsehirses.com\/index.php\/wp-json\/wp\/v2\/categories?post=782"},{"taxonomy":"post_tag","embeddable":true,"href":"https:\/\/www.kirsehirses.com\/index.php\/wp-json\/wp\/v2\/tags?post=782"}],"curies":[{"name":"wp","href":"https:\/\/api.w.org\/{rel}","templated":true}]}}