{"id":788,"date":"2025-11-10T02:24:26","date_gmt":"2025-11-09T23:24:26","guid":{"rendered":"https:\/\/www.kirsehirses.com\/?p=788"},"modified":"2025-11-10T02:24:26","modified_gmt":"2025-11-09T23:24:26","slug":"kirsehir-ahi-evran-universitesi-2025-surdurulebilirlik-raporu-yayimlandi","status":"publish","type":"post","link":"https:\/\/www.kirsehirses.com\/index.php\/2025\/11\/10\/kirsehir-ahi-evran-universitesi-2025-surdurulebilirlik-raporu-yayimlandi\/","title":{"rendered":"K\u0131r\u015fehir Ahi Evran \u00dcniversitesi 2025 S\u00fcrd\u00fcr\u00fclebilirlik Raporu Yay\u0131mland\u0131"},"content":{"rendered":"<h3 data-start=\"81\" data-end=\"159\">K\u0131r\u015fehir Ahi Evran \u00dcniversitesi 2025 S\u00fcrd\u00fcr\u00fclebilirlik Raporu Yay\u0131mland\u0131<\/h3>\n<p data-start=\"161\" data-end=\"454\">K\u0131r\u015fehir Ahi Evran \u00dcniversitesi, UI GreenMetric D\u00fcnya \u00dcniversiteleri S\u0131ralamas\u0131 hedefleri do\u011frultusunda s\u00fcrd\u00fcr\u00fclebilirlik \u00e7al\u0131\u015fmalar\u0131na ara vermeden devam ediyor. Bu kapsamda, \u00dcniversitemiz S\u00fcrd\u00fcr\u00fclebilirlik Koordinat\u00f6rl\u00fc\u011f\u00fc taraf\u0131ndan haz\u0131rlanan <strong data-start=\"407\" data-end=\"440\">2025 S\u00fcrd\u00fcr\u00fclebilirlik Raporu<\/strong> yay\u0131mland\u0131.<\/p>\n<p data-start=\"456\" data-end=\"826\">Raporda, \u00fcniversitenin Birle\u015fmi\u015f Milletler S\u00fcrd\u00fcr\u00fclebilir Kalk\u0131nma Ama\u00e7lar\u0131 ile uyumlu \u00e7al\u0131\u015fmalar y\u00fcr\u00fctt\u00fc\u011f\u00fc ve s\u00fcrd\u00fcr\u00fclebilir bir kamp\u00fcs anlay\u0131\u015f\u0131yla gelecek nesillere daha ya\u015fanabilir bir \u00e7evre b\u0131rakmay\u0131 hedefledi\u011fi vurgulan\u0131yor. Ocak 2025\u2019te kurulan <strong data-start=\"707\" data-end=\"744\">S\u00fcrd\u00fcr\u00fclebilirlik Koordinat\u00f6rl\u00fc\u011f\u00fc<\/strong>, \u00e7evre duyarl\u0131l\u0131\u011f\u0131n\u0131 art\u0131rmaya y\u00f6nelik projeler ve etkinlikler organize ediyor.<\/p>\n<p data-start=\"828\" data-end=\"1280\">2024 Aral\u0131k ay\u0131nda ba\u015flat\u0131lan <strong data-start=\"858\" data-end=\"892\">\u201cS\u0131f\u0131r At\u0131k \u0130\u00e7in Biz De Var\u0131z\u201d<\/strong> projesi kapsam\u0131nda \u00fcniversitede \u00e7e\u015fitli etkinlikler ger\u00e7ekle\u015ftirildi. Proje kapsam\u0131nda, hem \u00f6\u011frenciler hem de personel i\u00e7in <strong data-start=\"1017\" data-end=\"1057\">Bitkisel At\u0131k Ya\u011f Toplama Uygulamas\u0131<\/strong> hayata ge\u00e7irildi ve t\u00fcm akademik-idari birimlerde bilgilendirme toplant\u0131lar\u0131 d\u00fczenlendi. Kamp\u00fcste yerle\u015ftirilen ayr\u0131\u015ft\u0131rma kutular\u0131 sayesinde geri d\u00f6n\u00fc\u015f\u00fcm s\u00fcre\u00e7leri desteklenerek \u00e7evresel s\u00fcrd\u00fcr\u00fclebilirlik g\u00fc\u00e7lendirildi.<\/p>\n<p data-start=\"1282\" data-end=\"1689\">Raporda ayr\u0131ca, \u00fcniversitenin \u00e7evre ve enerji y\u00f6netimi politikalar\u0131, enerji verimlili\u011fi, iklim de\u011fi\u015fikli\u011fiyle m\u00fccadele, su ve at\u0131k y\u00f6netimi, ula\u015f\u0131m, e\u011fitim ve ara\u015ft\u0131rma faaliyetleri kapsaml\u0131 bir \u015fekilde ele al\u0131nd\u0131. \u00dcniversitenin <strong data-start=\"1511\" data-end=\"1555\">B\u00fct\u00fcnle\u015fik Kalite Y\u00f6netim Sistemi (BKYS)<\/strong> ile GreenMetric aras\u0131ndaki ili\u015fkiye de de\u011finilerek, kalite s\u00fcre\u00e7lerinin s\u00fcrd\u00fcr\u00fclebilirlik performans\u0131na katk\u0131s\u0131 \u00f6n plana \u00e7\u0131kar\u0131ld\u0131.<\/p>\n<p data-start=\"1691\" data-end=\"2099\">\u00dcniversite Rekt\u00f6r\u00fc <strong data-start=\"1710\" data-end=\"1749\">Prof. Dr. Mustafa Kas\u0131m Karahocagil<\/strong>, raporla ilgili yapt\u0131\u011f\u0131 de\u011ferlendirmede, \u201cYenilik\u00e7i uygulamalar ve kapsay\u0131c\u0131 yakla\u015f\u0131mlar do\u011frultusunda s\u00fcrd\u00fcr\u00fclebilirlik hedeflerimizi \u00fcniversitemizdeki kalite s\u00fcre\u00e7leriyle b\u00fct\u00fcnle\u015ftiriyoruz. Amac\u0131m\u0131z, \u00e7evreye duyarl\u0131 y\u00f6netim anlay\u0131\u015f\u0131yla hem b\u00f6lgesine \u00f6rnek olmak hem de s\u00fcrd\u00fcr\u00fclebilirlik bilincini t\u00fcm payda\u015flar\u0131m\u0131za yaymak\u201d ifadelerini kulland\u0131.<\/p>\n<p data-start=\"2101\" data-end=\"2292\">2025 S\u00fcrd\u00fcr\u00fclebilirlik Raporu, K\u0131r\u015fehir Ahi Evran \u00dcniversitesi\u2019nin e\u011fitim, ara\u015ft\u0131rma, y\u00f6netim ve toplumsal katk\u0131 alanlar\u0131nda s\u00fcrd\u00fcr\u00fclebilirlik uygulamalar\u0131n\u0131 detayl\u0131 \u015fekilde ortaya koyuyor.<\/p>\n","protected":false},"excerpt":{"rendered":"<p>K\u0131r\u015fehir Ahi Evran \u00dcniversitesi 2025 S\u00fcrd\u00fcr\u00fclebilirlik Raporu Yay\u0131mland\u0131 K\u0131r\u015fehir Ahi Evran \u00dcniversitesi, UI GreenMetric D\u00fcnya \u00dcniversiteleri S\u0131ralamas\u0131 hedefleri do\u011frultusunda s\u00fcrd\u00fcr\u00fclebilirlik \u00e7al\u0131\u015fmalar\u0131na ara vermeden devam ediyor. Bu kapsamda, \u00dcniversitemiz S\u00fcrd\u00fcr\u00fclebilirlik Koordinat\u00f6rl\u00fc\u011f\u00fc taraf\u0131ndan haz\u0131rlanan 2025 S\u00fcrd\u00fcr\u00fclebilirlik Raporu yay\u0131mland\u0131. Raporda, \u00fcniversitenin Birle\u015fmi\u015f Milletler S\u00fcrd\u00fcr\u00fclebilir Kalk\u0131nma Ama\u00e7lar\u0131 ile uyumlu \u00e7al\u0131\u015fmalar y\u00fcr\u00fctt\u00fc\u011f\u00fc ve s\u00fcrd\u00fcr\u00fclebilir bir kamp\u00fcs anlay\u0131\u015f\u0131yla gelecek nesillere daha [&hellip;]<\/p>\n","protected":false},"author":1,"featured_media":789,"comment_status":"open","ping_status":"open","sticky":false,"template":"","format":"standard","meta":{"footnotes":""},"categories":[10],"tags":[],"class_list":["post-788","post","type-post","status-publish","format-standard","has-post-thumbnail","hentry","category-egitim"],"_links":{"self":[{"href":"https:\/\/www.kirsehirses.com\/index.php\/wp-json\/wp\/v2\/posts\/788","targetHints":{"allow":["GET"]}}],"collection":[{"href":"https:\/\/www.kirsehirses.com\/index.php\/wp-json\/wp\/v2\/posts"}],"about":[{"href":"https:\/\/www.kirsehirses.com\/index.php\/wp-json\/wp\/v2\/types\/post"}],"author":[{"embeddable":true,"href":"https:\/\/www.kirsehirses.com\/index.php\/wp-json\/wp\/v2\/users\/1"}],"replies":[{"embeddable":true,"href":"https:\/\/www.kirsehirses.com\/index.php\/wp-json\/wp\/v2\/comments?post=788"}],"version-history":[{"count":1,"href":"https:\/\/www.kirsehirses.com\/index.php\/wp-json\/wp\/v2\/posts\/788\/revisions"}],"predecessor-version":[{"id":790,"href":"https:\/\/www.kirsehirses.com\/index.php\/wp-json\/wp\/v2\/posts\/788\/revisions\/790"}],"wp:featuredmedia":[{"embeddable":true,"href":"https:\/\/www.kirsehirses.com\/index.php\/wp-json\/wp\/v2\/media\/789"}],"wp:attachment":[{"href":"https:\/\/www.kirsehirses.com\/index.php\/wp-json\/wp\/v2\/media?parent=788"}],"wp:term":[{"taxonomy":"category","embeddable":true,"href":"https:\/\/www.kirsehirses.com\/index.php\/wp-json\/wp\/v2\/categories?post=788"},{"taxonomy":"post_tag","embeddable":true,"href":"https:\/\/www.kirsehirses.com\/index.php\/wp-json\/wp\/v2\/tags?post=788"}],"curies":[{"name":"wp","href":"https:\/\/api.w.org\/{rel}","templated":true}]}}