{"id":791,"date":"2025-11-10T02:26:56","date_gmt":"2025-11-09T23:26:56","guid":{"rendered":"https:\/\/www.kirsehirses.com\/?p=791"},"modified":"2025-11-10T02:26:56","modified_gmt":"2025-11-09T23:26:56","slug":"maku-kavsaginda-can-pazari-mucurlu-ogretim-gorevlisi-hayatini-kaybetti","status":"publish","type":"post","link":"https:\/\/www.kirsehirses.com\/index.php\/2025\/11\/10\/maku-kavsaginda-can-pazari-mucurlu-ogretim-gorevlisi-hayatini-kaybetti\/","title":{"rendered":"MAK\u00dc Kav\u015fa\u011f\u0131nda Can Pazar\u0131: Mucurlu \u00d6\u011fretim G\u00f6revlisi Hayat\u0131n\u0131 Kaybetti"},"content":{"rendered":"<p><strong>MAK\u00dc Kav\u015fa\u011f\u0131nda Can Pazar\u0131: Mucurlu \u00d6\u011fretim G\u00f6revlisi Hayat\u0131n\u0131 Kaybetti<\/strong><\/p>\n<p>Burdur\u2019da Mehmet Akif Ersoy \u00dcniversitesi (MAK\u00dc) kav\u015fa\u011f\u0131nda meydana gelen trafik kazas\u0131, \u00fcniversite camias\u0131n\u0131 ve memleketi Mucur\u2019u yasa bo\u011fdu.<\/p>\n<p>\u00dcniversitede g\u00f6rev yapan K\u0131r\u015fehir Mucurlu \u00d6\u011fretim G\u00f6revlisi Serkan Do\u011fan, t\u0131r\u0131n \u00e7arpmas\u0131 sonucu ya\u015fam\u0131n\u0131 yitirdi.<\/p>\n<p>Kaza, saat 17.30 s\u0131ralar\u0131nda Burdur-Antalya Karayolu \u00fczerindeki MAK\u00dc kav\u015fa\u011f\u0131nda meydana geldi. \u0130ddiaya g\u00f6re Romanya uyruklu N.D. (30) y\u00f6netimindeki IF 71 MRT plakal\u0131 t\u0131r, a\u015f\u0131r\u0131 h\u0131zla kav\u015fa\u011fa girdi\u011fi s\u0131rada, 07 NOJ 70 plakal\u0131 otomobiliyle kav\u015faktan \u00e7\u0131kan Serkan Do\u011fan\u2019a \u00e7arpt\u0131.<\/p>\n<p>\u00c7arpman\u0131n etkisiyle otomobil yakla\u015f\u0131k 30 metre s\u00fcr\u00fcklenirken, t\u0131r kar\u015f\u0131 \u015feride ge\u00e7erek durabildi. \u0130hbar \u00fczerine olay yerine polis, sa\u011fl\u0131k ve itfaiye ekipleri sevk edildi. Sa\u011fl\u0131k ekipleri, MAK\u00dc Fen Edebiyat Fak\u00fcltesi\u2019nde \u00f6\u011fretim g\u00f6revlisi olarak g\u00f6rev yapan Do\u011fan\u2019\u0131n olay yerinde hayat\u0131n\u0131 kaybetti\u011fini belirledi.<\/p>\n<p>Serkan Do\u011fan\u2019\u0131n cenazesi, yap\u0131lan incelemenin ard\u0131ndan Burdur Devlet Hastanesi morguna kald\u0131r\u0131ld\u0131. Kazay\u0131 hafif yaral\u0131 olarak atlatan t\u0131r s\u00fcr\u00fcc\u00fcs\u00fc N.D., ifadesi al\u0131nmak \u00fczere polis merkezine g\u00f6t\u00fcr\u00fcld\u00fc.<\/p>\n<p>Bekar olan akademisyenin cenazesinin ailesi taraf\u0131ndan teslim al\u0131nd\u0131\u011f\u0131 ve yar\u0131n Mucur- P\u0131narkaya (Kabaca) k\u00f6y\u00fcnde topra\u011fa verilece\u011fi \u00f6\u011frenilirken olayla ilgili soru\u015fturma ba\u015flat\u0131ld\u0131.<\/p>\n","protected":false},"excerpt":{"rendered":"<p>MAK\u00dc Kav\u015fa\u011f\u0131nda Can Pazar\u0131: Mucurlu \u00d6\u011fretim G\u00f6revlisi Hayat\u0131n\u0131 Kaybetti Burdur\u2019da Mehmet Akif Ersoy \u00dcniversitesi (MAK\u00dc) kav\u015fa\u011f\u0131nda meydana gelen trafik kazas\u0131, \u00fcniversite camias\u0131n\u0131 ve memleketi Mucur\u2019u yasa bo\u011fdu. \u00dcniversitede g\u00f6rev yapan K\u0131r\u015fehir Mucurlu \u00d6\u011fretim G\u00f6revlisi Serkan Do\u011fan, t\u0131r\u0131n \u00e7arpmas\u0131 sonucu ya\u015fam\u0131n\u0131 yitirdi. Kaza, saat 17.30 s\u0131ralar\u0131nda Burdur-Antalya Karayolu \u00fczerindeki MAK\u00dc kav\u015fa\u011f\u0131nda meydana geldi. \u0130ddiaya g\u00f6re Romanya [&hellip;]<\/p>\n","protected":false},"author":1,"featured_media":792,"comment_status":"open","ping_status":"open","sticky":false,"template":"","format":"standard","meta":{"footnotes":""},"categories":[8],"tags":[],"class_list":["post-791","post","type-post","status-publish","format-standard","has-post-thumbnail","hentry","category-kirsehir"],"_links":{"self":[{"href":"https:\/\/www.kirsehirses.com\/index.php\/wp-json\/wp\/v2\/posts\/791","targetHints":{"allow":["GET"]}}],"collection":[{"href":"https:\/\/www.kirsehirses.com\/index.php\/wp-json\/wp\/v2\/posts"}],"about":[{"href":"https:\/\/www.kirsehirses.com\/index.php\/wp-json\/wp\/v2\/types\/post"}],"author":[{"embeddable":true,"href":"https:\/\/www.kirsehirses.com\/index.php\/wp-json\/wp\/v2\/users\/1"}],"replies":[{"embeddable":true,"href":"https:\/\/www.kirsehirses.com\/index.php\/wp-json\/wp\/v2\/comments?post=791"}],"version-history":[{"count":1,"href":"https:\/\/www.kirsehirses.com\/index.php\/wp-json\/wp\/v2\/posts\/791\/revisions"}],"predecessor-version":[{"id":793,"href":"https:\/\/www.kirsehirses.com\/index.php\/wp-json\/wp\/v2\/posts\/791\/revisions\/793"}],"wp:featuredmedia":[{"embeddable":true,"href":"https:\/\/www.kirsehirses.com\/index.php\/wp-json\/wp\/v2\/media\/792"}],"wp:attachment":[{"href":"https:\/\/www.kirsehirses.com\/index.php\/wp-json\/wp\/v2\/media?parent=791"}],"wp:term":[{"taxonomy":"category","embeddable":true,"href":"https:\/\/www.kirsehirses.com\/index.php\/wp-json\/wp\/v2\/categories?post=791"},{"taxonomy":"post_tag","embeddable":true,"href":"https:\/\/www.kirsehirses.com\/index.php\/wp-json\/wp\/v2\/tags?post=791"}],"curies":[{"name":"wp","href":"https:\/\/api.w.org\/{rel}","templated":true}]}}