{"id":794,"date":"2025-11-10T02:34:48","date_gmt":"2025-11-09T23:34:48","guid":{"rendered":"https:\/\/www.kirsehirses.com\/?p=794"},"modified":"2025-11-10T02:34:48","modified_gmt":"2025-11-09T23:34:48","slug":"kirsehirde-trafik-kazasinda-14-yasindaki-cocuk-hayatini-kaybetti","status":"publish","type":"post","link":"https:\/\/www.kirsehirses.com\/index.php\/2025\/11\/10\/kirsehirde-trafik-kazasinda-14-yasindaki-cocuk-hayatini-kaybetti\/","title":{"rendered":"K\u0131r\u015fehir\u2019de Trafik Kazas\u0131nda 14 Ya\u015f\u0131ndaki \u00c7ocuk Hayat\u0131n\u0131 Kaybetti"},"content":{"rendered":"<h3 data-start=\"115\" data-end=\"186\">K\u0131r\u015fehir\u2019de Trafik Kazas\u0131nda 14 Ya\u015f\u0131ndaki \u00c7ocuk Hayat\u0131n\u0131 Kaybetti<\/h3>\n<p data-start=\"188\" data-end=\"682\">K\u0131r\u015fehir K\u0131l\u0131\u00e7\u00f6z\u00fc Sanayi Sitesi\u2019nde d\u00fcn ak\u015fam saatlerinde meydana gelen kazada, 14 ya\u015f\u0131ndaki B.Y.\u2019nin kulland\u0131\u011f\u0131 motosiklet ile hen\u00fcz plakas\u0131 ve s\u00fcr\u00fcc\u00fcs\u00fc belirlenemeyen bir otomobil \u00e7arp\u0131\u015ft\u0131. \u00c7arp\u0131\u015fman\u0131n \u015fiddetiyle yola savrulan B.Y., a\u011f\u0131r yaralanarak sa\u011fl\u0131k ekiplerince K\u0131r\u015fehir E\u011fitim ve Ara\u015ft\u0131rma Hastanesi\u2019ne kald\u0131r\u0131ld\u0131. Doktorlar\u0131n t\u00fcm m\u00fcdahalesine ra\u011fmen gen\u00e7 s\u00fcr\u00fcc\u00fc ya\u015fam\u0131n\u0131 yitirdi. Kazan\u0131n ard\u0131ndan otomobil s\u00fcr\u00fcc\u00fcs\u00fc polis merkezine g\u00f6t\u00fcr\u00fcl\u00fcrken, olayla ilgili soru\u015fturma ba\u015flat\u0131ld\u0131.<\/p>\n","protected":false},"excerpt":{"rendered":"<p>K\u0131r\u015fehir\u2019de Trafik Kazas\u0131nda 14 Ya\u015f\u0131ndaki \u00c7ocuk Hayat\u0131n\u0131 Kaybetti K\u0131r\u015fehir K\u0131l\u0131\u00e7\u00f6z\u00fc Sanayi Sitesi\u2019nde d\u00fcn ak\u015fam saatlerinde meydana gelen kazada, 14 ya\u015f\u0131ndaki B.Y.\u2019nin kulland\u0131\u011f\u0131 motosiklet ile hen\u00fcz plakas\u0131 ve s\u00fcr\u00fcc\u00fcs\u00fc belirlenemeyen bir otomobil \u00e7arp\u0131\u015ft\u0131. \u00c7arp\u0131\u015fman\u0131n \u015fiddetiyle yola savrulan B.Y., a\u011f\u0131r yaralanarak sa\u011fl\u0131k ekiplerince K\u0131r\u015fehir E\u011fitim ve Ara\u015ft\u0131rma Hastanesi\u2019ne kald\u0131r\u0131ld\u0131. Doktorlar\u0131n t\u00fcm m\u00fcdahalesine ra\u011fmen gen\u00e7 s\u00fcr\u00fcc\u00fc ya\u015fam\u0131n\u0131 yitirdi. [&hellip;]<\/p>\n","protected":false},"author":1,"featured_media":795,"comment_status":"open","ping_status":"open","sticky":false,"template":"","format":"standard","meta":{"footnotes":""},"categories":[8],"tags":[],"class_list":["post-794","post","type-post","status-publish","format-standard","has-post-thumbnail","hentry","category-kirsehir"],"_links":{"self":[{"href":"https:\/\/www.kirsehirses.com\/index.php\/wp-json\/wp\/v2\/posts\/794","targetHints":{"allow":["GET"]}}],"collection":[{"href":"https:\/\/www.kirsehirses.com\/index.php\/wp-json\/wp\/v2\/posts"}],"about":[{"href":"https:\/\/www.kirsehirses.com\/index.php\/wp-json\/wp\/v2\/types\/post"}],"author":[{"embeddable":true,"href":"https:\/\/www.kirsehirses.com\/index.php\/wp-json\/wp\/v2\/users\/1"}],"replies":[{"embeddable":true,"href":"https:\/\/www.kirsehirses.com\/index.php\/wp-json\/wp\/v2\/comments?post=794"}],"version-history":[{"count":1,"href":"https:\/\/www.kirsehirses.com\/index.php\/wp-json\/wp\/v2\/posts\/794\/revisions"}],"predecessor-version":[{"id":796,"href":"https:\/\/www.kirsehirses.com\/index.php\/wp-json\/wp\/v2\/posts\/794\/revisions\/796"}],"wp:featuredmedia":[{"embeddable":true,"href":"https:\/\/www.kirsehirses.com\/index.php\/wp-json\/wp\/v2\/media\/795"}],"wp:attachment":[{"href":"https:\/\/www.kirsehirses.com\/index.php\/wp-json\/wp\/v2\/media?parent=794"}],"wp:term":[{"taxonomy":"category","embeddable":true,"href":"https:\/\/www.kirsehirses.com\/index.php\/wp-json\/wp\/v2\/categories?post=794"},{"taxonomy":"post_tag","embeddable":true,"href":"https:\/\/www.kirsehirses.com\/index.php\/wp-json\/wp\/v2\/tags?post=794"}],"curies":[{"name":"wp","href":"https:\/\/api.w.org\/{rel}","templated":true}]}}