{"id":797,"date":"2025-11-10T02:38:18","date_gmt":"2025-11-09T23:38:18","guid":{"rendered":"https:\/\/www.kirsehirses.com\/?p=797"},"modified":"2025-11-10T02:38:18","modified_gmt":"2025-11-09T23:38:18","slug":"abdal-geleneginin-son-buyuk-ustalarindan-unesco-yasayan-insan-hazinesi-odullu-adem-gocer-vefat-etti","status":"publish","type":"post","link":"https:\/\/www.kirsehirses.com\/index.php\/2025\/11\/10\/abdal-geleneginin-son-buyuk-ustalarindan-unesco-yasayan-insan-hazinesi-odullu-adem-gocer-vefat-etti\/","title":{"rendered":"Abdal Gelene\u011finin Son B\u00fcy\u00fck Ustalar\u0131ndan UNESCO Ya\u015fayan \u0130nsan Hazinesi \u00d6d\u00fcll\u00fc Adem G\u00f6\u00e7er Vefat Etti"},"content":{"rendered":"<p><strong>Abdal Gelene\u011finin Son B\u00fcy\u00fck Ustalar\u0131ndan UNESCO Ya\u015fayan \u0130nsan Hazinesi \u00d6d\u00fcll\u00fc Adem G\u00f6\u00e7er Vefat Etti<\/strong><\/p>\n<p>Abdal k\u00fclt\u00fcn\u00fcn en \u00f6nemli isimlerinden, UNESCO Ya\u015fayan \u0130nsan Hazinesi unvan\u0131na sahip davul ustas\u0131 Adem G\u00f6\u00e7er, 67 ya\u015f\u0131nda hayat\u0131n\u0131 kaybetti.<\/p>\n<p>K\u0131r\u015fehir&#8217;in Kaman il\u00e7esinde do\u011fan ve Abdal m\u00fczik gelene\u011finin g\u00fc\u00e7l\u00fc temsilcilerinden olan G\u00f6\u00e7er, uzun s\u00fcredir sa\u011fl\u0131k sorunlar\u0131 nedeniyle tedavi g\u00f6r\u00fcyordu.<\/p>\n<p>2020 y\u0131l\u0131nda Ya\u015fayan \u0130nsan Hazinesi ilan edilen, sanat\u0131yla sadece y\u00f6resel de\u011fil ulusal ve uluslararas\u0131 alanda da tan\u0131nan Adem G\u00f6\u00e7er, Anadolu\u2019nun ritim k\u00fclt\u00fcr\u00fcn\u00fc ya\u015fatmaya ve gelecek ku\u015faklara aktarmaya b\u00fcy\u00fck katk\u0131 sa\u011flam\u0131\u015ft\u0131.<\/p>\n<p>Vefat\u0131, ba\u015fta Kaman, K\u0131r\u015fehir ve K\u0131r\u0131kkale olmak \u00fczere m\u00fczik camias\u0131nda \u00fcz\u00fcnt\u00fcye yol a\u00e7t\u0131. K\u0131r\u015fehir Ses Haber olarak Adem G\u00f6\u00e7er\u2019e Allah\u2019tan rahmet, ailesi ve sevenlerine sab\u0131rlar dileriz.<\/p>\n","protected":false},"excerpt":{"rendered":"<p>Abdal Gelene\u011finin Son B\u00fcy\u00fck Ustalar\u0131ndan UNESCO Ya\u015fayan \u0130nsan Hazinesi \u00d6d\u00fcll\u00fc Adem G\u00f6\u00e7er Vefat Etti Abdal k\u00fclt\u00fcn\u00fcn en \u00f6nemli isimlerinden, UNESCO Ya\u015fayan \u0130nsan Hazinesi unvan\u0131na sahip davul ustas\u0131 Adem G\u00f6\u00e7er, 67 ya\u015f\u0131nda hayat\u0131n\u0131 kaybetti. K\u0131r\u015fehir&#8217;in Kaman il\u00e7esinde do\u011fan ve Abdal m\u00fczik gelene\u011finin g\u00fc\u00e7l\u00fc temsilcilerinden olan G\u00f6\u00e7er, uzun s\u00fcredir sa\u011fl\u0131k sorunlar\u0131 nedeniyle tedavi g\u00f6r\u00fcyordu. 2020 y\u0131l\u0131nda Ya\u015fayan [&hellip;]<\/p>\n","protected":false},"author":1,"featured_media":798,"comment_status":"open","ping_status":"open","sticky":false,"template":"","format":"standard","meta":{"footnotes":""},"categories":[8],"tags":[],"class_list":["post-797","post","type-post","status-publish","format-standard","has-post-thumbnail","hentry","category-kirsehir"],"_links":{"self":[{"href":"https:\/\/www.kirsehirses.com\/index.php\/wp-json\/wp\/v2\/posts\/797","targetHints":{"allow":["GET"]}}],"collection":[{"href":"https:\/\/www.kirsehirses.com\/index.php\/wp-json\/wp\/v2\/posts"}],"about":[{"href":"https:\/\/www.kirsehirses.com\/index.php\/wp-json\/wp\/v2\/types\/post"}],"author":[{"embeddable":true,"href":"https:\/\/www.kirsehirses.com\/index.php\/wp-json\/wp\/v2\/users\/1"}],"replies":[{"embeddable":true,"href":"https:\/\/www.kirsehirses.com\/index.php\/wp-json\/wp\/v2\/comments?post=797"}],"version-history":[{"count":1,"href":"https:\/\/www.kirsehirses.com\/index.php\/wp-json\/wp\/v2\/posts\/797\/revisions"}],"predecessor-version":[{"id":799,"href":"https:\/\/www.kirsehirses.com\/index.php\/wp-json\/wp\/v2\/posts\/797\/revisions\/799"}],"wp:featuredmedia":[{"embeddable":true,"href":"https:\/\/www.kirsehirses.com\/index.php\/wp-json\/wp\/v2\/media\/798"}],"wp:attachment":[{"href":"https:\/\/www.kirsehirses.com\/index.php\/wp-json\/wp\/v2\/media?parent=797"}],"wp:term":[{"taxonomy":"category","embeddable":true,"href":"https:\/\/www.kirsehirses.com\/index.php\/wp-json\/wp\/v2\/categories?post=797"},{"taxonomy":"post_tag","embeddable":true,"href":"https:\/\/www.kirsehirses.com\/index.php\/wp-json\/wp\/v2\/tags?post=797"}],"curies":[{"name":"wp","href":"https:\/\/api.w.org\/{rel}","templated":true}]}}