{"id":800,"date":"2025-11-10T02:47:21","date_gmt":"2025-11-09T23:47:21","guid":{"rendered":"https:\/\/www.kirsehirses.com\/?p=800"},"modified":"2025-11-10T02:47:21","modified_gmt":"2025-11-09T23:47:21","slug":"mehmetim-vatan-oldu","status":"publish","type":"post","link":"https:\/\/www.kirsehirses.com\/index.php\/2025\/11\/10\/mehmetim-vatan-oldu\/","title":{"rendered":"MEHMET\u2019\u0130M VATAN OLDU"},"content":{"rendered":"<p style=\"text-align: center;\"><strong>MEHMET\u2019\u0130M VATAN OLDU<\/strong><\/p>\n<p>Ko\u015ftu Mehmet\u2019lerim da\u011flardan da\u011fa.<br \/>\n\u015eafak vakti tenler d\u00fc\u015ft\u00fc topra\u011fa.<br \/>\nY\u00fckseldi ruhlar\u0131 bir cennet ba\u011fa.<br \/>\nAnalar\u0131n g\u00f6z\u00fc ya\u015flarla doldu,<br \/>\nTopra\u011fa d\u00f6k\u00fclen kan vatan oldu.<\/p>\n<p>&nbsp;<\/p>\n<p>Karde\u015f bildik K\u00fcrt\u2019\u00fc, Laz\u2019\u0131, \u00c7erkez\u2019i.<br \/>\nKimse \u00e7\u00fcr\u00fctemez bu kutsal tezi.<br \/>\nG\u00fczel vatan\u0131m\u0131n vefa bilmezi<br \/>\nKan ile beslendi, kin ile doldu.<br \/>\nKar\u015f\u0131 durdu Mehmet, \u015fan vatan oldu.<\/p>\n<p>&nbsp;<\/p>\n<p>S\u00fcper g\u00fc\u00e7 elinde kanl\u0131 ma\u015fa var.<br \/>\n\u015eehitler i\u00e7inde \u015fanl\u0131 pa\u015fa var.<br \/>\nBiz \u00f6lsek milletim sen h\u00fcr ya\u015fa var.<br \/>\n\u00d6l\u00fcm yi\u011fitlere en kutlu yoldu.<br \/>\n\u015eehit Mehmet\u2019lerim can vatan oldu.<\/p>\n<p>&nbsp;<\/p>\n<p>Da\u011f yolunda pusu kurmu\u015f hainler.<br \/>\nH\u00fcz\u00fcnl\u00fc babalar h\u0131\u00e7k\u0131r\u0131k dinler.<br \/>\nMevla\u2019m, milletime sonsuz sab\u0131r ver!<br \/>\nG\u00f6kte g\u00fcne\u015f bile kederden soldu.<br \/>\nToprak, \u015fehitlerle \u015fen vatan oldu.<\/p>\n<p>&nbsp;<\/p>\n<p>En \u00fccra k\u00f6ylerden t\u00fcm \u015fehirlere<br \/>\n\u015eehit mezarlar\u0131 yay\u0131ld\u0131 yere.<br \/>\nBin kere \u00f6l\u00fcr\u00fcz, do\u011fsak bin kere.<br \/>\nAnalar diz d\u00f6v\u00fcp sa\u00e7\u0131n\u0131 yoldu.<br \/>\n\u0130stikl\u00e2l u\u011frunda ten vatan oldu.<\/p>\n<p>&nbsp;<\/p>\n<p>G\u00fcl benizler solsun, bayrak solmas\u0131n.<br \/>\nTertemiz kalplere h\u00fcz\u00fcn dolmas\u0131n.<br \/>\nYurda g\u00f6z dikenler huzur bulmas\u0131n.<br \/>\n\u015eu cennet topra\u011f\u0131m al kanla doldu.<br \/>\nAna! Mehmet\u2019lerim\u00a0 D\u00dcN VATAN OLDU!<\/p>\n<p>\u00c7erkez Bozda\u011f<\/p>\n","protected":false},"excerpt":{"rendered":"<p>MEHMET\u2019\u0130M VATAN OLDU Ko\u015ftu Mehmet\u2019lerim da\u011flardan da\u011fa. \u015eafak vakti tenler d\u00fc\u015ft\u00fc topra\u011fa. Y\u00fckseldi ruhlar\u0131 bir cennet ba\u011fa. Analar\u0131n g\u00f6z\u00fc ya\u015flarla doldu, Topra\u011fa d\u00f6k\u00fclen kan vatan oldu. &nbsp; Karde\u015f bildik K\u00fcrt\u2019\u00fc, Laz\u2019\u0131, \u00c7erkez\u2019i. Kimse \u00e7\u00fcr\u00fctemez bu kutsal tezi. G\u00fczel vatan\u0131m\u0131n vefa bilmezi Kan ile beslendi, kin ile doldu. Kar\u015f\u0131 durdu Mehmet, \u015fan vatan oldu. &nbsp; S\u00fcper [&hellip;]<\/p>\n","protected":false},"author":1,"featured_media":801,"comment_status":"open","ping_status":"open","sticky":false,"template":"","format":"standard","meta":{"footnotes":""},"categories":[8],"tags":[],"class_list":["post-800","post","type-post","status-publish","format-standard","has-post-thumbnail","hentry","category-kirsehir"],"_links":{"self":[{"href":"https:\/\/www.kirsehirses.com\/index.php\/wp-json\/wp\/v2\/posts\/800","targetHints":{"allow":["GET"]}}],"collection":[{"href":"https:\/\/www.kirsehirses.com\/index.php\/wp-json\/wp\/v2\/posts"}],"about":[{"href":"https:\/\/www.kirsehirses.com\/index.php\/wp-json\/wp\/v2\/types\/post"}],"author":[{"embeddable":true,"href":"https:\/\/www.kirsehirses.com\/index.php\/wp-json\/wp\/v2\/users\/1"}],"replies":[{"embeddable":true,"href":"https:\/\/www.kirsehirses.com\/index.php\/wp-json\/wp\/v2\/comments?post=800"}],"version-history":[{"count":1,"href":"https:\/\/www.kirsehirses.com\/index.php\/wp-json\/wp\/v2\/posts\/800\/revisions"}],"predecessor-version":[{"id":802,"href":"https:\/\/www.kirsehirses.com\/index.php\/wp-json\/wp\/v2\/posts\/800\/revisions\/802"}],"wp:featuredmedia":[{"embeddable":true,"href":"https:\/\/www.kirsehirses.com\/index.php\/wp-json\/wp\/v2\/media\/801"}],"wp:attachment":[{"href":"https:\/\/www.kirsehirses.com\/index.php\/wp-json\/wp\/v2\/media?parent=800"}],"wp:term":[{"taxonomy":"category","embeddable":true,"href":"https:\/\/www.kirsehirses.com\/index.php\/wp-json\/wp\/v2\/categories?post=800"},{"taxonomy":"post_tag","embeddable":true,"href":"https:\/\/www.kirsehirses.com\/index.php\/wp-json\/wp\/v2\/tags?post=800"}],"curies":[{"name":"wp","href":"https:\/\/api.w.org\/{rel}","templated":true}]}}