{"id":809,"date":"2025-11-11T04:42:17","date_gmt":"2025-11-11T01:42:17","guid":{"rendered":"https:\/\/www.kirsehirses.com\/?p=809"},"modified":"2025-11-11T04:42:17","modified_gmt":"2025-11-11T01:42:17","slug":"vali-murat-sefa-demiryurekten-10-kasim-ataturku-anma-gunu-mesaji","status":"publish","type":"post","link":"https:\/\/www.kirsehirses.com\/index.php\/2025\/11\/11\/vali-murat-sefa-demiryurekten-10-kasim-ataturku-anma-gunu-mesaji\/","title":{"rendered":"Vali Murat Sefa Demiry\u00fcrek\u2019ten 10 Kas\u0131m Atat\u00fcrk\u2019\u00fc Anma G\u00fcn\u00fc Mesaj\u0131"},"content":{"rendered":"<h3 data-start=\"114\" data-end=\"186\">Vali Murat Sefa Demiry\u00fcrek\u2019ten 10 Kas\u0131m Atat\u00fcrk\u2019\u00fc Anma G\u00fcn\u00fc Mesaj\u0131<\/h3>\n<p data-start=\"188\" data-end=\"331\">K\u0131r\u015fehir Valisi Murat Sefa Demiry\u00fcrek, Gazi Mustafa Kemal Atat\u00fcrk\u2019\u00fcn ebediyete irtihalinin 87\u2019nci y\u0131l d\u00f6n\u00fcm\u00fc dolay\u0131s\u0131yla bir mesaj yay\u0131mlad\u0131.<\/p>\n<p data-start=\"333\" data-end=\"485\">Vali Demiry\u00fcrek mesaj\u0131nda, T\u00fcrkiye Cumhuriyeti\u2019nin kurucusu Gazi Mustafa Kemal Atat\u00fcrk\u2019\u00fc sayg\u0131 ve rahmetle and\u0131\u011f\u0131n\u0131 belirterek \u015fu ifadelere yer verdi:<\/p>\n<blockquote data-start=\"487\" data-end=\"1446\">\n<p data-start=\"489\" data-end=\"724\">\u201cGazi Mustafa Kemal Atat\u00fcrk, Mill\u00ee M\u00fccadele\u2019ye \u00f6nderlik ederek millet iradesinin h\u00e2kimiyetini sa\u011flam\u0131\u015f; bu askeri ve siyasi zaferi, toplumsal ve k\u00fclt\u00fcrel alanda ba\u015flatt\u0131\u011f\u0131 k\u00f6kl\u00fc reformlarla modern T\u00fcrkiye\u2019nin temeline d\u00f6n\u00fc\u015ft\u00fcrm\u00fc\u015ft\u00fcr.<\/p>\n<p data-start=\"731\" data-end=\"1009\">Atat\u00fcrk\u2019\u00fcn bizlere hedef g\u00f6sterdi\u011fi \u2018muas\u0131r medeniyetler seviyesinin \u00fczerine \u00e7\u0131kma\u2019 \u00fclk\u00fcs\u00fc, bug\u00fcn de milletimiz i\u00e7in en temel vizyon olmay\u0131 s\u00fcrd\u00fcrmektedir. Cumhuriyetimizin ikinci y\u00fczy\u0131l\u0131nda bu vizyonu \u2018T\u00fcrkiye Y\u00fczy\u0131l\u0131\u2019 hedefiyle b\u00fct\u00fcnle\u015ftirmek hepimizin ortak sorumlulu\u011fudur.<\/p>\n<p data-start=\"1016\" data-end=\"1210\">Ahili\u011fin merkezi, irfan ve k\u00fclt\u00fcr \u015fehri K\u0131r\u015fehir\u2019de bu hedefe ula\u015fman\u0131n yolu; birlik ve beraberlik ruhunu koruyarak, akl\u0131 ve bilimi rehber edinmek, daha \u00e7ok \u00e7al\u0131\u015fmak ve \u00fcretmekten ge\u00e7mektedir.<\/p>\n<p data-start=\"1217\" data-end=\"1446\">Bu d\u00fc\u015f\u00fcncelerle, ebediyete irtihalinin 87\u2019nci y\u0131l d\u00f6n\u00fcm\u00fcnde Gazi Mustafa Kemal Atat\u00fcrk ba\u015fta olmak \u00fczere, Mill\u00ee M\u00fccadele\u2019nin t\u00fcm kahramanlar\u0131n\u0131 ve vatan\u0131m\u0131z i\u00e7in can\u0131n\u0131 feda eden aziz \u015fehitlerimizi rahmet ve minnetle an\u0131yorum.\u201d<\/p>\n<\/blockquote>\n<p data-start=\"1448\" data-end=\"1585\">Vali Murat Sefa Demiry\u00fcrek\u2019in yay\u0131mlad\u0131\u011f\u0131 mesaj, K\u0131r\u015fehir\u2019de 10 Kas\u0131m Atat\u00fcrk\u2019\u00fc Anma G\u00fcn\u00fc etkinlikleri \u00f6ncesinde kamuoyuyla payla\u015f\u0131ld\u0131.<\/p>\n","protected":false},"excerpt":{"rendered":"<p>Vali Murat Sefa Demiry\u00fcrek\u2019ten 10 Kas\u0131m Atat\u00fcrk\u2019\u00fc Anma G\u00fcn\u00fc Mesaj\u0131 K\u0131r\u015fehir Valisi Murat Sefa Demiry\u00fcrek, Gazi Mustafa Kemal Atat\u00fcrk\u2019\u00fcn ebediyete irtihalinin 87\u2019nci y\u0131l d\u00f6n\u00fcm\u00fc dolay\u0131s\u0131yla bir mesaj yay\u0131mlad\u0131. Vali Demiry\u00fcrek mesaj\u0131nda, T\u00fcrkiye Cumhuriyeti\u2019nin kurucusu Gazi Mustafa Kemal Atat\u00fcrk\u2019\u00fc sayg\u0131 ve rahmetle and\u0131\u011f\u0131n\u0131 belirterek \u015fu ifadelere yer verdi: \u201cGazi Mustafa Kemal Atat\u00fcrk, Mill\u00ee M\u00fccadele\u2019ye \u00f6nderlik ederek [&hellip;]<\/p>\n","protected":false},"author":1,"featured_media":810,"comment_status":"open","ping_status":"open","sticky":false,"template":"","format":"standard","meta":{"footnotes":""},"categories":[8],"tags":[],"class_list":["post-809","post","type-post","status-publish","format-standard","has-post-thumbnail","hentry","category-kirsehir"],"_links":{"self":[{"href":"https:\/\/www.kirsehirses.com\/index.php\/wp-json\/wp\/v2\/posts\/809","targetHints":{"allow":["GET"]}}],"collection":[{"href":"https:\/\/www.kirsehirses.com\/index.php\/wp-json\/wp\/v2\/posts"}],"about":[{"href":"https:\/\/www.kirsehirses.com\/index.php\/wp-json\/wp\/v2\/types\/post"}],"author":[{"embeddable":true,"href":"https:\/\/www.kirsehirses.com\/index.php\/wp-json\/wp\/v2\/users\/1"}],"replies":[{"embeddable":true,"href":"https:\/\/www.kirsehirses.com\/index.php\/wp-json\/wp\/v2\/comments?post=809"}],"version-history":[{"count":1,"href":"https:\/\/www.kirsehirses.com\/index.php\/wp-json\/wp\/v2\/posts\/809\/revisions"}],"predecessor-version":[{"id":811,"href":"https:\/\/www.kirsehirses.com\/index.php\/wp-json\/wp\/v2\/posts\/809\/revisions\/811"}],"wp:featuredmedia":[{"embeddable":true,"href":"https:\/\/www.kirsehirses.com\/index.php\/wp-json\/wp\/v2\/media\/810"}],"wp:attachment":[{"href":"https:\/\/www.kirsehirses.com\/index.php\/wp-json\/wp\/v2\/media?parent=809"}],"wp:term":[{"taxonomy":"category","embeddable":true,"href":"https:\/\/www.kirsehirses.com\/index.php\/wp-json\/wp\/v2\/categories?post=809"},{"taxonomy":"post_tag","embeddable":true,"href":"https:\/\/www.kirsehirses.com\/index.php\/wp-json\/wp\/v2\/tags?post=809"}],"curies":[{"name":"wp","href":"https:\/\/api.w.org\/{rel}","templated":true}]}}