{"id":812,"date":"2025-11-11T04:43:49","date_gmt":"2025-11-11T01:43:49","guid":{"rendered":"https:\/\/www.kirsehirses.com\/?p=812"},"modified":"2025-11-11T04:43:49","modified_gmt":"2025-11-11T01:43:49","slug":"ataturk-duzenlenen-programla-anildi","status":"publish","type":"post","link":"https:\/\/www.kirsehirses.com\/index.php\/2025\/11\/11\/ataturk-duzenlenen-programla-anildi\/","title":{"rendered":"Atat\u00fcrk D\u00fczenlenen Programla An\u0131ld\u0131"},"content":{"rendered":"<p><strong>Atat\u00fcrk D\u00fczenlenen Programla An\u0131ld\u0131<\/strong><\/p>\n<p>Cumhuriyetimizin kurucusu Gazi Mustafa Kemal Atat\u00fcrk, ebediyete intikalinin 87. y\u0131l d\u00f6n\u00fcm\u00fcnde d\u00fczenlenen t\u00f6renlerle an\u0131ld\u0131.<\/p>\n<p>Atat\u00fcrk\u2019\u00fc Anma program\u0131, Cacabey Meydan\u0131\u2019ndaki Atat\u00fcrk An\u0131t\u0131\u2019na Valilik, Garnizon Komutanl\u0131\u011f\u0131 ve Belediye Ba\u015fkanl\u0131\u011f\u0131 \u00e7elenklerinin sunulmas\u0131yla ba\u015flad\u0131.<\/p>\n<p>Saat 09.05\u2019te sirenler e\u015fli\u011finde 2 dakikal\u0131k sayg\u0131 duru\u015funda bulunuldu, ard\u0131ndan \u0130stiklal Mar\u015f\u0131m\u0131z okunarak bayraklar yar\u0131ya indirildi.<\/p>\n<p>T\u00f6renin ard\u0131ndan anma program\u0131 Ne\u015fet Erta\u015f G\u00fczel Sanatlar Lisesi\u2019nde devam etti. Burada d\u00fczenlenen etkinlikte Atat\u00fcrk\u2019\u00fcn hayat\u0131, d\u00fc\u015f\u00fcnceleri ve miras\u0131 anlat\u0131ld\u0131, sinevizyon g\u00f6sterisi ger\u00e7ekle\u015ftirildi.<\/p>\n<p>Atat\u00fcrk\u2019\u00fcn sevdi\u011fi \u015fark\u0131lar\u0131n seslendirildi\u011fi program, Atat\u00fcrk konulu foto\u011fraf sergisinin gezilmesi ile sona erdi.<\/p>\n","protected":false},"excerpt":{"rendered":"<p>Atat\u00fcrk D\u00fczenlenen Programla An\u0131ld\u0131 Cumhuriyetimizin kurucusu Gazi Mustafa Kemal Atat\u00fcrk, ebediyete intikalinin 87. y\u0131l d\u00f6n\u00fcm\u00fcnde d\u00fczenlenen t\u00f6renlerle an\u0131ld\u0131. Atat\u00fcrk\u2019\u00fc Anma program\u0131, Cacabey Meydan\u0131\u2019ndaki Atat\u00fcrk An\u0131t\u0131\u2019na Valilik, Garnizon Komutanl\u0131\u011f\u0131 ve Belediye Ba\u015fkanl\u0131\u011f\u0131 \u00e7elenklerinin sunulmas\u0131yla ba\u015flad\u0131. Saat 09.05\u2019te sirenler e\u015fli\u011finde 2 dakikal\u0131k sayg\u0131 duru\u015funda bulunuldu, ard\u0131ndan \u0130stiklal Mar\u015f\u0131m\u0131z okunarak bayraklar yar\u0131ya indirildi. T\u00f6renin ard\u0131ndan anma program\u0131 Ne\u015fet [&hellip;]<\/p>\n","protected":false},"author":1,"featured_media":813,"comment_status":"open","ping_status":"open","sticky":false,"template":"","format":"standard","meta":{"footnotes":""},"categories":[8],"tags":[],"class_list":["post-812","post","type-post","status-publish","format-standard","has-post-thumbnail","hentry","category-kirsehir"],"_links":{"self":[{"href":"https:\/\/www.kirsehirses.com\/index.php\/wp-json\/wp\/v2\/posts\/812","targetHints":{"allow":["GET"]}}],"collection":[{"href":"https:\/\/www.kirsehirses.com\/index.php\/wp-json\/wp\/v2\/posts"}],"about":[{"href":"https:\/\/www.kirsehirses.com\/index.php\/wp-json\/wp\/v2\/types\/post"}],"author":[{"embeddable":true,"href":"https:\/\/www.kirsehirses.com\/index.php\/wp-json\/wp\/v2\/users\/1"}],"replies":[{"embeddable":true,"href":"https:\/\/www.kirsehirses.com\/index.php\/wp-json\/wp\/v2\/comments?post=812"}],"version-history":[{"count":1,"href":"https:\/\/www.kirsehirses.com\/index.php\/wp-json\/wp\/v2\/posts\/812\/revisions"}],"predecessor-version":[{"id":814,"href":"https:\/\/www.kirsehirses.com\/index.php\/wp-json\/wp\/v2\/posts\/812\/revisions\/814"}],"wp:featuredmedia":[{"embeddable":true,"href":"https:\/\/www.kirsehirses.com\/index.php\/wp-json\/wp\/v2\/media\/813"}],"wp:attachment":[{"href":"https:\/\/www.kirsehirses.com\/index.php\/wp-json\/wp\/v2\/media?parent=812"}],"wp:term":[{"taxonomy":"category","embeddable":true,"href":"https:\/\/www.kirsehirses.com\/index.php\/wp-json\/wp\/v2\/categories?post=812"},{"taxonomy":"post_tag","embeddable":true,"href":"https:\/\/www.kirsehirses.com\/index.php\/wp-json\/wp\/v2\/tags?post=812"}],"curies":[{"name":"wp","href":"https:\/\/api.w.org\/{rel}","templated":true}]}}