{"id":821,"date":"2025-11-15T03:42:06","date_gmt":"2025-11-15T00:42:06","guid":{"rendered":"https:\/\/www.kirsehirses.com\/?p=821"},"modified":"2025-11-15T03:42:06","modified_gmt":"2025-11-15T00:42:06","slug":"tskya-ait-ucak-gurcistanda-dustu","status":"publish","type":"post","link":"https:\/\/www.kirsehirses.com\/index.php\/2025\/11\/15\/tskya-ait-ucak-gurcistanda-dustu\/","title":{"rendered":"TSK&#8217;ya Ait U\u00e7ak G\u00fcrcistan&#8217;da D\u00fc\u015ft\u00fc"},"content":{"rendered":"<p>Milli Savunma Bakanl\u0131\u011f\u0131, Azerbaycan\u2019dan T\u00fcrkiye\u2019ye d\u00f6nen T\u00fcrk Silahl\u0131 Kuvvetlerine ait C-130 tipi askeri kargo u\u00e7a\u011f\u0131n\u0131n G\u00fcrcistan hava sahas\u0131nda d\u00fc\u015ft\u00fc\u011f\u00fcn\u00fc a\u00e7\u0131klad\u0131.<\/p>\n<p>\u0130\u00e7inde 20 personelin bulundu\u011fu u\u00e7akla ilgili arama-kurtarma \u00e7al\u0131\u015fmalar\u0131n\u0131n G\u00fcrcistan ve Azerbaycan makamlar\u0131yla koordineli \u015fekilde y\u00fcr\u00fct\u00fcld\u00fc\u011f\u00fc bildirildi.<\/p>\n<p>Cumhurba\u015fkan\u0131 Erdo\u011fan ve Azerbaycan Cumhurba\u015fkan\u0131 Aliyev kazayla ilgili taziye mesaj\u0131 yay\u0131mlad\u0131. \u0130\u00e7i\u015fleri Bakan\u0131 Ali Yerlikaya da G\u00fcrcistanl\u0131 mevkida\u015f\u0131yla g\u00f6r\u00fc\u015ft\u00fc\u011f\u00fcn\u00fc ve sahadaki \u00e7al\u0131\u015fmalar\u0131n s\u00fcrd\u00fc\u011f\u00fcn\u00fc belirtti.<\/p>\n","protected":false},"excerpt":{"rendered":"<p>Milli Savunma Bakanl\u0131\u011f\u0131, Azerbaycan\u2019dan T\u00fcrkiye\u2019ye d\u00f6nen T\u00fcrk Silahl\u0131 Kuvvetlerine ait C-130 tipi askeri kargo u\u00e7a\u011f\u0131n\u0131n G\u00fcrcistan hava sahas\u0131nda d\u00fc\u015ft\u00fc\u011f\u00fcn\u00fc a\u00e7\u0131klad\u0131. \u0130\u00e7inde 20 personelin bulundu\u011fu u\u00e7akla ilgili arama-kurtarma \u00e7al\u0131\u015fmalar\u0131n\u0131n G\u00fcrcistan ve Azerbaycan makamlar\u0131yla koordineli \u015fekilde y\u00fcr\u00fct\u00fcld\u00fc\u011f\u00fc bildirildi. Cumhurba\u015fkan\u0131 Erdo\u011fan ve Azerbaycan Cumhurba\u015fkan\u0131 Aliyev kazayla ilgili taziye mesaj\u0131 yay\u0131mlad\u0131. \u0130\u00e7i\u015fleri Bakan\u0131 Ali Yerlikaya da G\u00fcrcistanl\u0131 mevkida\u015f\u0131yla g\u00f6r\u00fc\u015ft\u00fc\u011f\u00fcn\u00fc [&hellip;]<\/p>\n","protected":false},"author":1,"featured_media":822,"comment_status":"open","ping_status":"open","sticky":false,"template":"","format":"standard","meta":{"footnotes":""},"categories":[5,7],"tags":[],"class_list":["post-821","post","type-post","status-publish","format-standard","has-post-thumbnail","hentry","category-gundem","category-turkiye"],"_links":{"self":[{"href":"https:\/\/www.kirsehirses.com\/index.php\/wp-json\/wp\/v2\/posts\/821","targetHints":{"allow":["GET"]}}],"collection":[{"href":"https:\/\/www.kirsehirses.com\/index.php\/wp-json\/wp\/v2\/posts"}],"about":[{"href":"https:\/\/www.kirsehirses.com\/index.php\/wp-json\/wp\/v2\/types\/post"}],"author":[{"embeddable":true,"href":"https:\/\/www.kirsehirses.com\/index.php\/wp-json\/wp\/v2\/users\/1"}],"replies":[{"embeddable":true,"href":"https:\/\/www.kirsehirses.com\/index.php\/wp-json\/wp\/v2\/comments?post=821"}],"version-history":[{"count":1,"href":"https:\/\/www.kirsehirses.com\/index.php\/wp-json\/wp\/v2\/posts\/821\/revisions"}],"predecessor-version":[{"id":823,"href":"https:\/\/www.kirsehirses.com\/index.php\/wp-json\/wp\/v2\/posts\/821\/revisions\/823"}],"wp:featuredmedia":[{"embeddable":true,"href":"https:\/\/www.kirsehirses.com\/index.php\/wp-json\/wp\/v2\/media\/822"}],"wp:attachment":[{"href":"https:\/\/www.kirsehirses.com\/index.php\/wp-json\/wp\/v2\/media?parent=821"}],"wp:term":[{"taxonomy":"category","embeddable":true,"href":"https:\/\/www.kirsehirses.com\/index.php\/wp-json\/wp\/v2\/categories?post=821"},{"taxonomy":"post_tag","embeddable":true,"href":"https:\/\/www.kirsehirses.com\/index.php\/wp-json\/wp\/v2\/tags?post=821"}],"curies":[{"name":"wp","href":"https:\/\/api.w.org\/{rel}","templated":true}]}}