{"id":825,"date":"2025-11-15T03:53:21","date_gmt":"2025-11-15T00:53:21","guid":{"rendered":"https:\/\/www.kirsehirses.com\/?p=825"},"modified":"2025-11-15T03:53:21","modified_gmt":"2025-11-15T00:53:21","slug":"kirsehirde-2-bin-fidan-toprakla-bulustu","status":"publish","type":"post","link":"https:\/\/www.kirsehirses.com\/index.php\/2025\/11\/15\/kirsehirde-2-bin-fidan-toprakla-bulustu\/","title":{"rendered":"K\u0131r\u015fehir&#8217;de 2 Bin Fidan Toprakla Bulu\u015ftu"},"content":{"rendered":"<p>11 Kas\u0131m Milli A\u011fa\u00e7land\u0131rma G\u00fcn\u00fc kapsam\u0131nda K\u0131r\u015fehir\u2019de A\u015f\u0131kpa\u015fa Tabiat Park\u0131\u2019nda d\u00fczenlenen etkinlikte 2 bin fidan toprakla bulu\u015fturuldu. Etkinli\u011fe K\u0131r\u015fehir Valisi Murat Sefa Demiry\u00fcrek\u2019in yan\u0131 s\u0131ra kurum m\u00fcd\u00fcrleri, g\u00fcvenlik g\u00fc\u00e7leri, \u00f6\u011frenciler ve vatanda\u015flar kat\u0131ld\u0131.<\/p>\n<p>\u201c\u015eahidimiz toprak, imzam\u0131z fidan, sevdam\u0131z ye\u015fil vatan\u201d slogan\u0131yla ger\u00e7ekle\u015ftirilen etkinlikte konu\u015fan Vali Demiry\u00fcrek, \u201cSon 20 y\u0131lda K\u0131r\u015fehir\u2019in orman varl\u0131\u011f\u0131 y\u00fczde 3,9\u2019dan y\u00fczde 7,2\u2019ye \u00e7\u0131kt\u0131. Bu ba\u015far\u0131 hepimizin katk\u0131s\u0131yla sa\u011fland\u0131\u201d dedi.<\/p>\n<p>Orman \u0130\u015fletme M\u00fcd\u00fcrl\u00fc\u011f\u00fc taraf\u0131ndan y\u0131l sonuna kadar il genelinde toplam 470 bin fidan\u0131n dikilmesi hedefleniyor. Vatanda\u015flar\u0131n yo\u011fun ilgi g\u00f6sterdi\u011fi etkinlik, fidan dikimiyle sona erdi.<\/p>\n","protected":false},"excerpt":{"rendered":"<p>11 Kas\u0131m Milli A\u011fa\u00e7land\u0131rma G\u00fcn\u00fc kapsam\u0131nda K\u0131r\u015fehir\u2019de A\u015f\u0131kpa\u015fa Tabiat Park\u0131\u2019nda d\u00fczenlenen etkinlikte 2 bin fidan toprakla bulu\u015fturuldu. Etkinli\u011fe K\u0131r\u015fehir Valisi Murat Sefa Demiry\u00fcrek\u2019in yan\u0131 s\u0131ra kurum m\u00fcd\u00fcrleri, g\u00fcvenlik g\u00fc\u00e7leri, \u00f6\u011frenciler ve vatanda\u015flar kat\u0131ld\u0131. \u201c\u015eahidimiz toprak, imzam\u0131z fidan, sevdam\u0131z ye\u015fil vatan\u201d slogan\u0131yla ger\u00e7ekle\u015ftirilen etkinlikte konu\u015fan Vali Demiry\u00fcrek, \u201cSon 20 y\u0131lda K\u0131r\u015fehir\u2019in orman varl\u0131\u011f\u0131 y\u00fczde 3,9\u2019dan y\u00fczde [&hellip;]<\/p>\n","protected":false},"author":1,"featured_media":826,"comment_status":"open","ping_status":"open","sticky":false,"template":"","format":"standard","meta":{"footnotes":""},"categories":[6,8],"tags":[],"class_list":["post-825","post","type-post","status-publish","format-standard","has-post-thumbnail","hentry","category-dunya","category-kirsehir"],"_links":{"self":[{"href":"https:\/\/www.kirsehirses.com\/index.php\/wp-json\/wp\/v2\/posts\/825","targetHints":{"allow":["GET"]}}],"collection":[{"href":"https:\/\/www.kirsehirses.com\/index.php\/wp-json\/wp\/v2\/posts"}],"about":[{"href":"https:\/\/www.kirsehirses.com\/index.php\/wp-json\/wp\/v2\/types\/post"}],"author":[{"embeddable":true,"href":"https:\/\/www.kirsehirses.com\/index.php\/wp-json\/wp\/v2\/users\/1"}],"replies":[{"embeddable":true,"href":"https:\/\/www.kirsehirses.com\/index.php\/wp-json\/wp\/v2\/comments?post=825"}],"version-history":[{"count":1,"href":"https:\/\/www.kirsehirses.com\/index.php\/wp-json\/wp\/v2\/posts\/825\/revisions"}],"predecessor-version":[{"id":827,"href":"https:\/\/www.kirsehirses.com\/index.php\/wp-json\/wp\/v2\/posts\/825\/revisions\/827"}],"wp:featuredmedia":[{"embeddable":true,"href":"https:\/\/www.kirsehirses.com\/index.php\/wp-json\/wp\/v2\/media\/826"}],"wp:attachment":[{"href":"https:\/\/www.kirsehirses.com\/index.php\/wp-json\/wp\/v2\/media?parent=825"}],"wp:term":[{"taxonomy":"category","embeddable":true,"href":"https:\/\/www.kirsehirses.com\/index.php\/wp-json\/wp\/v2\/categories?post=825"},{"taxonomy":"post_tag","embeddable":true,"href":"https:\/\/www.kirsehirses.com\/index.php\/wp-json\/wp\/v2\/tags?post=825"}],"curies":[{"name":"wp","href":"https:\/\/api.w.org\/{rel}","templated":true}]}}