{"id":828,"date":"2025-11-15T03:56:56","date_gmt":"2025-11-15T00:56:56","guid":{"rendered":"https:\/\/www.kirsehirses.com\/?p=828"},"modified":"2025-11-15T03:56:56","modified_gmt":"2025-11-15T00:56:56","slug":"mkeden-kirsehire-fabrika-yatirimi-personel-alimi-basladi","status":"publish","type":"post","link":"https:\/\/www.kirsehirses.com\/index.php\/2025\/11\/15\/mkeden-kirsehire-fabrika-yatirimi-personel-alimi-basladi\/","title":{"rendered":"MKE&#8217;den K\u0131r\u015fehir&#8217;e Fabrika Yat\u0131r\u0131m\u0131: &#8220;Personel Al\u0131m\u0131 Ba\u015flad\u0131"},"content":{"rendered":"<p>K\u0131r\u015fehir Milletvekili Necmettin Erkan, Makine ve Kimya End\u00fcstrisi A.\u015e. (MKE) taraf\u0131ndan K\u0131r\u015fehir\u2019de kurulacak fabrika i\u00e7in personel al\u0131m\u0131 s\u00fcrecinin ba\u015flat\u0131ld\u0131\u011f\u0131n\u0131 duyurdu.<\/p>\n<p>Savunma sanayisinin yerli \u00fcretim g\u00fcc\u00fcn\u00fc art\u0131racak fabrikan\u0131n, K\u0131r\u015fehir\u2019de istihdam\u0131 g\u00fc\u00e7lendirece\u011fini ve \u015fehri stratejik \u00fcretim merkezlerinden biri haline getirece\u011fini belirten Erkan, t\u00fcm hem\u015fehrilerini bu \u00f6nemli istihdam f\u0131rsat\u0131ndan yararlanmaya davet etti.<\/p>\n<p>Milletvekili Erkan, yat\u0131r\u0131m\u0131 K\u0131r\u015fehir\u2019e kazand\u0131ran Cumhurba\u015fkan\u0131 Recep Tayyip Erdo\u011fan ve Milli Savunma Bakan\u0131 Ya\u015far G\u00fcler\u2019e te\u015fekk\u00fcr etti.<\/p>\n<p>AK Parti K\u0131r\u015fehir \u0130l Ba\u015fkan\u0131 Seher \u00dcnsal\u2019da konuyla ilgili yapt\u0131\u011f\u0131 a\u00e7\u0131klamada; \u201cBu \u00f6nemli yat\u0131r\u0131m s\u00fcrecinde desteklerini esirgemeyen ba\u015fta Cumhurba\u015fkan\u0131m\u0131z Say\u0131n Recep Tayyip Erdo\u011fan\u2019a, Mill\u00ee Savunma Bakan\u0131m\u0131z Say\u0131n Ya\u015far G\u00fcler\u2019e, K\u0131r\u015fehir Valimiz Say\u0131n Murat Sefa Demiry\u00fcrek\u2019e ve K\u0131r\u015fehir Milletvekilimiz Say\u0131n Necmettin Erkan\u2019a g\u00f6n\u00fclden te\u015fekk\u00fcr ediyoruz.\u201d ifadelerini kulland\u0131. Ba\u015fvuru yapmak isteyenler, a\u015fa\u011f\u0131daki link \u00fczerinden form doldurarak s\u00fcrece kat\u0131labilir:<\/p>\n<p>https:\/\/www.mke.gov.tr\/Duyurular\/MAVI-KADRO-PERSONEL-ALIMI<\/p>\n","protected":false},"excerpt":{"rendered":"<p>K\u0131r\u015fehir Milletvekili Necmettin Erkan, Makine ve Kimya End\u00fcstrisi A.\u015e. (MKE) taraf\u0131ndan K\u0131r\u015fehir\u2019de kurulacak fabrika i\u00e7in personel al\u0131m\u0131 s\u00fcrecinin ba\u015flat\u0131ld\u0131\u011f\u0131n\u0131 duyurdu. Savunma sanayisinin yerli \u00fcretim g\u00fcc\u00fcn\u00fc art\u0131racak fabrikan\u0131n, K\u0131r\u015fehir\u2019de istihdam\u0131 g\u00fc\u00e7lendirece\u011fini ve \u015fehri stratejik \u00fcretim merkezlerinden biri haline getirece\u011fini belirten Erkan, t\u00fcm hem\u015fehrilerini bu \u00f6nemli istihdam f\u0131rsat\u0131ndan yararlanmaya davet etti. Milletvekili Erkan, yat\u0131r\u0131m\u0131 K\u0131r\u015fehir\u2019e kazand\u0131ran Cumhurba\u015fkan\u0131 [&hellip;]<\/p>\n","protected":false},"author":1,"featured_media":829,"comment_status":"open","ping_status":"open","sticky":false,"template":"","format":"standard","meta":{"footnotes":""},"categories":[2,8,7],"tags":[],"class_list":["post-828","post","type-post","status-publish","format-standard","has-post-thumbnail","hentry","category-ekonomi","category-kirsehir","category-turkiye"],"_links":{"self":[{"href":"https:\/\/www.kirsehirses.com\/index.php\/wp-json\/wp\/v2\/posts\/828","targetHints":{"allow":["GET"]}}],"collection":[{"href":"https:\/\/www.kirsehirses.com\/index.php\/wp-json\/wp\/v2\/posts"}],"about":[{"href":"https:\/\/www.kirsehirses.com\/index.php\/wp-json\/wp\/v2\/types\/post"}],"author":[{"embeddable":true,"href":"https:\/\/www.kirsehirses.com\/index.php\/wp-json\/wp\/v2\/users\/1"}],"replies":[{"embeddable":true,"href":"https:\/\/www.kirsehirses.com\/index.php\/wp-json\/wp\/v2\/comments?post=828"}],"version-history":[{"count":1,"href":"https:\/\/www.kirsehirses.com\/index.php\/wp-json\/wp\/v2\/posts\/828\/revisions"}],"predecessor-version":[{"id":830,"href":"https:\/\/www.kirsehirses.com\/index.php\/wp-json\/wp\/v2\/posts\/828\/revisions\/830"}],"wp:featuredmedia":[{"embeddable":true,"href":"https:\/\/www.kirsehirses.com\/index.php\/wp-json\/wp\/v2\/media\/829"}],"wp:attachment":[{"href":"https:\/\/www.kirsehirses.com\/index.php\/wp-json\/wp\/v2\/media?parent=828"}],"wp:term":[{"taxonomy":"category","embeddable":true,"href":"https:\/\/www.kirsehirses.com\/index.php\/wp-json\/wp\/v2\/categories?post=828"},{"taxonomy":"post_tag","embeddable":true,"href":"https:\/\/www.kirsehirses.com\/index.php\/wp-json\/wp\/v2\/tags?post=828"}],"curies":[{"name":"wp","href":"https:\/\/api.w.org\/{rel}","templated":true}]}}